{"id":2992,"date":"2026-06-30T13:58:44","date_gmt":"2026-06-30T11:58:44","guid":{"rendered":"https:\/\/droitemoderniste.be\/?p=2992"},"modified":"2026-06-30T13:58:44","modified_gmt":"2026-06-30T11:58:44","slug":"lair-du-temps-est-mur-pour-une-percee-de-la-vox-populi","status":"publish","type":"post","link":"https:\/\/droitemoderniste.be\/index.php\/2026\/06\/30\/lair-du-temps-est-mur-pour-une-percee-de-la-vox-populi\/","title":{"rendered":"L&rsquo;air du temps est m\u00fbr pour une perc\u00e9e de la vox populi"},"content":{"rendered":"\n<figure class=\"wp-block-image size-full\"><img loading=\"lazy\" decoding=\"async\" width=\"600\" height=\"337\" src=\"https:\/\/droitemoderniste.be\/wp-content\/uploads\/2026\/06\/Mohamed-Toujgani-2016-1.webp\" alt=\"\" class=\"wp-image-2993\" srcset=\"https:\/\/droitemoderniste.be\/wp-content\/uploads\/2026\/06\/Mohamed-Toujgani-2016-1.webp 600w, https:\/\/droitemoderniste.be\/wp-content\/uploads\/2026\/06\/Mohamed-Toujgani-2016-1-300x169.webp 300w\" sizes=\"auto, (max-width: 600px) 100vw, 600px\" \/><\/figure>\n\n\n\n<p class=\"wp-block-paragraph\">Pas besoin de consulter les Belges par r\u00e9f\u00e9rendum pour savoir ce qu\u2019ils veulent&nbsp;: un durcissement de la loi, qu\u2019ils jugent trop laxiste, trop g\u00e9n\u00e9reuse pour les immigr\u00e9s. Ceux qui arrivent par bateau \u00e0 Lampedusa l\u2019avouent&nbsp;: ils viennent en Belgique car ils ont entendu parler chez eux, \u00e0 la t\u00e9l\u00e9vision, des largesses sans \u00e9gales de notre pays de cocagne (h\u00e9las parmi les plus endett\u00e9s de l\u2019OCDE). Leur motivation premi\u00e8re n\u2019est pas le travail.<\/p>\n\n\n\n<p class=\"wp-block-paragraph\">La r\u00e9vision de notre l\u00e9gislation sur l\u2019immigration provoque de fortes dissensions au sein des assembl\u00e9es r\u00e9gionales et f\u00e9d\u00e9rale o\u00f9 la question porte sur le sujet particuli\u00e8rement clivant de la \u00ab&nbsp;pr\u00e9f\u00e9rence nationale&nbsp;\u00bb.<\/p>\n\n\n\n<p class=\"wp-block-paragraph\">Allez donc parler de pr\u00e9f\u00e9rence nationale aux Belges de souche qui vivent dans des logements insalubres quand ils constatent que les familles immigr\u00e9es et les nouveaux r\u00e9fugi\u00e9s de&nbsp; l\u2019Est obtiennent toutes des aides auxquelles, eux, n\u2019ont jamais droit.<\/p>\n\n\n\n<p class=\"wp-block-paragraph\">Partout en Europe, les forces islamo-gauchistes tentent de faire dispara\u00eetre nos fronti\u00e8res, notre identit\u00e9 historique, notre nationalit\u00e9 particuli\u00e8re, nos traditions, bref, ce que nous sommes&nbsp;: \u00e0 Charleroi, le bourgmestre a effac\u00e9 No\u00ebl pour un \u00ab&nbsp;voyage en hiver&nbsp;\u00bb multiculturel&nbsp;; \u00e0 Bruxelles, le bourgmestre veut un \u00ab&nbsp;Saint-Nicolas inclusif&nbsp;\u00bb rebaptis\u00e9 \u00ab&nbsp;Sidi Nicolas&nbsp;\u00bb&nbsp;; \u00e0 Li\u00e8ge, on proclame le \u00ab&nbsp;Bel Hiver de retour&nbsp;\u00bb, au milieu de textes en \u00e9criture inclusive.<\/p>\n\n\n\n<p class=\"wp-block-paragraph\">Ces d\u00e9rives se r\u00e9v\u00e8lent au grand jour alors que l\u2019immigration de masse et l\u2019islamisation de notre patrie progressent \u00e0 pas de g\u00e9ants. Comment, d\u00e8s lors, pr\u00e9tendre assimiler quand nous n\u2019avons plus rien \u00e0 offrir&nbsp;?<\/p>\n\n\n\n<p class=\"wp-block-paragraph\">A ne pas vouloir analyser le pourquoi des inqui\u00e9tudes, tout en continuant \u00e0 faire injonction aux d\u00e9munis d\u2019accueillir plus d\u00e9muni qu\u2019eux, les progressistes ne sont pas pr\u00e8s d\u2019arr\u00eater ce mouvement mortif\u00e8re qui, dans nombre de pays d\u2019Europe, am\u00e8ne l\u2019extr\u00eame droite \u00e0 devenir le recours politique de cat\u00e9gories populaires en souffrance.<\/p>\n\n\n\n<p class=\"wp-block-paragraph\">Depuis des d\u00e9cennies, les Belges quittent peu \u00e0 peu le navire, s\u00e9duits par l\u2019abstention. Conscients que la d\u00e9mocratie leur est confisqu\u00e9e. Partout autour d\u2019eux, la grisaille de la \u00ab&nbsp;particratie&nbsp;\u00bb, et de ses avortons et de ses rat\u00e9s qui grouillent, grenouillent, chapardent, paradent.<\/p>\n\n\n\n<p class=\"wp-block-paragraph\">De toute fa\u00e7on, l\u2019air du temps est m\u00fbr pour une perc\u00e9e de la vox populi&nbsp;: l\u2019opinion publique est exasp\u00e9r\u00e9e&nbsp; par la domination culturelle de la gauche.<\/p>\n\n\n\n<p class=\"wp-block-paragraph\">En vertu du droit \u00e0 la diff\u00e9rence, il faudrait en finir avec la nation, le Royaume et ses fronti\u00e8res qui broieraient nos identit\u00e9s. Il n\u2019est que temps de nous reprendre mais, Dieu merci, le jour se l\u00e8ve&nbsp;: depuis quelques semaines, dans notre vieil Occident, beaucoup d\u2019yeux chassieux se sont dessill\u00e9s et d\u2019esprits \u00e9volu\u00e9s, r\u00e9veill\u00e9s.<\/p>\n","protected":false},"excerpt":{"rendered":"<p>Pas besoin de consulter les Belges par r\u00e9f\u00e9rendum pour savoir ce qu\u2019ils veulent&nbsp;: un durcissement de la loi, qu\u2019ils jugent trop laxiste, trop g\u00e9n\u00e9reuse pour les immigr\u00e9s. Ceux qui arrivent par bateau \u00e0 Lampedusa l\u2019avouent&nbsp;: ils viennent en Belgique car ils ont entendu parler chez eux, \u00e0 la t\u00e9l\u00e9vision, des largesses sans \u00e9gales de notre [&hellip;]<\/p>\n","protected":false},"author":1,"featured_media":0,"comment_status":"open","ping_status":"open","sticky":false,"template":"","format":"standard","meta":{"_monsterinsights_skip_tracking":false,"_uf_show_specific_survey":0,"_uf_disable_surveys":false,"footnotes":""},"categories":[1],"tags":[],"class_list":["post-2992","post","type-post","status-publish","format-standard","hentry","category-immigration"],"_links":{"self":[{"href":"https:\/\/droitemoderniste.be\/index.php\/wp-json\/wp\/v2\/posts\/2992","targetHints":{"allow":["GET"]}}],"collection":[{"href":"https:\/\/droitemoderniste.be\/index.php\/wp-json\/wp\/v2\/posts"}],"about":[{"href":"https:\/\/droitemoderniste.be\/index.php\/wp-json\/wp\/v2\/types\/post"}],"author":[{"embeddable":true,"href":"https:\/\/droitemoderniste.be\/index.php\/wp-json\/wp\/v2\/users\/1"}],"replies":[{"embeddable":true,"href":"https:\/\/droitemoderniste.be\/index.php\/wp-json\/wp\/v2\/comments?post=2992"}],"version-history":[{"count":1,"href":"https:\/\/droitemoderniste.be\/index.php\/wp-json\/wp\/v2\/posts\/2992\/revisions"}],"predecessor-version":[{"id":2994,"href":"https:\/\/droitemoderniste.be\/index.php\/wp-json\/wp\/v2\/posts\/2992\/revisions\/2994"}],"wp:attachment":[{"href":"https:\/\/droitemoderniste.be\/index.php\/wp-json\/wp\/v2\/media?parent=2992"}],"wp:term":[{"taxonomy":"category","embeddable":true,"href":"https:\/\/droitemoderniste.be\/index.php\/wp-json\/wp\/v2\/categories?post=2992"},{"taxonomy":"post_tag","embeddable":true,"href":"https:\/\/droitemoderniste.be\/index.php\/wp-json\/wp\/v2\/tags?post=2992"}],"curies":[{"name":"wp","href":"https:\/\/api.w.org\/{rel}","templated":true}]}}