{"id":2988,"date":"2026-06-28T14:17:08","date_gmt":"2026-06-28T12:17:08","guid":{"rendered":"https:\/\/droitemoderniste.be\/?p=2988"},"modified":"2026-06-28T14:17:08","modified_gmt":"2026-06-28T12:17:08","slug":"fusillades-a-gogo-et-zones-de-non-droit-le-deni-detat","status":"publish","type":"post","link":"https:\/\/droitemoderniste.be\/index.php\/2026\/06\/28\/fusillades-a-gogo-et-zones-de-non-droit-le-deni-detat\/","title":{"rendered":"Fusillades \u00e0 gogo et zones de non-droit : le d\u00e9ni d\u2019\u00c9tat"},"content":{"rendered":"\n<figure class=\"wp-block-image size-full\"><img loading=\"lazy\" decoding=\"async\" width=\"275\" height=\"183\" src=\"https:\/\/droitemoderniste.be\/wp-content\/uploads\/2026\/06\/fusillade-BXL.jpg\" alt=\"\" class=\"wp-image-2989\"\/><\/figure>\n\n\n\n<p class=\"wp-block-paragraph\">Il faut cesser de tourner autour des mots. Ce que certains appellent pudiquement \u00ab quartiers sensibles \u00bb ou \u00ab territoires fragilis\u00e9s \u00bb sont, dans les faits, des zones o\u00f9 l\u2019\u00c9tat recule. Des zones o\u00f9 l\u2019autorit\u00e9 publique est contest\u00e9e, contourn\u00e9e, parfois ouvertement d\u00e9fi\u00e9e. Des zones, oui, de non-droit \u2014 non pas parce qu\u2019aucune r\u00e8gle n\u2019y existe, mais parce que celles de la Belgique y sont concurrenc\u00e9es, voire remplac\u00e9es.<\/p>\n\n\n\n<p class=\"wp-block-paragraph\">Le d\u00e9ni est devenu une politique. Pendant des ann\u00e9es, une partie du monde politique et m\u00e9diatique a refus\u00e9 de voir. Par peur de stigmatiser, par calcul \u00e9lectoral, ou par confort id\u00e9ologique. R\u00e9sultat : une situation qui s\u2019enkyste, des territoires qui s\u2019isolent, et une loi commune qui cesse d\u2019\u00eatre\u2026 commune.<\/p>\n\n\n\n<p class=\"wp-block-paragraph\">Dans ces quartiers, chacun sait. Les habitants d\u2019abord, qui composent avec une ins\u00e9curit\u00e9 diffuse, des trafics install\u00e9s, des pressions quotidiennes. Les forces de l\u2019ordre ensuite, contraintes d\u2019adapter leurs interventions \u00e0 un rapport de force devenu d\u00e9favorable. Les services publics enfin, qui r\u00e9duisent leur pr\u00e9sence ou d\u00e9sertent progressivement. L\u2019\u00c9tat n\u2019a pas disparu : il recule, m\u00e8tre par m\u00e8tre.<\/p>\n\n\n\n<p class=\"wp-block-paragraph\">Ce recul n\u2019est pas un accident. Il est la cons\u00e9quence directe de renoncements accumul\u00e9s. Renoncement \u00e0 faire respecter les r\u00e8gles, renoncement \u00e0 exiger l\u2019int\u00e9gration, renoncement \u00e0 sanctionner effectivement les d\u00e9rives. \u00c0 force de tol\u00e9rer l\u2019inacceptable, on finit par l\u2019institutionnaliser.<\/p>\n\n\n\n<p class=\"wp-block-paragraph\">Et pendant ce temps, d\u2019autres normes s\u2019installent. Des normes de fait, impos\u00e9es par la loi du plus fort, par l\u2019\u00e9conomie parall\u00e8le, ou par des logiques communautaires qui fragmentent l\u2019espace public. L\u00e0 o\u00f9 l\u2019\u00c9tat h\u00e9site, d\u2019autres prennent la place. Ce n\u2019est pas un vide : c\u2019est une substitution.<\/p>\n\n\n\n<p class=\"wp-block-paragraph\">Il ne s\u2019agit plus seulement d\u2019un probl\u00e8me de s\u00e9curit\u00e9. Il s\u2019agit d\u2019un probl\u00e8me de souverainet\u00e9. Un \u00c9tat qui ne garantit plus l\u2019application uniforme de la loi abdique une part de sa fonction premi\u00e8re. Une soci\u00e9t\u00e9 qui accepte des r\u00e8gles diff\u00e9rentes selon les territoires renonce \u00e0 son unit\u00e9.<\/p>\n\n\n\n<p class=\"wp-block-paragraph\">La r\u00e9ponse ne peut plus \u00eatre ti\u00e8de. Elle doit \u00eatre claire, ferme, et assum\u00e9e. R\u00e9tablir l\u2019autorit\u00e9 de l\u2019\u00c9tat, partout, sans exception. Cela suppose des moyens, bien s\u00fbr, mais surtout une volont\u00e9 politique qui ne tremble pas. La loi doit redevenir la norme incontestable, et sa violation, entra\u00eener des cons\u00e9quences r\u00e9elles, visibles, syst\u00e9matiques.<\/p>\n\n\n\n<p class=\"wp-block-paragraph\">Mais il faut aussi rompre avec une illusion dangereuse : celle d\u2019une int\u00e9gration automatique. L\u2019int\u00e9gration n\u2019est pas un processus spontan\u00e9. Elle suppose une exigence. Elle implique des devoirs. Elle n\u00e9cessite une adh\u00e9sion explicite aux r\u00e8gles communes. L\u00e0 o\u00f9 cette adh\u00e9sion fait d\u00e9faut, il faut avoir le courage de le dire \u2014 et d\u2019agir en cons\u00e9quence.<\/p>\n\n\n\n<p class=\"wp-block-paragraph\">Continuer \u00e0 nier, c\u2019est laisser ces zones s\u2019\u00e9tendre. C\u2019est accepter une fragmentation progressive du territoire. C\u2019est, au fond, organiser le recul de l\u2019\u00c9tat sans jamais l\u2019assumer.<\/p>\n\n\n\n<p class=\"wp-block-paragraph\">La question n\u2019est donc plus de savoir si ces zones existent. Elles existent. La seule question est de savoir si nous sommes encore capables d\u2019y r\u00e9tablir l\u2019ordre belge \u2014 ou si nous avons d\u00e9j\u00e0 accept\u00e9 d\u2019y renoncer.<\/p>\n","protected":false},"excerpt":{"rendered":"<p>Il faut cesser de tourner autour des mots. Ce que certains appellent pudiquement \u00ab quartiers sensibles \u00bb ou \u00ab territoires fragilis\u00e9s \u00bb sont, dans les faits, des zones o\u00f9 l\u2019\u00c9tat recule. Des zones o\u00f9 l\u2019autorit\u00e9 publique est contest\u00e9e, contourn\u00e9e, parfois ouvertement d\u00e9fi\u00e9e. Des zones, oui, de non-droit \u2014 non pas parce qu\u2019aucune r\u00e8gle n\u2019y existe, [&hellip;]<\/p>\n","protected":false},"author":1,"featured_media":0,"comment_status":"open","ping_status":"open","sticky":false,"template":"","format":"standard","meta":{"_monsterinsights_skip_tracking":false,"_uf_show_specific_survey":0,"_uf_disable_surveys":false,"footnotes":""},"categories":[32],"tags":[],"class_list":["post-2988","post","type-post","status-publish","format-standard","hentry","category-securite-publique"],"_links":{"self":[{"href":"https:\/\/droitemoderniste.be\/index.php\/wp-json\/wp\/v2\/posts\/2988","targetHints":{"allow":["GET"]}}],"collection":[{"href":"https:\/\/droitemoderniste.be\/index.php\/wp-json\/wp\/v2\/posts"}],"about":[{"href":"https:\/\/droitemoderniste.be\/index.php\/wp-json\/wp\/v2\/types\/post"}],"author":[{"embeddable":true,"href":"https:\/\/droitemoderniste.be\/index.php\/wp-json\/wp\/v2\/users\/1"}],"replies":[{"embeddable":true,"href":"https:\/\/droitemoderniste.be\/index.php\/wp-json\/wp\/v2\/comments?post=2988"}],"version-history":[{"count":1,"href":"https:\/\/droitemoderniste.be\/index.php\/wp-json\/wp\/v2\/posts\/2988\/revisions"}],"predecessor-version":[{"id":2990,"href":"https:\/\/droitemoderniste.be\/index.php\/wp-json\/wp\/v2\/posts\/2988\/revisions\/2990"}],"wp:attachment":[{"href":"https:\/\/droitemoderniste.be\/index.php\/wp-json\/wp\/v2\/media?parent=2988"}],"wp:term":[{"taxonomy":"category","embeddable":true,"href":"https:\/\/droitemoderniste.be\/index.php\/wp-json\/wp\/v2\/categories?post=2988"},{"taxonomy":"post_tag","embeddable":true,"href":"https:\/\/droitemoderniste.be\/index.php\/wp-json\/wp\/v2\/tags?post=2988"}],"curies":[{"name":"wp","href":"https:\/\/api.w.org\/{rel}","templated":true}]}}