{"id":2984,"date":"2026-06-25T11:28:58","date_gmt":"2026-06-25T09:28:58","guid":{"rendered":"https:\/\/droitemoderniste.be\/?p=2984"},"modified":"2026-06-25T11:28:58","modified_gmt":"2026-06-25T09:28:58","slug":"lecole-est-devenue-lun-des-mecanismes-les-plus-efficaces-de-reproduction-des-inegalites","status":"publish","type":"post","link":"https:\/\/droitemoderniste.be\/index.php\/2026\/06\/25\/lecole-est-devenue-lun-des-mecanismes-les-plus-efficaces-de-reproduction-des-inegalites\/","title":{"rendered":"L\u2019\u00e9cole est devenue l\u2019un des m\u00e9canismes les plus efficaces de reproduction des in\u00e9galit\u00e9s"},"content":{"rendered":"\n<figure class=\"wp-block-image size-full\"><img loading=\"lazy\" decoding=\"async\" width=\"348\" height=\"145\" src=\"https:\/\/droitemoderniste.be\/wp-content\/uploads\/2026\/06\/ecole-belge.jpg\" alt=\"\" class=\"wp-image-2985\" srcset=\"https:\/\/droitemoderniste.be\/wp-content\/uploads\/2026\/06\/ecole-belge.jpg 348w, https:\/\/droitemoderniste.be\/wp-content\/uploads\/2026\/06\/ecole-belge-300x125.jpg 300w\" sizes=\"auto, (max-width: 348px) 100vw, 348px\" \/><\/figure>\n\n\n\n<p class=\"wp-block-paragraph\">On continue, en Belgique, \u00e0 parler de l\u2019\u00e9cole comme d\u2019un ascenseur social. Mais les chiffres racontent une toute autre histoire : l\u2019\u00e9cole est devenue l\u2019un des m\u00e9canismes les plus efficaces de reproduction des in\u00e9galit\u00e9s.<\/p>\n\n\n\n<p class=\"wp-block-paragraph\">Selon les enqu\u00eates PISA de l\u2019OCDE, la Belgique figure parmi les pays o\u00f9 l\u2019origine socio-\u00e9conomique p\u00e8se le plus lourd sur les performances scolaires. Concr\u00e8tement, l\u2019\u00e9cart entre un \u00e9l\u00e8ve issu d\u2019un milieu favoris\u00e9 et un \u00e9l\u00e8ve issu d\u2019un milieu d\u00e9favoris\u00e9 y est l\u2019un des plus \u00e9lev\u00e9s d\u2019Europe. Ce n\u2019est pas une d\u00e9rive marginale. C\u2019est une caract\u00e9ristique structurelle.<\/p>\n\n\n\n<p class=\"wp-block-paragraph\">Et cette r\u00e9alit\u00e9 commence tr\u00e8s t\u00f4t.<\/p>\n\n\n\n<p class=\"wp-block-paragraph\">D\u00e8s l\u2019entr\u00e9e en primaire, les \u00e9carts de ma\u00eetrise du fran\u00e7ais sont massifs. Dans certaines \u00e9coles bruxelloises, une majorit\u00e9 d\u2019\u00e9l\u00e8ves ne parlent pas la langue d\u2019enseignement \u00e0 la maison. R\u00e9sultat : d\u00e8s les premi\u00e8res ann\u00e9es, une partie des \u00e9l\u00e8ves accumule un retard quasi irr\u00e9versible. On feint ensuite de s\u2019\u00e9tonner du d\u00e9crochage au secondaire.<\/p>\n\n\n\n<p class=\"wp-block-paragraph\">Mais le syst\u00e8me ne se contente pas de constater ces \u00e9carts. Il les organise.<\/p>\n\n\n\n<p class=\"wp-block-paragraph\">En F\u00e9d\u00e9ration Wallonie-Bruxelles, pr\u00e8s d\u2019un \u00e9l\u00e8ve sur deux a d\u00e9j\u00e0 redoubl\u00e9 au moins une fois avant la fin du secondaire. Le redoublement, pr\u00e9sent\u00e9 comme un outil p\u00e9dagogique, agit en r\u00e9alit\u00e9 comme un marqueur social : il touche de mani\u00e8re disproportionn\u00e9e les \u00e9l\u00e8ves issus de milieux populaires. Il ne corrige pas les in\u00e9galit\u00e9s, il les fige.<\/p>\n\n\n\n<p class=\"wp-block-paragraph\">Puis vient le moment de l\u2019orientation.<\/p>\n\n\n\n<p class=\"wp-block-paragraph\">Officiellement, il s\u2019agit de valoriser des fili\u00e8res diff\u00e9rentes. Dans les faits, il s\u2019agit d\u2019un tri. L\u2019enseignement g\u00e9n\u00e9ral concentre les \u00e9l\u00e8ves les plus favoris\u00e9s. Les fili\u00e8res techniques et professionnelles accueillent massivement les \u00e9l\u00e8ves issus de milieux pr\u00e9caris\u00e9s. Cette r\u00e9partition n\u2019est pas neutre : elle d\u00e9termine largement les trajectoires professionnelles futures.<\/p>\n\n\n\n<p class=\"wp-block-paragraph\">\u00c0 Bruxelles, ce ph\u00e9nom\u00e8ne prend une dimension encore plus marqu\u00e9e. Certaines \u00e9coles cumulent tous les indicateurs de fragilit\u00e9 : pauvret\u00e9, diversit\u00e9 linguistique, instabilit\u00e9 sociale. D\u2019autres, situ\u00e9es parfois \u00e0 quelques kilom\u00e8tres, pr\u00e9sentent des profils radicalement oppos\u00e9s. On ne parle plus d\u2019in\u00e9galit\u00e9s diffuses, mais de s\u00e9gr\u00e9gation scolaire.<\/p>\n\n\n\n<p class=\"wp-block-paragraph\">Les chiffres sont sans appel : la Belgique est r\u00e9guli\u00e8rement point\u00e9e comme l\u2019un des syst\u00e8mes \u00e9ducatifs les plus in\u00e9galitaires de l\u2019OCDE. Et pourtant, le d\u00e9bat politique reste \u00e9tonnamment timide.<\/p>\n\n\n\n<p class=\"wp-block-paragraph\">Pourquoi ?<\/p>\n\n\n\n<p class=\"wp-block-paragraph\">Parce que reconna\u00eetre cette r\u00e9alit\u00e9 oblige \u00e0 admettre que le probl\u00e8me ne se limite pas \u00e0 un manque de moyens ou \u00e0 des ajustements p\u00e9dagogiques. Il touche \u00e0 l\u2019architecture m\u00eame du syst\u00e8me.<\/p>\n\n\n\n<p class=\"wp-block-paragraph\">Libert\u00e9 totale de choix de l\u2019\u00e9cole, concurrence entre \u00e9tablissements, hi\u00e9rarchisation implicite des fili\u00e8res : autant de m\u00e9canismes qui, combin\u00e9s, produisent une machine \u00e0 trier. Les familles les mieux inform\u00e9es contournent les \u00e9coles r\u00e9put\u00e9es faibles. Les autres n\u2019ont pas cette option. Le r\u00e9sultat est connu d\u2019avance.<\/p>\n\n\n\n<p class=\"wp-block-paragraph\">Mais il y a plus grave encore.<\/p>\n\n\n\n<p class=\"wp-block-paragraph\">\u00c0 force de banaliser l\u2019\u00e9chec de certains publics, le syst\u00e8me finit par int\u00e9grer cette r\u00e9alit\u00e9 comme une norme. Dans certains \u00e9tablissements, voir une majorit\u00e9 d\u2019\u00e9l\u00e8ves en difficult\u00e9 n\u2019\u00e9tonne plus personne. L\u2019exigence s\u2019ajuste \u00e0 la baisse. L\u2019ambition dispara\u00eet. Et avec elle, toute perspective d\u2019\u00e9mancipation.<\/p>\n\n\n\n<p class=\"wp-block-paragraph\">C\u2019est l\u00e0 que la reproduction sociale devient pleinement visible : lorsque l\u2019\u00e9cole cesse d\u2019\u00eatre un lieu de rupture possible et devient un espace o\u00f9 les trajectoires h\u00e9rit\u00e9es se confirment.<\/p>\n\n\n\n<p class=\"wp-block-paragraph\">On parle souvent d\u2019\u00e9galit\u00e9 des chances. Mais une \u00e9galit\u00e9 des chances qui d\u00e9bouche syst\u00e9matiquement sur des r\u00e9sultats in\u00e9gaux n\u2019est pas une \u00e9galit\u00e9. C\u2019est une illusion.<\/p>\n\n\n\n<p class=\"wp-block-paragraph\">Et cette illusion a un co\u00fbt politique et social majeur.<\/p>\n\n\n\n<p class=\"wp-block-paragraph\">Une soci\u00e9t\u00e9 qui laisse s\u2019installer un tel niveau de d\u00e9terminisme fabrique m\u00e9caniquement de la frustration, du d\u00e9classement et de la d\u00e9fiance. Elle fragilise sa coh\u00e9sion et alimente ses propres tensions.<\/p>\n\n\n\n<p class=\"wp-block-paragraph\">Il ne s\u2019agit plus ici de corriger quelques dysfonctionnements. Il s\u2019agit de reconna\u00eetre que le syst\u00e8me produit ce qu\u2019il pr\u00e9tend combattre.<\/p>\n\n\n\n<p class=\"wp-block-paragraph\">Rompre avec cette logique implique des choix clairs : limiter la s\u00e9gr\u00e9gation entre \u00e9tablissements, retarder les orientations qui enferment, investir massivement dans la ma\u00eetrise de la langue d\u00e8s le plus jeune \u00e2ge, et restaurer une v\u00e9ritable exigence acad\u00e9mique pour tous.<\/p>\n\n\n\n<p class=\"wp-block-paragraph\">Mais surtout, cela suppose de sortir du d\u00e9ni.<\/p>\n\n\n\n<p class=\"wp-block-paragraph\">Car aujourd\u2019hui, en Belgique, l\u2019\u00e9chec scolaire n\u2019est pas seulement un probl\u00e8me \u00e9ducatif.<\/p>\n\n\n\n<p class=\"wp-block-paragraph\">C\u2019est un h\u00e9ritage qui se transmet.<\/p>\n","protected":false},"excerpt":{"rendered":"<p>On continue, en Belgique, \u00e0 parler de l\u2019\u00e9cole comme d\u2019un ascenseur social. Mais les chiffres racontent une toute autre histoire : l\u2019\u00e9cole est devenue l\u2019un des m\u00e9canismes les plus efficaces de reproduction des in\u00e9galit\u00e9s. Selon les enqu\u00eates PISA de l\u2019OCDE, la Belgique figure parmi les pays o\u00f9 l\u2019origine socio-\u00e9conomique p\u00e8se le plus lourd sur les [&hellip;]<\/p>\n","protected":false},"author":1,"featured_media":0,"comment_status":"open","ping_status":"open","sticky":false,"template":"","format":"standard","meta":{"_monsterinsights_skip_tracking":false,"_uf_show_specific_survey":0,"_uf_disable_surveys":false,"footnotes":""},"categories":[37,16,58],"tags":[],"class_list":["post-2984","post","type-post","status-publish","format-standard","hentry","category-ecole","category-jeunes","category-justice-scolaire"],"_links":{"self":[{"href":"https:\/\/droitemoderniste.be\/index.php\/wp-json\/wp\/v2\/posts\/2984","targetHints":{"allow":["GET"]}}],"collection":[{"href":"https:\/\/droitemoderniste.be\/index.php\/wp-json\/wp\/v2\/posts"}],"about":[{"href":"https:\/\/droitemoderniste.be\/index.php\/wp-json\/wp\/v2\/types\/post"}],"author":[{"embeddable":true,"href":"https:\/\/droitemoderniste.be\/index.php\/wp-json\/wp\/v2\/users\/1"}],"replies":[{"embeddable":true,"href":"https:\/\/droitemoderniste.be\/index.php\/wp-json\/wp\/v2\/comments?post=2984"}],"version-history":[{"count":1,"href":"https:\/\/droitemoderniste.be\/index.php\/wp-json\/wp\/v2\/posts\/2984\/revisions"}],"predecessor-version":[{"id":2986,"href":"https:\/\/droitemoderniste.be\/index.php\/wp-json\/wp\/v2\/posts\/2984\/revisions\/2986"}],"wp:attachment":[{"href":"https:\/\/droitemoderniste.be\/index.php\/wp-json\/wp\/v2\/media?parent=2984"}],"wp:term":[{"taxonomy":"category","embeddable":true,"href":"https:\/\/droitemoderniste.be\/index.php\/wp-json\/wp\/v2\/categories?post=2984"},{"taxonomy":"post_tag","embeddable":true,"href":"https:\/\/droitemoderniste.be\/index.php\/wp-json\/wp\/v2\/tags?post=2984"}],"curies":[{"name":"wp","href":"https:\/\/api.w.org\/{rel}","templated":true}]}}