{"id":2975,"date":"2026-06-22T08:14:03","date_gmt":"2026-06-22T06:14:03","guid":{"rendered":"https:\/\/droitemoderniste.be\/?p=2975"},"modified":"2026-06-22T08:21:35","modified_gmt":"2026-06-22T06:21:35","slug":"la-belgique-doit-retrouver-sa-fecondite","status":"publish","type":"post","link":"https:\/\/droitemoderniste.be\/index.php\/2026\/06\/22\/la-belgique-doit-retrouver-sa-fecondite\/","title":{"rendered":"La Belgique doit retrouver sa f\u00e9condit\u00e9"},"content":{"rendered":"\n<figure class=\"wp-block-image size-full\"><img loading=\"lazy\" decoding=\"async\" width=\"259\" height=\"194\" src=\"https:\/\/droitemoderniste.be\/wp-content\/uploads\/2026\/06\/fecondite.jpg\" alt=\"\" class=\"wp-image-2978\"\/><\/figure>\n\n\n\n<p class=\"wp-block-paragraph\"><strong>La Belgique change de peuple. Ce n&rsquo;est pas une trag\u00e9die, ce n&rsquo;est pas un crime, c&rsquo;est un constat. Mais ce constat, il faut le dire. Et ce constat nous oblige \u00e0 une question : comment emp\u00eacher que la Belgique change de peuple ?<\/strong><\/p>\n\n\n\n<p class=\"wp-block-paragraph\"><strong>La r\u00e9ponse est simple : une politique nataliste vigoureuse.<\/strong><\/p>\n\n\n\n<hr class=\"wp-block-separator has-alpha-channel-opacity\"\/>\n\n\n\n<h5 class=\"wp-block-heading\">Le constat d\u00e9mographique<\/h5>\n\n\n\n<p class=\"wp-block-paragraph\">En vingt ans, la part des Belges d&rsquo;origine belge a baiss\u00e9 de 16,5 points (79,9% \u2192 63,4%) [Statbel 2026]. Bruxelles est d\u00e9sormais majoritairement non-belge (37,2% sans nationalit\u00e9 belge, 40,2% d&rsquo;origine \u00e9trang\u00e8re). La f\u00e9condit\u00e9 des femmes \u00e9trang\u00e8res est 42% plus \u00e9lev\u00e9e que celle des femmes belges (1,89 vs 1,33). L&rsquo;immigration nette d\u00e9passe 66 000 personnes par an.<\/p>\n\n\n\n<p class=\"wp-block-paragraph\">Les naissances sont au plus bas depuis des d\u00e9cennies. Le taux de f\u00e9condit\u00e9 (ICF) est de 1,44, bien en dessous du seuil de remplacement de 2,1. En 2025, on a d\u00e9nombr\u00e9 108 000 naissances en Belgique, un chiffre pratiquement stable mais insuffisant [Statbel 2026].<\/p>\n\n\n\n<p class=\"wp-block-paragraph\">Ce n&rsquo;est pas l&rsquo;immigration qui est \u00ab\u00a0probl\u00e8me\u00a0\u00bb. C&rsquo;est l&rsquo;absence de natalit\u00e9 belge.<\/p>\n\n\n\n<hr class=\"wp-block-separator has-alpha-channel-opacity\"\/>\n\n\n\n<h5 class=\"wp-block-heading\">Pourquoi une politique nataliste ?<\/h5>\n\n\n\n<p class=\"wp-block-paragraph\">Une politique nataliste ne vise pas \u00e0 \u00ab\u00a0remplacer\u00a0\u00bb les immigr\u00e9s. Elle vise \u00e0 <strong>permettre aux Belges qui veulent des enfants d&rsquo;en avoir vraiment<\/strong>.<\/p>\n\n\n\n<p class=\"wp-block-paragraph\">Les donn\u00e9es belges r\u00e9centes montrent que les familles attendent surtout :<\/p>\n\n\n\n<ul class=\"wp-block-list\">\n<li>Des choix concrets en mati\u00e8re de logement<\/li>\n\n\n\n<li>Du soutien financier r\u00e9el<\/li>\n\n\n\n<li>De la non-p\u00e9nalisation de la maternit\u00e9 dans les carri\u00e8res<\/li>\n\n\n\n<li>De places de cr\u00e8ches disponibles<\/li>\n<\/ul>\n\n\n\n<p class=\"wp-block-paragraph\">La p\u00e9nurie de places en cr\u00e8ches est massive. En F\u00e9d\u00e9ration Wallonie-Bruxelles, 1 581 places ont \u00e9t\u00e9 perdues depuis 2019. 39% des parents ne trouvent pas de place au moment o\u00f9 ils en ont besoin. Seules 3 places sont disponibles pour 10 enfants.<\/p>\n\n\n\n<p class=\"wp-block-paragraph\">Si on ne fait rien, la natalit\u00e9 belge continuera de baisser. Et avec elle, la continuit\u00e9 du peuple belge.<\/p>\n\n\n\n<hr class=\"wp-block-separator has-alpha-channel-opacity\"\/>\n\n\n\n<h5 class=\"wp-block-heading\">Le programme : 7 mesures concr\u00e8tes<\/h5>\n\n\n\n<h6 class=\"wp-block-heading\">1. Allocations familiales renforc\u00e9es<\/h6>\n\n\n\n<p class=\"wp-block-paragraph\">+30 \u20ac\/mois par enfant, +50 \u20ac\/mois pour le 2\u1d49, +80 \u20ac\/mois pour le 3\u1d49+.<br><strong>Co\u00fbt : 4,5 milliards \u20ac sur 5 ans.<\/strong><\/p>\n\n\n\n<h6 class=\"wp-block-heading\">2. Allocation de naissance<\/h6>\n\n\n\n<p class=\"wp-block-paragraph\">Prime de 1 500 \u20ac \u00e0 la naissance (2 500 \u20ac pour le 3\u1d49+ enfant), +500 \u20ac pour m\u00e9nages &lt; 20 000 \u20ac\/an.<br><strong>Co\u00fbt : 1,0 milliard \u20ac sur 5 ans.<\/strong><\/p>\n\n\n\n<h6 class=\"wp-block-heading\">3. Cr\u00e8ches abond\u00e9es massivement<\/h6>\n\n\n\n<p class=\"wp-block-paragraph\">Cr\u00e9ation de 10 000 nouvelles places en 5 ans, revalorisation du personnel de 15%.<br><strong>Co\u00fbt : 1,0 milliard \u20ac sur 5 ans.<\/strong><\/p>\n\n\n\n<h6 class=\"wp-block-heading\">4. Cr\u00e9dit d&rsquo;imp\u00f4t familial<\/h6>\n\n\n\n<p class=\"wp-block-paragraph\">150 \u20ac\/an pour 1 enfant, 375 \u20ac pour 2 enfants, 675 \u20ac pour 3 enfants, 975 \u20ac pour 4+.<br><strong>Co\u00fbt : 2,0 milliards \u20ac sur 5 ans.<\/strong><\/p>\n\n\n\n<h6 class=\"wp-block-heading\">5. Cong\u00e9 de naissance long et bien pay\u00e9<\/h6>\n\n\n\n<p class=\"wp-block-paragraph\">6 mois \u00e0 1 000 \u20ac\/mois, maintien des droits sociaux.<br><strong>Co\u00fbt : 3,2 milliards \u20ac sur 5 ans.<\/strong><\/p>\n\n\n\n<h6 class=\"wp-block-heading\">6. Logement familial accessible<\/h6>\n\n\n\n<p class=\"wp-block-paragraph\">Prime d&rsquo;achat 10 000 \u20ac, prime agrandissement 5 000 \u20ac, priorit\u00e9 familles avec enfants.<br><strong>Co\u00fbt : 1,25 milliard \u20ac sur 5 ans.<\/strong><\/p>\n\n\n\n<h6 class=\"wp-block-heading\">7. Fonds natalit\u00e9 d\u00e9di\u00e9<\/h6>\n\n\n\n<p class=\"wp-block-paragraph\">Structure de pilotage, plateforme de donn\u00e9es, \u00e9valuation continue.<br><strong>Co\u00fbt : 0,1 milliard \u20ac sur 5 ans.<\/strong><\/p>\n\n\n\n<p class=\"wp-block-paragraph\"><strong>TOTAL : 12,1 milliards \u20ac sur 5 ans (2,42 milliards \u20ac\/an).<\/strong><\/p>\n\n\n\n<hr class=\"wp-block-separator has-alpha-channel-opacity\"\/>\n\n\n\n<h5 class=\"wp-block-heading\">Le financement est r\u00e9el<\/h5>\n\n\n\n<p class=\"wp-block-paragraph\">Ce programme n&rsquo;est pas un slogan. Il est financ\u00e9 :<\/p>\n\n\n\n<ul class=\"wp-block-list\">\n<li><strong>5,0 milliards \u20ac<\/strong> par r\u00e9allocation budg\u00e9taire (d\u00e9penses moins prioritaires \u2192 familles)<\/li>\n\n\n\n<li><strong>2,0 milliards \u20ac<\/strong> par \u00e9conomies administratives (suppression des doublons)<\/li>\n\n\n\n<li><strong>2,0 milliards \u20ac<\/strong> par contribution temporaire sur les tr\u00e8s hauts revenus<\/li>\n\n\n\n<li><strong>1,5 milliard \u20ac<\/strong> par recettes de lutte contre la fraude sociale\/fiscale<\/li>\n\n\n\n<li><strong>1,6 milliard \u20ac<\/strong> par fonds r\u00e9gional\/national<\/li>\n<\/ul>\n\n\n\n<p class=\"wp-block-paragraph\">Le d\u00e9ficit public belge est de 5,3% du PIB en 2025. Ce programme ne creuse pas le d\u00e9ficit. Il est financ\u00e9 par <strong>r\u00e9allocation, \u00e9conomies et recettes nouvelles<\/strong>.<\/p>\n\n\n\n<hr class=\"wp-block-separator has-alpha-channel-opacity\"\/>\n\n\n\n<h5 class=\"wp-block-heading\">Les objectifs sont clairs<\/h5>\n\n\n\n<p class=\"wp-block-paragraph\">Sur 5 ans, ce programme vise :<\/p>\n\n\n\n<ul class=\"wp-block-list\">\n<li><strong>ICF de 1,44 \u2192 1,65<\/strong> (objectif ambitieux mais possible)<\/li>\n\n\n\n<li><strong>108 000 \u2192 120 000 naissances\/an<\/strong><\/li>\n\n\n\n<li><strong>24 230 \u2192 34 230 places de cr\u00e8ches<\/strong><\/li>\n\n\n\n<li><strong>39% \u2192 &lt; 20% de parents sans place<\/strong><\/li>\n<\/ul>\n\n\n\n<hr class=\"wp-block-separator has-alpha-channel-opacity\"\/>\n\n\n\n<h5 class=\"wp-block-heading\">Pourquoi c&rsquo;est urgent<\/h5>\n\n\n\n<p class=\"wp-block-paragraph\">Le d\u00e9ficit public belge est \u00e9lev\u00e9. Les budgets r\u00e9gionaux sont sous tension. Les cr\u00e8ches sont en d\u00e9ficit (431 000 \u20ac pour 3 cr\u00e8ches \u00e0 Chi\u00e8vres en 2024). Les parents ne trouvent pas de place. Les m\u00e8res sont p\u00e9nalis\u00e9es dans leur carri\u00e8re. Les familles pauvres sont exclues.<\/p>\n\n\n\n<p class=\"wp-block-paragraph\">Si on ne fait rien maintenant, la natalit\u00e9 belge continuera de baisser. Et avec elle, la continuit\u00e9 du peuple belge.<\/p>\n\n\n\n<p class=\"wp-block-paragraph\">Ce n&rsquo;est pas une question d&rsquo;ethnicit\u00e9. C&rsquo;est une question de <strong>continuit\u00e9 nationale<\/strong>.<\/p>\n\n\n\n<hr class=\"wp-block-separator has-alpha-channel-opacity\"\/>\n\n\n\n<h5 class=\"wp-block-heading\">Ce que disent les opposants<\/h5>\n\n\n\n<p class=\"wp-block-paragraph\">Les opposants disent :<\/p>\n\n\n\n<ul class=\"wp-block-list\">\n<li>\u00ab\u00a0C&rsquo;est trop cher\u00a0\u00bb \u2192 2,4 milliards \u20ac\/an = 10% du budget wallon. C&rsquo;est investi, pas d\u00e9pens\u00e9.<\/li>\n\n\n\n<li>\u00ab\u00a0C&rsquo;est de ethnicisme\u00a0\u00bb \u2192 Non. C&rsquo;est de l&rsquo;aide familiale. Peu importe l&rsquo;origine, tous les parents avec enfants en b\u00e9n\u00e9ficient.<\/li>\n\n\n\n<li>\u00ab\u00a0\u00c7a ne marchera pas\u00a0\u00bb \u2192 Les \u00e9tudes montrent que les politiques familiales influencent la natalit\u00e9, \u00e0 condition d&rsquo;\u00eatre g\u00e9n\u00e9reuses, stables et lisibles.<\/li>\n<\/ul>\n\n\n\n<hr class=\"wp-block-separator has-alpha-channel-opacity\"\/>\n\n\n\n<h5 class=\"wp-block-heading\">La vraie question<\/h5>\n\n\n\n<p class=\"wp-block-paragraph\">La vraie question est simple : <strong>voulez-vous que la Belgique continue d&rsquo;avoir un peuple belge ?<\/strong><\/p>\n\n\n\n<p class=\"wp-block-paragraph\">Si oui, il faut une politique nataliste vigoureuse.<\/p>\n\n\n\n<p class=\"wp-block-paragraph\">Si non, on continue l&rsquo;ouverture sans contr\u00f4le, la continuit\u00e9 actuelle, et la Belgique change de peuple.<\/p>\n\n\n\n<p class=\"wp-block-paragraph\">Le choix est entre nos mains. Pas entre les mains des \u00e9lites. Pas entre les mains de l&rsquo;UE. Entre <strong>nos mains<\/strong>.<\/p>\n\n\n\n<hr class=\"wp-block-separator has-alpha-channel-opacity\"\/>\n\n\n\n<h5 class=\"wp-block-heading\">Conclusion<\/h5>\n\n\n\n<p class=\"wp-block-paragraph\">La Belgique change de peuple. Ce n&rsquo;est pas une trag\u00e9die. C&rsquo;est un constat.<\/p>\n\n\n\n<p class=\"wp-block-paragraph\">Mais ce constat, on peut le corriger. Avec une politique nataliste vigoureuse.<\/p>\n\n\n\n<p class=\"wp-block-paragraph\"><strong>12,1 milliards \u20ac sur 5 ans.<\/strong><br><strong>7 mesures concr\u00e8tes.<\/strong><br><strong>Un objectif clair : ICF de 1,44 \u2192 1,65.<\/strong><\/p>\n\n\n\n<p class=\"wp-block-paragraph\">C&rsquo;est le prix de la continuit\u00e9 nationale.<\/p>\n\n\n\n<p class=\"wp-block-paragraph\">Et ce prix, il faut le payer.<\/p>\n\n\n\n<hr class=\"wp-block-separator has-alpha-channel-opacity\"\/>\n\n\n\n<p class=\"wp-block-paragraph\"><strong>Pour qui ?<\/strong><br>Pour tous les parents belges qui veulent des enfants mais ne peuvent pas en avoir.<\/p>\n\n\n\n<p class=\"wp-block-paragraph\"><strong>Pour quoi ?<\/strong><br>Pour que la Belgique continue d&rsquo;avoir un peuple belge.<\/p>\n\n\n\n<p class=\"wp-block-paragraph\"><strong>Pour quand ?<\/strong><br>Pour maintenant. Car le futur n&rsquo;est pas \u00e9crit. Il est construit par nos d\u00e9cisions.<\/p>\n\n\n\n<p class=\"wp-block-paragraph\"><\/p>\n\n\n\n<p class=\"wp-block-paragraph\">Source : \u00ab\u00a0La Belgique change de peuple: jusqu&rsquo;\u00e0 quand fera-t-on semblant de ne pas le voir\u00a0\u00bb (\u00e0 para\u00eetre)<\/p>\n","protected":false},"excerpt":{"rendered":"<p>La Belgique change de peuple. Ce n&rsquo;est pas une trag\u00e9die, ce n&rsquo;est pas un crime, c&rsquo;est un constat. Mais ce constat, il faut le dire. Et ce constat nous oblige \u00e0 une question : comment emp\u00eacher que la Belgique change de peuple ? La r\u00e9ponse est simple : une politique nataliste vigoureuse. Le constat d\u00e9mographique [&hellip;]<\/p>\n","protected":false},"author":1,"featured_media":0,"comment_status":"open","ping_status":"open","sticky":false,"template":"","format":"standard","meta":{"_monsterinsights_skip_tracking":false,"_uf_show_specific_survey":0,"_uf_disable_surveys":false,"footnotes":""},"categories":[1,59,57],"tags":[],"class_list":["post-2975","post","type-post","status-publish","format-standard","hentry","category-immigration","category-peuple","category-regularisation"],"_links":{"self":[{"href":"https:\/\/droitemoderniste.be\/index.php\/wp-json\/wp\/v2\/posts\/2975","targetHints":{"allow":["GET"]}}],"collection":[{"href":"https:\/\/droitemoderniste.be\/index.php\/wp-json\/wp\/v2\/posts"}],"about":[{"href":"https:\/\/droitemoderniste.be\/index.php\/wp-json\/wp\/v2\/types\/post"}],"author":[{"embeddable":true,"href":"https:\/\/droitemoderniste.be\/index.php\/wp-json\/wp\/v2\/users\/1"}],"replies":[{"embeddable":true,"href":"https:\/\/droitemoderniste.be\/index.php\/wp-json\/wp\/v2\/comments?post=2975"}],"version-history":[{"count":3,"href":"https:\/\/droitemoderniste.be\/index.php\/wp-json\/wp\/v2\/posts\/2975\/revisions"}],"predecessor-version":[{"id":2980,"href":"https:\/\/droitemoderniste.be\/index.php\/wp-json\/wp\/v2\/posts\/2975\/revisions\/2980"}],"wp:attachment":[{"href":"https:\/\/droitemoderniste.be\/index.php\/wp-json\/wp\/v2\/media?parent=2975"}],"wp:term":[{"taxonomy":"category","embeddable":true,"href":"https:\/\/droitemoderniste.be\/index.php\/wp-json\/wp\/v2\/categories?post=2975"},{"taxonomy":"post_tag","embeddable":true,"href":"https:\/\/droitemoderniste.be\/index.php\/wp-json\/wp\/v2\/tags?post=2975"}],"curies":[{"name":"wp","href":"https:\/\/api.w.org\/{rel}","templated":true}]}}