{"id":2968,"date":"2026-06-16T13:48:26","date_gmt":"2026-06-16T11:48:26","guid":{"rendered":"https:\/\/droitemoderniste.be\/?p=2968"},"modified":"2026-06-16T13:48:26","modified_gmt":"2026-06-16T11:48:26","slug":"programme-electoral-le-renouveau-educatif","status":"publish","type":"post","link":"https:\/\/droitemoderniste.be\/index.php\/2026\/06\/16\/programme-electoral-le-renouveau-educatif\/","title":{"rendered":"PROGRAMME \u00c9LECTORAL : LE RENOUVEAU \u00c9DUCATIF"},"content":{"rendered":"\n<figure class=\"wp-block-image size-full\"><img loading=\"lazy\" decoding=\"async\" width=\"275\" height=\"183\" src=\"https:\/\/droitemoderniste.be\/wp-content\/uploads\/2026\/06\/ecole-antan.jpg\" alt=\"\" class=\"wp-image-2969\"\/><\/figure>\n\n\n\n<h2 class=\"wp-block-heading\"><em>Pour une \u00e9cole de l\u2019excellence, du m\u00e9rite et de la modernit\u00e9<\/em><\/h2>\n\n\n\n<p class=\"wp-block-paragraph\">L&rsquo;\u00e9cole de la F\u00e9d\u00e9ration Wallonie-Bruxelles est \u00e0 bout de souffle, asphyxi\u00e9e par la bureaucratie et des r\u00e9formes id\u00e9ologiques d\u00e9connect\u00e9es de la r\u00e9alit\u00e9. Le <strong><mark style=\"background-color:rgba(0, 0, 0, 0);color:#ff6900\" class=\"has-inline-color\">Mouvement Droite Moderniste <\/mark>(<mark style=\"background-color:rgba(0, 0, 0, 0);color:#ff6900\" class=\"has-inline-color\">MDM<\/mark>)<\/strong> propose de rompre d\u00e9finitivement avec le nivellement par le bas pour reb\u00e2tir un enseignement fort, pragmatique et ancr\u00e9 dans le XXIe si\u00e8cle.<\/p>\n\n\n\n<h5 class=\"wp-block-heading\">Axe 1 : Moderniser les parcours \u2013 Vers un tronc commun modulaire<\/h5>\n\n\n\n<p class=\"wp-block-paragraph\"><em>Fini l\u2019uniformisation aveugle qui d\u00e9courage les \u00e9l\u00e8ves. Place \u00e0 la flexibilit\u00e9 et \u00e0 la valorisation de tous les talents.<\/em><\/p>\n\n\n\n<ul class=\"wp-block-list\">\n<li><strong>R\u00e9forme du tronc commun :<\/strong> Remplacement de la structure rigide actuelle par un syst\u00e8me <strong>modulaire et individualis\u00e9 d\u00e8s l&rsquo;entr\u00e9e dans le secondaire<\/strong>.<\/li>\n\n\n\n<li><strong>Valorisation imm\u00e9diate des fili\u00e8res techniques et technologiques :<\/strong> Fin de la hi\u00e9rarchisation des dipl\u00f4mes. Les fili\u00e8res manuelles, num\u00e9riques et de cr\u00e9ation sont valoris\u00e9es d\u00e8s le plus jeune \u00e2ge comme des voies d&rsquo;excellence et non de rel\u00e9gation.<\/li>\n\n\n\n<li><strong>Autonomie renforc\u00e9e des \u00e9tablissements :<\/strong> Octroi d&rsquo;une libert\u00e9 de gestion aux directeurs d&rsquo;\u00e9cole pour adapter les grilles horaires et les projets p\u00e9dagogiques aux r\u00e9alit\u00e9s de leur public et de leur r\u00e9gion.<\/li>\n<\/ul>\n\n\n\n<h5 class=\"wp-block-heading\">Axe 2 : Ma\u00eetrise des flux et int\u00e9gration \u2013 L&rsquo;impl\u00e9mentation de l&rsquo;IFCIS<\/h5>\n\n\n\n<p class=\"wp-block-paragraph\"><em>Parce qu&rsquo;on ne peut pas enseigner sereinement dans des classes satur\u00e9es, nous imposons un pilotage scientifique des effectifs.<\/em><\/p>\n\n\n\n<ul class=\"wp-block-list\">\n<li><strong>Cr\u00e9ation de l&rsquo;IFCIS (Indice F\u00e9d\u00e9ral de Capacit\u00e9 d&rsquo;Int\u00e9gration Scolaire) :<\/strong> D\u00e9ploiement d&rsquo;un outil num\u00e9rique en temps r\u00e9el pour \u00e9valuer la charge des enseignants, le niveau de saturation des infrastructures et les besoins d&rsquo;encadrement par commune.<\/li>\n\n\n\n<li><strong>Classes d&rsquo;insertion linguistique obligatoires :<\/strong> Pour les \u00e9l\u00e8ves ne ma\u00eetrisant pas la langue d&rsquo;enseignement, mise en place d&rsquo;un parcours intensif de mise \u00e0 niveau (6 \u00e0 12 mois) avant l&rsquo;int\u00e9gration en classe ordinaire, afin de garantir le rythme d&rsquo;apprentissage de tous.<\/li>\n\n\n\n<li><strong>Abrogation des d\u00e9crets d&rsquo;inscription restrictifs :<\/strong> Remplacement des usines \u00e0 gaz administratives par une r\u00e9gulation bas\u00e9e sur le libre choix des parents et la capacit\u00e9 d&rsquo;absorption r\u00e9elle mesur\u00e9e par l&rsquo;IFCIS.<\/li>\n<\/ul>\n\n\n\n<h5 class=\"wp-block-heading\">Axe 3 : Connecter l&rsquo;\u00e9cole au monde r\u00e9el \u2013 Les \u00ab\u00a0Incubateurs \u00c9ducatifs\u00a0\u00bb<\/h5>\n\n\n\n<p class=\"wp-block-paragraph\"><em>L&rsquo;\u00e9cole ne doit plus \u00eatre un sanctuaire coup\u00e9 de la soci\u00e9t\u00e9, mais le tremplin de la future \u00e9conomie.<\/em><\/p>\n\n\n\n<ul class=\"wp-block-list\">\n<li><strong>D\u00e9ploiement des \u00c9coles \u00ab \u00e0 projet \u00bb :<\/strong> Int\u00e9gration obligatoire de modules entrepreneuriaux et de projets concrets (mini-entreprises, ateliers de codage, cr\u00e9ations artisanales) transversaux \u00e0 toutes les fili\u00e8res.<\/li>\n\n\n\n<li><strong>Partenariats Public-Priv\u00e9 (PPP) locaux :<\/strong> Interconnexion directe entre les \u00e9tablissements secondaires et le tissu \u00e9conomique r\u00e9gional (PME, startups, p\u00f4les de comp\u00e9titivit\u00e9) via des programmes de mentorat et des stages d&rsquo;immersion d\u00e8s 14 ans.<\/li>\n\n\n\n<li><strong>Culture du num\u00e9rique et de l&rsquo;esprit critique :<\/strong> Restructuration des programmes pour y int\u00e9grer massivement l&rsquo;intelligence artificielle, la litt\u00e9ratie financi\u00e8re et les comp\u00e9tences technologiques indispensables sur le march\u00e9 de l&#8217;emploi moderne.<\/li>\n<\/ul>\n\n\n\n<h5 class=\"wp-block-heading\">Axe 4 : Restaurer l&rsquo;autorit\u00e9 et le m\u00e9rite<\/h5>\n\n\n\n<p class=\"wp-block-paragraph\"><em>L&rsquo;\u00e9cole doit redevenir le lieu o\u00f9 l&rsquo;effort est r\u00e9compens\u00e9 et le corps enseignant respect\u00e9.<\/em><\/p>\n\n\n\n<ul class=\"wp-block-list\">\n<li><strong>Soutien inconditionnel \u00e0 l&rsquo;autorit\u00e9 des enseignants :<\/strong> Simplification des proc\u00e9dures d&rsquo;exclusion pour les profils perturbateurs et protection juridique syst\u00e9matique du personnel \u00e9ducatif face aux incivilit\u00e9s.<\/li>\n\n\n\n<li><strong>Retour aux \u00e9valuations certificatives claires :<\/strong> Revalorisation des examens externes et des crit\u00e8res de r\u00e9ussite stricts pour redonner toute sa valeur au dipl\u00f4me belge.<\/li>\n\n\n\n<li><strong>Bourses au m\u00e9rite :<\/strong> Cr\u00e9ation d&rsquo;un fonds de soutien financier sp\u00e9cifique pour les \u00e9l\u00e8ves issus de milieux modestes qui se distinguent par leur travail, leur discipline et leurs r\u00e9sultats.<\/li>\n<\/ul>\n\n\n\n<p class=\"wp-block-paragraph\"><strong>Notre engagement :<\/strong> Remplacer le \u00ab\u00a0Pacte pour un Enseignement d&rsquo;excellence\u00a0\u00bb \u2013 qui n&rsquo;a d&rsquo;excellence que le nom \u2013 par un mod\u00e8le agile, comp\u00e9titif et protecteur. Choisir le <mark style=\"background-color:rgba(0, 0, 0, 0);color:#ff6900\" class=\"has-inline-color\">MDM<\/mark>, c&rsquo;est choisir de donner \u00e0 chaque enfant de Wallonie et de Bruxelles les armes pour r\u00e9ussir dans le monde de demain.<\/p>\n\n\n\n<p class=\"wp-block-paragraph\"><\/p>\n","protected":false},"excerpt":{"rendered":"<p>Pour une \u00e9cole de l\u2019excellence, du m\u00e9rite et de la modernit\u00e9 L&rsquo;\u00e9cole de la F\u00e9d\u00e9ration Wallonie-Bruxelles est \u00e0 bout de souffle, asphyxi\u00e9e par la bureaucratie et des r\u00e9formes id\u00e9ologiques d\u00e9connect\u00e9es de la r\u00e9alit\u00e9. Le Mouvement Droite Moderniste (MDM) propose de rompre d\u00e9finitivement avec le nivellement par le bas pour reb\u00e2tir un enseignement fort, pragmatique et [&hellip;]<\/p>\n","protected":false},"author":1,"featured_media":0,"comment_status":"open","ping_status":"open","sticky":false,"template":"","format":"standard","meta":{"_monsterinsights_skip_tracking":false,"_uf_show_specific_survey":0,"_uf_disable_surveys":false,"footnotes":""},"categories":[37,58],"tags":[],"class_list":["post-2968","post","type-post","status-publish","format-standard","hentry","category-ecole","category-justice-scolaire"],"_links":{"self":[{"href":"https:\/\/droitemoderniste.be\/index.php\/wp-json\/wp\/v2\/posts\/2968","targetHints":{"allow":["GET"]}}],"collection":[{"href":"https:\/\/droitemoderniste.be\/index.php\/wp-json\/wp\/v2\/posts"}],"about":[{"href":"https:\/\/droitemoderniste.be\/index.php\/wp-json\/wp\/v2\/types\/post"}],"author":[{"embeddable":true,"href":"https:\/\/droitemoderniste.be\/index.php\/wp-json\/wp\/v2\/users\/1"}],"replies":[{"embeddable":true,"href":"https:\/\/droitemoderniste.be\/index.php\/wp-json\/wp\/v2\/comments?post=2968"}],"version-history":[{"count":1,"href":"https:\/\/droitemoderniste.be\/index.php\/wp-json\/wp\/v2\/posts\/2968\/revisions"}],"predecessor-version":[{"id":2970,"href":"https:\/\/droitemoderniste.be\/index.php\/wp-json\/wp\/v2\/posts\/2968\/revisions\/2970"}],"wp:attachment":[{"href":"https:\/\/droitemoderniste.be\/index.php\/wp-json\/wp\/v2\/media?parent=2968"}],"wp:term":[{"taxonomy":"category","embeddable":true,"href":"https:\/\/droitemoderniste.be\/index.php\/wp-json\/wp\/v2\/categories?post=2968"},{"taxonomy":"post_tag","embeddable":true,"href":"https:\/\/droitemoderniste.be\/index.php\/wp-json\/wp\/v2\/tags?post=2968"}],"curies":[{"name":"wp","href":"https:\/\/api.w.org\/{rel}","templated":true}]}}