{"id":2965,"date":"2026-06-15T08:41:55","date_gmt":"2026-06-15T06:41:55","guid":{"rendered":"https:\/\/droitemoderniste.be\/?p=2965"},"modified":"2026-06-15T08:41:55","modified_gmt":"2026-06-15T06:41:55","slug":"regulariser-les-sans-papiers-le-double-piege-de-la-fausse-generosite","status":"publish","type":"post","link":"https:\/\/droitemoderniste.be\/index.php\/2026\/06\/15\/regulariser-les-sans-papiers-le-double-piege-de-la-fausse-generosite\/","title":{"rendered":"R\u00e9gulariser les sans papiers\u00a0: le double pi\u00e8ge de la fausse g\u00e9n\u00e9rosit\u00e9"},"content":{"rendered":"\n<figure class=\"wp-block-image size-full\"><img loading=\"lazy\" decoding=\"async\" width=\"300\" height=\"168\" src=\"https:\/\/droitemoderniste.be\/wp-content\/uploads\/2026\/06\/asileB3.jpg\" alt=\"\" class=\"wp-image-2966\"\/><\/figure>\n\n\n\n<p class=\"wp-block-paragraph\"><strong>1. Le pi\u00e8ge \u00e9conomique : D\u00e9s\u00e9quilibres du march\u00e9 et co\u00fbts publics<\/strong><\/p>\n\n\n\n<p class=\"wp-block-paragraph\">L&rsquo;argument \u00e9conomique repose sur l&rsquo;id\u00e9e que la r\u00e9gularisation, bien qu&rsquo;apparemment b\u00e9n\u00e9fique \u00e0 court terme (recettes fiscales, cotisations), cr\u00e9e des effets pervers structurels.<\/p>\n\n\n\n<p class=\"wp-block-paragraph\"><strong>L&rsquo;effet d&rsquo;aspirateur (appel d&rsquo;air)<\/strong><\/p>\n\n\n\n<ul class=\"wp-block-list\">\n<li><strong>M\u00e9canisme :<\/strong> R\u00e9gulariser les travailleurs sans-papiers envoie un signal fort aux r\u00e9seaux de passeurs et aux candidats \u00e0 l&rsquo;\u00e9migration. Cela valide l&rsquo;id\u00e9e que l&rsquo;entr\u00e9e ou le maintien ill\u00e9gal sur le territoire peut, avec le temps et le travail, \u00eatre l\u00e9galis\u00e9.<\/li>\n\n\n\n<li><strong>Cons\u00e9quence :<\/strong> Cela alimente un flux continu de nouvelle immigration clandestine, cr\u00e9ant un cycle sans fin que les \u00c9tats ne peuvent plus contr\u00f4ler.<\/li>\n<\/ul>\n\n\n\n<p class=\"wp-block-paragraph\"><strong>La d\u00e9stabilisation du march\u00e9 du travail bas salaire<\/strong><\/p>\n\n\n\n<ul class=\"wp-block-list\">\n<li><strong>D\u00e9pendance sectorielle :<\/strong> En r\u00e9gularisant les travailleurs dans les \u00ab\u00a0m\u00e9tiers en tension\u00a0\u00bb (restauration, b\u00e2timent, propret\u00e9), l&rsquo;\u00c9tat fige une anomalie \u00e9conomique. Au lieu de pousser ces secteurs \u00e0 augmenter les salaires et \u00e0 am\u00e9liorer les conditions de travail pour attirer les nationaux ou les r\u00e9sidents l\u00e9gaux, la r\u00e9gularisation maintient une offre de main-d&rsquo;\u0153uvre bon march\u00e9.<\/li>\n\n\n\n<li><strong>Pression \u00e0 la baisse sur les salaires :<\/strong> Cela freine l&rsquo;\u00e9volution naturelle des salaires vers le haut pour les travailleurs les plus pr\u00e9caires d\u00e9j\u00e0 l\u00e9galement pr\u00e9sents.<\/li>\n<\/ul>\n\n\n\n<p class=\"wp-block-paragraph\"><strong>Le co\u00fbt pour les finances publiques \u00e0 long terme<\/strong><\/p>\n\n\n\n<ul class=\"wp-block-list\">\n<li><strong>Mod\u00e8le social :<\/strong> Les travailleurs sans-papiers, une fois r\u00e9gularis\u00e9s, acc\u00e8dent \u00e0 la totalit\u00e9 des droits sociaux (allocations ch\u00f4mage, retraites, regroupement familial, aides au logement).<\/li>\n\n\n\n<li><strong>Bilan co\u00fbt-b\u00e9n\u00e9fice :<\/strong> Les d\u00e9tracteurs soutiennent que les cotisations vers\u00e9es par des emplois souvent peu qualifi\u00e9s et \u00e0 bas salaires ne compensent pas le co\u00fbt d&rsquo;opportunit\u00e9 des prestations sociales et de l&rsquo;utilisation des infrastructures publiques (sant\u00e9, \u00e9ducation) \u00e0 long terme, notamment lors de l&rsquo;acc\u00e8s \u00e0 la retraite ou pour leurs ayants droit.<\/li>\n<\/ul>\n\n\n\n<p class=\"wp-block-paragraph\"><strong>2. Le pi\u00e8ge id\u00e9ologique : Affaiblissement de l&rsquo;\u00c9tat et confusion morale<\/strong><\/p>\n\n\n\n<p class=\"wp-block-paragraph\">Sur le plan id\u00e9ologique et politique, la th\u00e8se soutient que la r\u00e9gularisation fragilise les fondements m\u00eames de l&rsquo;\u00c9tat de droit et de la souverainet\u00e9.<\/p>\n\n\n\n<p class=\"wp-block-paragraph\"><strong>La capitulation de l&rsquo;\u00c9tat de droit devant le fait accompli<\/strong><\/p>\n\n\n\n<ul class=\"wp-block-list\">\n<li><strong>Inversion des normes :<\/strong> R\u00e9gulariser revient \u00e0 l\u00e9gitimer une infraction initiale (l&rsquo;entr\u00e9e ou le maintien ill\u00e9gal sur le territoire). Cela cr\u00e9e un pr\u00e9c\u00e9dent dangereux o\u00f9 le \u00ab\u00a0fait accompli\u00a0\u00bb (s&rsquo;installer et travailler clandestinement) l&#8217;emporte sur la loi vot\u00e9e.<\/li>\n\n\n\n<li><strong>Injustice pour les immigr\u00e9s l\u00e9gaux :<\/strong> C&rsquo;est un message de d\u00e9couragement envoy\u00e9 \u00e0 ceux qui suivent les proc\u00e9dures l\u00e9gales, souvent longues, co\u00fbteuses et rigoureuses, pour immigrer. La r\u00e9gularisation valorise indirectement le contournement des r\u00e8gles.<\/li>\n<\/ul>\n\n\n\n<p class=\"wp-block-paragraph\"><strong>Le pi\u00e8ge de la \u00ab\u00a0moraline\u00a0\u00bb et du cynisme \u00e9conomique<\/strong><\/p>\n\n\n\n<ul class=\"wp-block-list\">\n<li><strong>L&rsquo;alliance objective des contraires :<\/strong> La th\u00e8se d\u00e9nonce une convergence hypocrite entre la gauche humaniste (qui r\u00e9clame la r\u00e9gularisation au nom des droits humains) et le patronat n\u00e9olib\u00e9ral (qui souhaite une main-d&rsquo;\u0153uvre flexible et peu co\u00fbteuse).<\/li>\n\n\n\n<li><strong>Cons\u00e9quence id\u00e9ologique :<\/strong> Sous couvert de g\u00e9n\u00e9rosit\u00e9 humanitaire, on p\u00e9rennise en r\u00e9alit\u00e9 l&rsquo;existence d&rsquo;une sous-classe de travailleurs. L&rsquo;id\u00e9ologie humanitaire servirait ainsi de caution morale \u00e0 une forme d&rsquo;exploitation \u00e9conomique globale, tout en culpabilisant les citoyens qui r\u00e9clament le respect des fronti\u00e8res.<\/li>\n<\/ul>\n\n\n\n<p class=\"wp-block-paragraph\"><strong>L&rsquo;\u00e9rosion de la coh\u00e9sion nationale et de la souverainet\u00e9<\/strong><\/p>\n\n\n\n<ul class=\"wp-block-list\">\n<li><strong>Perte de contr\u00f4le :<\/strong> Un \u00c9tat qui ne peut plus choisir qui entre et qui reste sur son sol perd l&rsquo;un des attributs r\u00e9galiens de sa souverainet\u00e9.<\/li>\n\n\n\n<li><strong>Fracture sociale :<\/strong> En imposant ces r\u00e9gularisations sans consensus clair, les gouvernements risquent de nourrir le ressentiment des classes populaires nationales, qui se sentent en concurrence directe pour l&rsquo;acc\u00e8s aux bas salaires, aux logements sociaux et aux services publics, ce qui alimente la polarisation politique.<\/li>\n<\/ul>\n\n\n\n<p class=\"wp-block-paragraph\"><strong>En r\u00e9sum\u00e9<\/strong><\/p>\n\n\n\n<p class=\"wp-block-paragraph\">D\u00e9velopper cette th\u00e8se revient \u00e0 affirmer que la r\u00e9gularisation des sans-papiers, m\u00eame travailleurs, est une solution de facilit\u00e9 court-termiste. \u00c9conomiquement, elle <strong>entretient la pr\u00e9carit\u00e9 des bas salaires<\/strong> et cr\u00e9e un appel d&rsquo;air ; id\u00e9ologiquement, elle <strong>affaiblit l&rsquo;autorit\u00e9 de la loi<\/strong> et instrumentalise la morale pour masquer des int\u00e9r\u00eats \u00e9conomiques de d\u00e9r\u00e9gulation du march\u00e9 du travail.<\/p>\n\n\n\n<p class=\"wp-block-paragraph\"><\/p>\n","protected":false},"excerpt":{"rendered":"<p>1. Le pi\u00e8ge \u00e9conomique : D\u00e9s\u00e9quilibres du march\u00e9 et co\u00fbts publics L&rsquo;argument \u00e9conomique repose sur l&rsquo;id\u00e9e que la r\u00e9gularisation, bien qu&rsquo;apparemment b\u00e9n\u00e9fique \u00e0 court terme (recettes fiscales, cotisations), cr\u00e9e des effets pervers structurels. L&rsquo;effet d&rsquo;aspirateur (appel d&rsquo;air) La d\u00e9stabilisation du march\u00e9 du travail bas salaire Le co\u00fbt pour les finances publiques \u00e0 long terme 2. [&hellip;]<\/p>\n","protected":false},"author":1,"featured_media":0,"comment_status":"open","ping_status":"open","sticky":false,"template":"","format":"standard","meta":{"_monsterinsights_skip_tracking":false,"_uf_show_specific_survey":0,"_uf_disable_surveys":false,"footnotes":""},"categories":[1,57],"tags":[],"class_list":["post-2965","post","type-post","status-publish","format-standard","hentry","category-immigration","category-regularisation"],"_links":{"self":[{"href":"https:\/\/droitemoderniste.be\/index.php\/wp-json\/wp\/v2\/posts\/2965","targetHints":{"allow":["GET"]}}],"collection":[{"href":"https:\/\/droitemoderniste.be\/index.php\/wp-json\/wp\/v2\/posts"}],"about":[{"href":"https:\/\/droitemoderniste.be\/index.php\/wp-json\/wp\/v2\/types\/post"}],"author":[{"embeddable":true,"href":"https:\/\/droitemoderniste.be\/index.php\/wp-json\/wp\/v2\/users\/1"}],"replies":[{"embeddable":true,"href":"https:\/\/droitemoderniste.be\/index.php\/wp-json\/wp\/v2\/comments?post=2965"}],"version-history":[{"count":1,"href":"https:\/\/droitemoderniste.be\/index.php\/wp-json\/wp\/v2\/posts\/2965\/revisions"}],"predecessor-version":[{"id":2967,"href":"https:\/\/droitemoderniste.be\/index.php\/wp-json\/wp\/v2\/posts\/2965\/revisions\/2967"}],"wp:attachment":[{"href":"https:\/\/droitemoderniste.be\/index.php\/wp-json\/wp\/v2\/media?parent=2965"}],"wp:term":[{"taxonomy":"category","embeddable":true,"href":"https:\/\/droitemoderniste.be\/index.php\/wp-json\/wp\/v2\/categories?post=2965"},{"taxonomy":"post_tag","embeddable":true,"href":"https:\/\/droitemoderniste.be\/index.php\/wp-json\/wp\/v2\/tags?post=2965"}],"curies":[{"name":"wp","href":"https:\/\/api.w.org\/{rel}","templated":true}]}}