{"id":2962,"date":"2026-06-12T13:38:09","date_gmt":"2026-06-12T11:38:09","guid":{"rendered":"https:\/\/droitemoderniste.be\/?p=2962"},"modified":"2026-06-12T13:38:09","modified_gmt":"2026-06-12T11:38:09","slug":"enseignement-en-federation-wallonie-bruxelles-lillusion-des-reformes-le-naufrage-de-lavenir","status":"publish","type":"post","link":"https:\/\/droitemoderniste.be\/index.php\/2026\/06\/12\/enseignement-en-federation-wallonie-bruxelles-lillusion-des-reformes-le-naufrage-de-lavenir\/","title":{"rendered":"Enseignement en F\u00e9d\u00e9ration Wallonie-Bruxelles : l\u2019illusion des r\u00e9formes, le naufrage de l\u2019avenir"},"content":{"rendered":"\n<figure class=\"wp-block-image size-full\"><img loading=\"lazy\" decoding=\"async\" width=\"275\" height=\"183\" src=\"https:\/\/droitemoderniste.be\/wp-content\/uploads\/2026\/06\/effet-balancier-1.jpg\" alt=\"\" class=\"wp-image-2963\"\/><\/figure>\n\n\n\n<p class=\"wp-block-paragraph\">Combien de temps encore allons-nous regarder notre syst\u00e8me \u00e9ducatif sombrer sous le poids de la bureaucratie et des id\u00e9ologies hors-sol ? En Belgique francophone, la gestion de l\u2019enseignement par la F\u00e9d\u00e9ration Wallonie-Bruxelles (FWB) est devenue un cas d&rsquo;\u00e9cole de l&rsquo;immobilisme d\u00e9guis\u00e9 en progr\u00e8s. De d\u00e9crets illisibles en comit\u00e9s th\u00e9ologiques, nos dirigeants d\u00e9ploient de lourdes usines \u00e0 gaz \u2013 \u00ab Pacte pour un Enseignement d\u2019excellence \u00bb en t\u00eate \u2013 qui r\u00e9ussissent le tour de force d&rsquo;\u00e9puiser les enseignants sans jamais faire progresser les \u00e9l\u00e8ves.<\/p>\n\n\n\n<p class=\"wp-block-paragraph\">Dernier totem en date de cette d\u00e9rive : l\u2019allongement aveugle du tronc commun. Sous pr\u00e9texte d&rsquo;\u00e9galitarisme, on uniformise par le bas. On enferme les jeunes dans un moule th\u00e9orique rigide, retardant l&rsquo;orientation et sacrifiant sur l&rsquo;autel du dogme ceux qui s\u2019\u00e9panouiraient dans le concret, le technique ou la technologie. Ce n\u2019est plus de la p\u00e9dagogie, c\u2019est du sabotage social.<\/p>\n\n\n\n<p class=\"wp-block-paragraph\">Face \u00e0 ce naufrage programm\u00e9, le <strong><mark style=\"background-color:rgba(0, 0, 0, 0);color:#ff6900\" class=\"has-inline-color\">Mouvement Droite Moderniste<\/mark> (<mark style=\"background-color:rgba(0, 0, 0, 0);color:#ff6900\" class=\"has-inline-color\">MDM<\/mark>)<\/strong> refuse de plier le genou devant le politiquement correct. Il est temps d&rsquo;imposer une rupture radicale, guid\u00e9e par trois principes que la FWB semble avoir d\u00e9finitivement radi\u00e9s de son vocabulaire : <strong>la flexibilit\u00e9 pragmatique, la m\u00e9ritocratie et l\u2019ancrage \u00e9conomique.<\/strong><\/p>\n\n\n\n<p class=\"wp-block-paragraph\">Le <mark style=\"background-color:rgba(0, 0, 0, 0);color:#ff6900\" class=\"has-inline-color\">MDM<\/mark> propose de dynamiter cette uniformisation st\u00e9rile. D\u00e8s le secondaire, le parcours doit devenir modulaire, individualis\u00e9, capable de valoriser le \u00ab go\u00fbt de faire \u00bb et de redonner leurs lettres de noblesse aux fili\u00e8res techniques. Plus encore, il est urgent de briser les barri\u00e8res id\u00e9ologiques qui s\u00e9parent l&rsquo;\u00e9cole du monde r\u00e9el. Nos \u00e9tablissements doivent devenir des incubateurs \u00e9ducatifs, connect\u00e9s aux PME, aux startups et aux r\u00e9alit\u00e9s du tissu \u00e9conomique local, pour pr\u00e9parer enfin nos jeunes aux d\u00e9fis de l&rsquo;\u00e9conomie moderne et du num\u00e9rique.<\/p>\n\n\n\n<p class=\"wp-block-paragraph\">La politique de l\u2019autruche a assez dur\u00e9. On ne sauve pas l&rsquo;\u00e9cole publique avec des slogans et de la bien-pensance, mais en r\u00e9introduisant l&rsquo;effort, le bon sens et l&rsquo;audace. Si la FWB est incapable de sortir de son logiciel obsol\u00e8te, qu&rsquo;elle laisse la place \u00e0 une alternative moderniste. Nos enfants m\u00e9ritent un avenir, pas un \u00e9ni\u00e8me laboratoire pour r\u00e9formes rat\u00e9es.<\/p>\n","protected":false},"excerpt":{"rendered":"<p>Combien de temps encore allons-nous regarder notre syst\u00e8me \u00e9ducatif sombrer sous le poids de la bureaucratie et des id\u00e9ologies hors-sol ? En Belgique francophone, la gestion de l\u2019enseignement par la F\u00e9d\u00e9ration Wallonie-Bruxelles (FWB) est devenue un cas d&rsquo;\u00e9cole de l&rsquo;immobilisme d\u00e9guis\u00e9 en progr\u00e8s. De d\u00e9crets illisibles en comit\u00e9s th\u00e9ologiques, nos dirigeants d\u00e9ploient de lourdes usines [&hellip;]<\/p>\n","protected":false},"author":1,"featured_media":0,"comment_status":"open","ping_status":"open","sticky":false,"template":"","format":"standard","meta":{"_monsterinsights_skip_tracking":false,"_uf_show_specific_survey":0,"_uf_disable_surveys":false,"footnotes":""},"categories":[37,58],"tags":[],"class_list":["post-2962","post","type-post","status-publish","format-standard","hentry","category-ecole","category-justice-scolaire"],"_links":{"self":[{"href":"https:\/\/droitemoderniste.be\/index.php\/wp-json\/wp\/v2\/posts\/2962","targetHints":{"allow":["GET"]}}],"collection":[{"href":"https:\/\/droitemoderniste.be\/index.php\/wp-json\/wp\/v2\/posts"}],"about":[{"href":"https:\/\/droitemoderniste.be\/index.php\/wp-json\/wp\/v2\/types\/post"}],"author":[{"embeddable":true,"href":"https:\/\/droitemoderniste.be\/index.php\/wp-json\/wp\/v2\/users\/1"}],"replies":[{"embeddable":true,"href":"https:\/\/droitemoderniste.be\/index.php\/wp-json\/wp\/v2\/comments?post=2962"}],"version-history":[{"count":1,"href":"https:\/\/droitemoderniste.be\/index.php\/wp-json\/wp\/v2\/posts\/2962\/revisions"}],"predecessor-version":[{"id":2964,"href":"https:\/\/droitemoderniste.be\/index.php\/wp-json\/wp\/v2\/posts\/2962\/revisions\/2964"}],"wp:attachment":[{"href":"https:\/\/droitemoderniste.be\/index.php\/wp-json\/wp\/v2\/media?parent=2962"}],"wp:term":[{"taxonomy":"category","embeddable":true,"href":"https:\/\/droitemoderniste.be\/index.php\/wp-json\/wp\/v2\/categories?post=2962"},{"taxonomy":"post_tag","embeddable":true,"href":"https:\/\/droitemoderniste.be\/index.php\/wp-json\/wp\/v2\/tags?post=2962"}],"curies":[{"name":"wp","href":"https:\/\/api.w.org\/{rel}","templated":true}]}}