{"id":2955,"date":"2026-06-10T12:57:15","date_gmt":"2026-06-10T10:57:15","guid":{"rendered":"https:\/\/droitemoderniste.be\/?p=2955"},"modified":"2026-06-10T12:57:15","modified_gmt":"2026-06-10T10:57:15","slug":"le-taux-dimmigres-en-belgique-continuera-daugmenter","status":"publish","type":"post","link":"https:\/\/droitemoderniste.be\/index.php\/2026\/06\/10\/le-taux-dimmigres-en-belgique-continuera-daugmenter\/","title":{"rendered":"Le taux d&rsquo;immigr\u00e9s en Belgique continuera d&rsquo;augmenter"},"content":{"rendered":"\n<figure class=\"wp-block-image size-full\"><img loading=\"lazy\" decoding=\"async\" width=\"704\" height=\"396\" src=\"https:\/\/droitemoderniste.be\/wp-content\/uploads\/2026\/06\/immigration-submersion.webp\" alt=\"\" class=\"wp-image-2956\" srcset=\"https:\/\/droitemoderniste.be\/wp-content\/uploads\/2026\/06\/immigration-submersion.webp 704w, https:\/\/droitemoderniste.be\/wp-content\/uploads\/2026\/06\/immigration-submersion-300x169.webp 300w\" sizes=\"auto, (max-width: 704px) 100vw, 704px\" \/><\/figure>\n\n\n\n<p class=\"wp-block-paragraph\">Le taux d\u2019immigr\u00e9s en Belgique continuera \u00e0 augmenter dans les prochaines d\u00e9cennies pour plusieurs raisons d\u00e9mographiques, \u00e9conomiques et g\u00e9opolitiques. Et il est probable que cette hausse sera constante et qu&rsquo;elle suivra une trajectoire unique, en effet, plusieurs tendances structurelles poussent dans ce sens.<\/p>\n\n\n\n<h5 class=\"wp-block-heading\">1. Le vieillissement de la population belge<\/h5>\n\n\n\n<p class=\"wp-block-paragraph\">La Belgique, comme la plupart des pays europ\u00e9ens, conna\u00eet un vieillissement important de sa population.<\/p>\n\n\n\n<ul class=\"wp-block-list\">\n<li>Le nombre de retrait\u00e9s augmente.<\/li>\n\n\n\n<li>Le taux de f\u00e9condit\u00e9 reste inf\u00e9rieur au seuil de renouvellement des g\u00e9n\u00e9rations (environ 2,1 enfants par femme).<\/li>\n\n\n\n<li>La population active cro\u00eet plus lentement que les besoins \u00e9conomiques.<\/li>\n<\/ul>\n\n\n\n<p class=\"wp-block-paragraph\">Pour maintenir le nombre de travailleurs, les gouvernements et les entreprises sont amen\u00e9s, par r\u00e9flexe pavlovien, \u00e0 recourir davantage \u00e0 l&rsquo;immigration.<\/p>\n\n\n\n<h5 class=\"wp-block-heading\">2. Les besoins du march\u00e9 du travail<\/h5>\n\n\n\n<p class=\"wp-block-paragraph\">De nombreux secteurs connaissent d\u00e9j\u00e0 des p\u00e9nuries de main-d&rsquo;\u0153uvre :<\/p>\n\n\n\n<ul class=\"wp-block-list\">\n<li>soins de sant\u00e9 ;<\/li>\n\n\n\n<li>construction ;<\/li>\n\n\n\n<li>transport et logistique ;<\/li>\n\n\n\n<li>informatique ;<\/li>\n\n\n\n<li>enseignement ;<\/li>\n\n\n\n<li>m\u00e9tiers techniques.<\/li>\n<\/ul>\n\n\n\n<p class=\"wp-block-paragraph\">Des organismes comme l\u2019Organisation de coop\u00e9ration et de d\u00e9veloppement \u00e9conomiques et la Commission europ\u00e9enne soulignent r\u00e9guli\u00e8rement que l&rsquo;immigration contribue \u00e0 compenser certaines p\u00e9nuries de travailleurs.<\/p>\n\n\n\n<h5 class=\"wp-block-heading\">3. La croissance naturelle faible<\/h5>\n\n\n\n<p class=\"wp-block-paragraph\">La croissance naturelle (naissances moins d\u00e9c\u00e8s) est devenue faible dans de nombreux pays europ\u00e9ens.<\/p>\n\n\n\n<p class=\"wp-block-paragraph\">En Belgique, une part importante de la croissance d\u00e9mographique r\u00e9cente provient des migrations internationales plut\u00f4t que de l&rsquo;exc\u00e9dent des naissances sur les d\u00e9c\u00e8s.<\/p>\n\n\n\n<h5 class=\"wp-block-heading\">4. La libre circulation au sein de l&rsquo;Union europ\u00e9enne<\/h5>\n\n\n\n<p class=\"wp-block-paragraph\">La Belgique se trouve au c\u0153ur de l&rsquo;Europe et accueille de nombreux citoyens europ\u00e9ens.<\/p>\n\n\n\n<p class=\"wp-block-paragraph\">Des ressortissants de pays comme la Roumanie, la Pologne, l\u2019Italie ou la France peuvent s&rsquo;installer relativement facilement en Belgique gr\u00e2ce \u00e0 la libert\u00e9 de circulation.<\/p>\n\n\n\n<h5 class=\"wp-block-heading\">5. L&rsquo;attractivit\u00e9 \u00e9conomique et institutionnelle de la Belgique<\/h5>\n\n\n\n<p class=\"wp-block-paragraph\">La Belgique accueille :<\/p>\n\n\n\n<ul class=\"wp-block-list\">\n<li>les institutions de l&rsquo;Union europ\u00e9enne ;<\/li>\n\n\n\n<li>le si\u00e8ge de l&rsquo;Organisation du trait\u00e9 de l&rsquo;Atlantique nord ;<\/li>\n\n\n\n<li>de nombreuses entreprises internationales ;<\/li>\n\n\n\n<li>plusieurs universit\u00e9s r\u00e9put\u00e9es.<\/li>\n<\/ul>\n\n\n\n<p class=\"wp-block-paragraph\">Cette attractivit\u00e9 favorise l&rsquo;arriv\u00e9e de travailleurs qualifi\u00e9s, d&rsquo;\u00e9tudiants et de chercheurs.<\/p>\n\n\n\n<h5 class=\"wp-block-heading\">6. Les crises internationales<\/h5>\n\n\n\n<p class=\"wp-block-paragraph\">Les conflits, les instabilit\u00e9s politiques et les difficult\u00e9s \u00e9conomiques dans certaines r\u00e9gions du monde peuvent entra\u00eener des flux migratoires vers l&rsquo;Europe.<\/p>\n\n\n\n<p class=\"wp-block-paragraph\">Des \u00e9v\u00e9nements comme la guerre en Ukraine ou certaines crises au Moyen-Orient et en Afrique ont d\u00e9j\u00e0 eu un impact sur les demandes d&rsquo;asile en Belgique.<\/p>\n\n\n\n<h5 class=\"wp-block-heading\">7. L&rsquo;effet d\u00e9mographique cumulatif<\/h5>\n\n\n\n<p class=\"wp-block-paragraph\">M\u00eame si les flux migratoires futurs diminuaient, la part des personnes issues de l&rsquo;immigration &nbsp;continuera \u00e0 augmenter parce que :<\/p>\n\n\n\n<ul class=\"wp-block-list\">\n<li>les immigr\u00e9s d\u00e9j\u00e0 install\u00e9s ont des enfants en Belgique ;<\/li>\n\n\n\n<li>les regroupements familiaux se poursuivent ;<\/li>\n\n\n\n<li>les nouvelles g\u00e9n\u00e9rations issues de l&rsquo;immigration repr\u00e9sentent une part croissante de la population totale.<\/li>\n<\/ul>\n\n\n\n<p class=\"wp-block-paragraph\">En r\u00e9sum\u00e9, les projections d\u00e9mographiques consid\u00e8rent souvent que l&rsquo;immigration restera le principal moteur de la croissance de la population belge au XXI\u1d49 si\u00e8cle. La combinaison du vieillissement, de la faible natalit\u00e9 et des besoins \u00e9conomiques explique pourquoi de nombreux d\u00e9mographes anticipent une augmentation de la part des immigr\u00e9s ou des personnes d&rsquo;origine immigr\u00e9e dans la population belge.<\/p>\n\n\n\n<p class=\"wp-block-paragraph\"><strong>Faisons en sorte que ce ne soit pas une fatalit\u00e9\u00a0:<\/strong><\/p>\n\n\n\n<ul class=\"wp-block-list\">\n<li>Le vieillissement de la population belge est r\u00e9versible\u00a0;<\/li>\n\n\n\n<li>Les besoins du march\u00e9 du travail peuvent \u00eatre combl\u00e9s\u00a0sans forc\u00e9ment recourir \u00e0 l\u2019immigration\u00a0;<\/li>\n\n\n\n<li>La croissance naturelle faible peut \u00eatre invers\u00e9e et donc fortifi\u00e9e\u00a0;<\/li>\n\n\n\n<li>La libre circulation au sein de l\u2019UE peut \u00eatre att\u00e9nu\u00e9e\u00a0;<\/li>\n\n\n\n<li>Les effets des crises internationales peuvent \u00eatre contenus \u00e0 l\u2019ext\u00e9rieur des fronti\u00e8res europ\u00e9ennes\u00a0;<\/li>\n\n\n\n<li>L\u2019effet d\u00e9mographique cumulatif peut \u00eatre \u00e9radiqu\u00e9\u2026<\/li>\n<\/ul>\n\n\n\n<p class=\"wp-block-paragraph\">Le <mark style=\"background-color:rgba(0, 0, 0, 0);color:#ff6900\" class=\"has-inline-color\">MDM<\/mark> a un plan f\u00e9d\u00e9ral pour rajeunir naturellement la Belgique et le courage politique de le mener \u00e0 bien&#8230;<\/p>\n\n\n\n<p class=\"wp-block-paragraph\"><\/p>\n","protected":false},"excerpt":{"rendered":"<p>Le taux d\u2019immigr\u00e9s en Belgique continuera \u00e0 augmenter dans les prochaines d\u00e9cennies pour plusieurs raisons d\u00e9mographiques, \u00e9conomiques et g\u00e9opolitiques. Et il est probable que cette hausse sera constante et qu&rsquo;elle suivra une trajectoire unique, en effet, plusieurs tendances structurelles poussent dans ce sens. 1. Le vieillissement de la population belge La Belgique, comme la plupart [&hellip;]<\/p>\n","protected":false},"author":1,"featured_media":0,"comment_status":"open","ping_status":"open","sticky":false,"template":"","format":"standard","meta":{"_monsterinsights_skip_tracking":false,"_uf_show_specific_survey":0,"_uf_disable_surveys":false,"footnotes":""},"categories":[1],"tags":[],"class_list":["post-2955","post","type-post","status-publish","format-standard","hentry","category-immigration"],"_links":{"self":[{"href":"https:\/\/droitemoderniste.be\/index.php\/wp-json\/wp\/v2\/posts\/2955","targetHints":{"allow":["GET"]}}],"collection":[{"href":"https:\/\/droitemoderniste.be\/index.php\/wp-json\/wp\/v2\/posts"}],"about":[{"href":"https:\/\/droitemoderniste.be\/index.php\/wp-json\/wp\/v2\/types\/post"}],"author":[{"embeddable":true,"href":"https:\/\/droitemoderniste.be\/index.php\/wp-json\/wp\/v2\/users\/1"}],"replies":[{"embeddable":true,"href":"https:\/\/droitemoderniste.be\/index.php\/wp-json\/wp\/v2\/comments?post=2955"}],"version-history":[{"count":1,"href":"https:\/\/droitemoderniste.be\/index.php\/wp-json\/wp\/v2\/posts\/2955\/revisions"}],"predecessor-version":[{"id":2957,"href":"https:\/\/droitemoderniste.be\/index.php\/wp-json\/wp\/v2\/posts\/2955\/revisions\/2957"}],"wp:attachment":[{"href":"https:\/\/droitemoderniste.be\/index.php\/wp-json\/wp\/v2\/media?parent=2955"}],"wp:term":[{"taxonomy":"category","embeddable":true,"href":"https:\/\/droitemoderniste.be\/index.php\/wp-json\/wp\/v2\/categories?post=2955"},{"taxonomy":"post_tag","embeddable":true,"href":"https:\/\/droitemoderniste.be\/index.php\/wp-json\/wp\/v2\/tags?post=2955"}],"curies":[{"name":"wp","href":"https:\/\/api.w.org\/{rel}","templated":true}]}}