{"id":2947,"date":"2026-06-09T13:59:03","date_gmt":"2026-06-09T11:59:03","guid":{"rendered":"https:\/\/droitemoderniste.be\/?p=2947"},"modified":"2026-06-09T13:59:03","modified_gmt":"2026-06-09T11:59:03","slug":"lecole-belge-na-pas-besoin-dune-enieme-reforme-elle-a-besoin-dune-revolution","status":"publish","type":"post","link":"https:\/\/droitemoderniste.be\/index.php\/2026\/06\/09\/lecole-belge-na-pas-besoin-dune-enieme-reforme-elle-a-besoin-dune-revolution\/","title":{"rendered":"L&rsquo;\u00e9cole belge n&rsquo;a pas besoin d&rsquo;une \u00e9ni\u00e8me r\u00e9forme. Elle a besoin d&rsquo;une r\u00e9volution."},"content":{"rendered":"\n<figure class=\"wp-block-image size-full\"><img loading=\"lazy\" decoding=\"async\" width=\"300\" height=\"168\" src=\"https:\/\/droitemoderniste.be\/wp-content\/uploads\/2026\/06\/ecole-pop1.jpg\" alt=\"\" class=\"wp-image-2948\"\/><\/figure>\n\n\n\n<p class=\"wp-block-paragraph\">Depuis plus de vingt ans, les gouvernements se succ\u00e8dent en F\u00e9d\u00e9ration Wallonie-Bruxelles avec la m\u00eame promesse : r\u00e9former l&rsquo;enseignement. Chaque ministre annonce son \u00ab plan ambitieux \u00bb, son \u00ab pacte historique \u00bb ou sa \u00ab modernisation indispensable \u00bb. Pourtant, le constat est implacable : le niveau baisse, les in\u00e9galit\u00e9s persistent, les enseignants s&rsquo;\u00e9puisent et les \u00e9l\u00e8ves perdent confiance dans une institution qui peine \u00e0 pr\u00e9parer l&rsquo;avenir.<\/p>\n\n\n\n<p class=\"wp-block-paragraph\">Combien de temps encore allons-nous accepter cette situation ?<\/p>\n\n\n\n<p class=\"wp-block-paragraph\">La v\u00e9rit\u00e9 d\u00e9rangeante est que notre syst\u00e8me scolaire reste prisonnier d&rsquo;une vision du si\u00e8cle dernier. On continue de faire croire que tous les \u00e9l\u00e8ves doivent apprendre les m\u00eames choses, au m\u00eame rythme, de la m\u00eame mani\u00e8re. On impose l&rsquo;uniformit\u00e9 au nom de l&rsquo;\u00e9galit\u00e9, puis on s&rsquo;\u00e9tonne de voir des milliers de jeunes d\u00e9crocher ou sortir de l&rsquo;\u00e9cole sans ma\u00eetriser les comp\u00e9tences fondamentales.<\/p>\n\n\n\n<p class=\"wp-block-paragraph\">Cette logique a \u00e9chou\u00e9.<\/p>\n\n\n\n<p class=\"wp-block-paragraph\">L&rsquo;\u00e9cole ne devrait pas \u00eatre une usine \u00e0 produire des parcours identiques. Elle devrait \u00eatre une machine \u00e0 r\u00e9v\u00e9ler les talents.<\/p>\n\n\n\n<p class=\"wp-block-paragraph\">Chaque enfant est diff\u00e9rent. Certains excellent dans les sciences, d&rsquo;autres dans les m\u00e9tiers techniques, l&rsquo;entrepreneuriat, les arts, le num\u00e9rique ou le travail manuel. Pourtant, notre syst\u00e8me continue \u00e0 hi\u00e9rarchiser artificiellement les fili\u00e8res et \u00e0 enfermer les \u00e9l\u00e8ves dans des cat\u00e9gories qui ne correspondent plus aux r\u00e9alit\u00e9s du XXIe si\u00e8cle.<\/p>\n\n\n\n<p class=\"wp-block-paragraph\">Au <mark style=\"background-color:rgba(0, 0, 0, 0);color:#ff6900\" class=\"has-inline-color\">Mouvement Droite Moderniste<\/mark>, nous refusons cette fatalit\u00e9.<\/p>\n\n\n\n<p class=\"wp-block-paragraph\">Nous proposons une rupture claire : remplacer la culture de la standardisation par une culture de l&rsquo;excellence personnalis\u00e9e.<\/p>\n\n\n\n<p class=\"wp-block-paragraph\">Chaque \u00e9l\u00e8ve devrait disposer d&rsquo;un parcours construit autour de ses aptitudes r\u00e9elles. Chaque \u00e9cole devrait b\u00e9n\u00e9ficier d&rsquo;une autonomie accrue pour innover. Chaque famille devrait avoir davantage de libert\u00e9 dans le choix des solutions \u00e9ducatives. Chaque jeune devrait pouvoir d\u00e9velopper son potentiel sans \u00eatre contraint de rentrer dans un moule bureaucratique.<\/p>\n\n\n\n<p class=\"wp-block-paragraph\">Nous voulons \u00e9galement rendre aux enseignants ce que l&rsquo;administration leur a progressivement retir\u00e9 : du temps, de l&rsquo;autorit\u00e9 et de la consid\u00e9ration. Trop souvent, les professeurs sont transform\u00e9s en gestionnaires de formulaires alors que leur mission est de transmettre le savoir. Cette d\u00e9rive doit cesser.<\/p>\n\n\n\n<p class=\"wp-block-paragraph\">Le v\u00e9ritable scandale n&rsquo;est pas que l&rsquo;\u00e9cole co\u00fbte cher. Le v\u00e9ritable scandale est qu&rsquo;elle co\u00fbte de plus en plus cher tout en obtenant des r\u00e9sultats de plus en plus d\u00e9cevants.<\/p>\n\n\n\n<p class=\"wp-block-paragraph\">Pendant que certains responsables politiques d\u00e9battent de proc\u00e9dures, le monde avance. L&rsquo;intelligence artificielle transforme les m\u00e9tiers. Les comp\u00e9tences num\u00e9riques deviennent essentielles. Les entreprises peinent \u00e0 recruter. Les m\u00e9tiers techniques manquent cruellement de candidats. Et pourtant, notre syst\u00e8me \u00e9ducatif continue trop souvent \u00e0 fonctionner comme si nous \u00e9tions encore en 1995.<\/p>\n\n\n\n<p class=\"wp-block-paragraph\">L&rsquo;immobilisme n&rsquo;est plus une option.<\/p>\n\n\n\n<p class=\"wp-block-paragraph\">L&rsquo;avenir de la Belgique ne se jouera pas dans les cabinets minist\u00e9riels ni dans les rapports d&rsquo;experts qui prennent la poussi\u00e8re sur des \u00e9tag\u00e8res. Il se jouera dans les salles de classe, les ateliers, les laboratoires et les centres de formation.<\/p>\n\n\n\n<p class=\"wp-block-paragraph\">Notre ambition est simple : faire de l&rsquo;\u00e9cole belge l&rsquo;une des plus performantes d&rsquo;Europe.<\/p>\n\n\n\n<p class=\"wp-block-paragraph\">Cela exige du courage politique. Cela exige d&rsquo;abandonner les dogmes. Cela exige de faire confiance aux enseignants, aux directeurs, aux familles et aux \u00e9l\u00e8ves eux-m\u00eames.<\/p>\n\n\n\n<p class=\"wp-block-paragraph\">Le choix est d\u00e9sormais clair : continuer \u00e0 g\u00e9rer le d\u00e9clin avec des r\u00e9formes cosm\u00e9tiques ou engager une transformation profonde fond\u00e9e sur la libert\u00e9, la responsabilit\u00e9 et l&rsquo;excellence.<\/p>\n\n\n\n<p class=\"wp-block-paragraph\">Le <mark style=\"background-color:rgba(0, 0, 0, 0);color:#ff6900\" class=\"has-inline-color\">Mouvement Droite Moderniste<\/mark> a choisi son camp.<\/p>\n\n\n\n<p class=\"wp-block-paragraph\">Parce qu&rsquo;un pays qui renonce \u00e0 l&rsquo;excellence de son enseignement renonce \u00e0 son avenir.<\/p>\n\n\n\n<p class=\"wp-block-paragraph\">Et parce que nos enfants m\u00e9ritent mieux que les excuses d&rsquo;un syst\u00e8me qui \u00e9choue depuis trop longtemps.<\/p>\n\n\n\n<p class=\"wp-block-paragraph\"><\/p>\n","protected":false},"excerpt":{"rendered":"<p>Depuis plus de vingt ans, les gouvernements se succ\u00e8dent en F\u00e9d\u00e9ration Wallonie-Bruxelles avec la m\u00eame promesse : r\u00e9former l&rsquo;enseignement. Chaque ministre annonce son \u00ab plan ambitieux \u00bb, son \u00ab pacte historique \u00bb ou sa \u00ab modernisation indispensable \u00bb. Pourtant, le constat est implacable : le niveau baisse, les in\u00e9galit\u00e9s persistent, les enseignants s&rsquo;\u00e9puisent et les [&hellip;]<\/p>\n","protected":false},"author":1,"featured_media":0,"comment_status":"open","ping_status":"open","sticky":false,"template":"","format":"standard","meta":{"_monsterinsights_skip_tracking":false,"_uf_show_specific_survey":0,"_uf_disable_surveys":false,"footnotes":""},"categories":[37,58],"tags":[],"class_list":["post-2947","post","type-post","status-publish","format-standard","hentry","category-ecole","category-justice-scolaire"],"_links":{"self":[{"href":"https:\/\/droitemoderniste.be\/index.php\/wp-json\/wp\/v2\/posts\/2947","targetHints":{"allow":["GET"]}}],"collection":[{"href":"https:\/\/droitemoderniste.be\/index.php\/wp-json\/wp\/v2\/posts"}],"about":[{"href":"https:\/\/droitemoderniste.be\/index.php\/wp-json\/wp\/v2\/types\/post"}],"author":[{"embeddable":true,"href":"https:\/\/droitemoderniste.be\/index.php\/wp-json\/wp\/v2\/users\/1"}],"replies":[{"embeddable":true,"href":"https:\/\/droitemoderniste.be\/index.php\/wp-json\/wp\/v2\/comments?post=2947"}],"version-history":[{"count":1,"href":"https:\/\/droitemoderniste.be\/index.php\/wp-json\/wp\/v2\/posts\/2947\/revisions"}],"predecessor-version":[{"id":2949,"href":"https:\/\/droitemoderniste.be\/index.php\/wp-json\/wp\/v2\/posts\/2947\/revisions\/2949"}],"wp:attachment":[{"href":"https:\/\/droitemoderniste.be\/index.php\/wp-json\/wp\/v2\/media?parent=2947"}],"wp:term":[{"taxonomy":"category","embeddable":true,"href":"https:\/\/droitemoderniste.be\/index.php\/wp-json\/wp\/v2\/categories?post=2947"},{"taxonomy":"post_tag","embeddable":true,"href":"https:\/\/droitemoderniste.be\/index.php\/wp-json\/wp\/v2\/tags?post=2947"}],"curies":[{"name":"wp","href":"https:\/\/api.w.org\/{rel}","templated":true}]}}