{"id":2938,"date":"2026-06-08T09:16:10","date_gmt":"2026-06-08T07:16:10","guid":{"rendered":"https:\/\/droitemoderniste.be\/?p=2938"},"modified":"2026-06-08T09:16:10","modified_gmt":"2026-06-08T07:16:10","slug":"moins-de-bureaucratie-scolaire-plus-de-reussite-mesurable","status":"publish","type":"post","link":"https:\/\/droitemoderniste.be\/index.php\/2026\/06\/08\/moins-de-bureaucratie-scolaire-plus-de-reussite-mesurable\/","title":{"rendered":"Moins de bureaucratie scolaire, plus de r\u00e9ussite mesurable"},"content":{"rendered":"\n<figure class=\"wp-block-image size-full\"><img loading=\"lazy\" decoding=\"async\" width=\"275\" height=\"183\" src=\"https:\/\/droitemoderniste.be\/wp-content\/uploads\/2026\/06\/ecole-catholique.jpg\" alt=\"\" class=\"wp-image-2939\"\/><\/figure>\n\n\n\n<p class=\"wp-block-paragraph\">Voici une proposition plus <strong>originale<\/strong> et plus lisible que la logique actuelle de la F\u00e9d\u00e9ration Wallonie-Bruxelles : un <strong>contrat de r\u00e9ussite scolaire individualis\u00e9, financ\u00e9 \u00e0 l\u2019\u00e9l\u00e8ve, et pilot\u00e9 par objectifs mesurables<\/strong> plut\u00f4t que par structures et r\u00e9seaux. L\u2019id\u00e9e centrale est de remplacer la r\u00e9forme par couches successives par un syst\u00e8me simple : chaque \u00e9l\u00e8ve re\u00e7oit un parcours modulaire, des rem\u00e9diations rapides, et des \u00e9valuations r\u00e9guli\u00e8res, avec obligation pour l\u2019\u00e9cole d\u2019intervenir d\u00e8s les premiers signaux de d\u00e9crochage.<\/p>\n\n\n\n<h2 class=\"wp-block-heading\">La proposition moderniste<\/h2>\n\n\n\n<p class=\"wp-block-paragraph\">Le <mark style=\"background-color:rgba(0, 0, 0, 0);color:#ff6900\" class=\"has-inline-color\">Mouvement Droite Moderniste<\/mark> veut d\u00e9fendre un <strong>tronc commun souple jusqu\u2019\u00e0 15 ans<\/strong>, mais organis\u00e9 en blocs de comp\u00e9tences r\u00e9ellement personnalisables : fran\u00e7ais, math\u00e9matiques, sciences, num\u00e9rique, langues, esprit critique, entrepreneuriat et ateliers d\u2019orientation. Cela ira plus loin que la r\u00e9forme de la FWB, qui mise surtout sur un tronc commun prolong\u00e9 et une meilleure orientation, en ajoutant de la flexibilit\u00e9 concr\u00e8te et des parcours adapt\u00e9s au rythme r\u00e9el de l\u2019\u00e9l\u00e8ve.<\/p>\n\n\n\n<p class=\"wp-block-paragraph\">Le c\u0153ur de la mesure sera un <strong>\u201cbudget \u00e9l\u00e8ve\u201d<\/strong> : chaque enfant disposera d\u2019un cr\u00e9dit annuel de rem\u00e9diation, de tutorat, d\u2019appui logop\u00e9dique, de soutien num\u00e9rique ou d\u2019activit\u00e9s d\u2019accrochage, mobilisable dans son \u00e9cole ou chez un op\u00e9rateur agr\u00e9\u00e9. Cela permettra de d\u00e9placer le financement vers la r\u00e9ussite effective plut\u00f4t que vers la seule administration du syst\u00e8me, ce qui est coh\u00e9rent avec l\u2019approche moderniste d\u2019efficacit\u00e9 et de r\u00e9sultats.<\/p>\n\n\n\n<h2 class=\"wp-block-heading\">Pourquoi ce sera meilleur<\/h2>\n\n\n\n<p class=\"wp-block-paragraph\">Cette solution sera meilleure que celle de la FWB parce qu\u2019elle traite le vrai probl\u00e8me : l\u2019h\u00e9t\u00e9rog\u00e9n\u00e9it\u00e9 des \u00e9l\u00e8ves et le d\u00e9crochage, pas seulement l\u2019architecture institutionnelle. La FWB insiste sur la modernisation de la gouvernance et du tronc commun, mais un syst\u00e8me trop uniforme risque de laisser de c\u00f4t\u00e9 les \u00e9l\u00e8ves rapides, les \u00e9l\u00e8ves fragiles et ceux qui ont besoin d\u2019un autre chemin d\u2019apprentissage.<\/p>\n\n\n\n<p class=\"wp-block-paragraph\">Elle sera aussi plus ambitieuse sur le plan social, car elle combinera <strong>exigence et mobilit\u00e9<\/strong> : \u00e9valuations fr\u00e9quentes, rem\u00e9diation imm\u00e9diate, orientation plus t\u00f4t mais sans rel\u00e9gation, et passerelles permanentes vers l\u2019alternance ou le qualifiant. Le MR lui-m\u00eame d\u00e9fend d\u00e9j\u00e0 davantage d\u2019\u00e9valuations, davantage d\u2019\u00e9cole, et la valorisation de l\u2019alternance ; le <mark style=\"background-color:rgba(0, 0, 0, 0);color:#ff6900\" class=\"has-inline-color\">MDM<\/mark> pourra pousser cette logique plus loin en en faisant un syst\u00e8me coh\u00e9rent centr\u00e9 sur l\u2019\u00e9l\u00e8ve.<\/p>\n\n\n\n<h2 class=\"wp-block-heading\">Formule politique<\/h2>\n\n\n\n<p class=\"wp-block-paragraph\">En une phrase, le <mark style=\"background-color:rgba(0, 0, 0, 0);color:#ff6900\" class=\"has-inline-color\">MDM<\/mark> pourra dire : <strong>\u201cmoins de bureaucratie scolaire, plus de r\u00e9ussite mesurable.\u201d<\/strong> Concr\u00e8tement, cela signifie moins de querelles de r\u00e9seaux et plus de moyens fl\u00e9ch\u00e9s vers les \u00e9l\u00e8ves en difficult\u00e9, les \u00e9coles qui obtiennent des progr\u00e8s r\u00e9els, et les enseignants qui s\u2019engagent dans la rem\u00e9diation et le tutorat.<\/p>\n","protected":false},"excerpt":{"rendered":"<p>Voici une proposition plus originale et plus lisible que la logique actuelle de la F\u00e9d\u00e9ration Wallonie-Bruxelles : un contrat de r\u00e9ussite scolaire individualis\u00e9, financ\u00e9 \u00e0 l\u2019\u00e9l\u00e8ve, et pilot\u00e9 par objectifs mesurables plut\u00f4t que par structures et r\u00e9seaux. L\u2019id\u00e9e centrale est de remplacer la r\u00e9forme par couches successives par un syst\u00e8me simple : chaque \u00e9l\u00e8ve re\u00e7oit [&hellip;]<\/p>\n","protected":false},"author":1,"featured_media":0,"comment_status":"open","ping_status":"open","sticky":false,"template":"","format":"standard","meta":{"_monsterinsights_skip_tracking":false,"_uf_show_specific_survey":0,"_uf_disable_surveys":false,"footnotes":""},"categories":[37,21,58,24],"tags":[],"class_list":["post-2938","post","type-post","status-publish","format-standard","hentry","category-ecole","category-institutions","category-justice-scolaire","category-justice-sociale"],"_links":{"self":[{"href":"https:\/\/droitemoderniste.be\/index.php\/wp-json\/wp\/v2\/posts\/2938","targetHints":{"allow":["GET"]}}],"collection":[{"href":"https:\/\/droitemoderniste.be\/index.php\/wp-json\/wp\/v2\/posts"}],"about":[{"href":"https:\/\/droitemoderniste.be\/index.php\/wp-json\/wp\/v2\/types\/post"}],"author":[{"embeddable":true,"href":"https:\/\/droitemoderniste.be\/index.php\/wp-json\/wp\/v2\/users\/1"}],"replies":[{"embeddable":true,"href":"https:\/\/droitemoderniste.be\/index.php\/wp-json\/wp\/v2\/comments?post=2938"}],"version-history":[{"count":1,"href":"https:\/\/droitemoderniste.be\/index.php\/wp-json\/wp\/v2\/posts\/2938\/revisions"}],"predecessor-version":[{"id":2940,"href":"https:\/\/droitemoderniste.be\/index.php\/wp-json\/wp\/v2\/posts\/2938\/revisions\/2940"}],"wp:attachment":[{"href":"https:\/\/droitemoderniste.be\/index.php\/wp-json\/wp\/v2\/media?parent=2938"}],"wp:term":[{"taxonomy":"category","embeddable":true,"href":"https:\/\/droitemoderniste.be\/index.php\/wp-json\/wp\/v2\/categories?post=2938"},{"taxonomy":"post_tag","embeddable":true,"href":"https:\/\/droitemoderniste.be\/index.php\/wp-json\/wp\/v2\/tags?post=2938"}],"curies":[{"name":"wp","href":"https:\/\/api.w.org\/{rel}","templated":true}]}}