{"id":2913,"date":"2026-06-02T14:15:06","date_gmt":"2026-06-02T12:15:06","guid":{"rendered":"https:\/\/droitemoderniste.be\/?p=2913"},"modified":"2026-06-02T14:15:06","modified_gmt":"2026-06-02T12:15:06","slug":"la-regularisation-des-sans-papiers-y-compris-de-ceux-qui-travaillent-constitue-en-belgique-une-imprudence-politique-majeure","status":"publish","type":"post","link":"https:\/\/droitemoderniste.be\/index.php\/2026\/06\/02\/la-regularisation-des-sans-papiers-y-compris-de-ceux-qui-travaillent-constitue-en-belgique-une-imprudence-politique-majeure\/","title":{"rendered":"La r\u00e9gularisation des sans-papiers, y compris de ceux qui travaillent, constitue en Belgique une imprudence politique majeure"},"content":{"rendered":"\n<figure class=\"wp-block-image size-full\"><img loading=\"lazy\" decoding=\"async\" width=\"284\" height=\"177\" src=\"https:\/\/droitemoderniste.be\/wp-content\/uploads\/2026\/06\/Sans-papiers2.jpg\" alt=\"\" class=\"wp-image-2914\"\/><\/figure>\n\n\n\n<p class=\"wp-block-paragraph\"><strong>1. Risque d&rsquo;effet d&rsquo;appel<\/strong><\/p>\n\n\n\n<p class=\"wp-block-paragraph\">Le premier argument est que des r\u00e9gularisations r\u00e9p\u00e9t\u00e9es peuvent \u00eatre per\u00e7ues comme un signal indiquant qu&rsquo;une pr\u00e9sence prolong\u00e9e sur le territoire belge finit par ouvrir la voie \u00e0 un statut l\u00e9gal.<\/p>\n\n\n\n<p class=\"wp-block-paragraph\">Selon cette logique :<\/p>\n\n\n\n<ul class=\"wp-block-list\">\n<li>Des personnes pourraient \u00eatre encourag\u00e9es \u00e0 entrer ou \u00e0 rester ill\u00e9galement sur le territoire.<\/li>\n\n\n\n<li>Les fili\u00e8res de migration irr\u00e9guli\u00e8re pourraient utiliser l&rsquo;existence de pr\u00e9c\u00e9dentes r\u00e9gularisations comme argument commercial.<\/li>\n\n\n\n<li>La distinction entre immigration l\u00e9gale et irr\u00e9guli\u00e8re deviendrait moins cr\u00e9dible.<\/li>\n<\/ul>\n\n\n\n<p class=\"wp-block-paragraph\">L&rsquo;id\u00e9e n&rsquo;est pas que chaque r\u00e9gularisation provoque m\u00e9caniquement une nouvelle vague migratoire, mais qu&rsquo;elle modifie les anticipations des candidats \u00e0 l&rsquo;immigration.<\/p>\n\n\n\n<p class=\"wp-block-paragraph\"><strong>2. Affaiblissement de l&rsquo;\u00c9tat de droit<\/strong><\/p>\n\n\n\n<p class=\"wp-block-paragraph\">Un second argument repose sur la coh\u00e9rence juridique :<\/p>\n\n\n\n<ul class=\"wp-block-list\">\n<li>Les r\u00e8gles d&rsquo;entr\u00e9e et de s\u00e9jour n&rsquo;ont de sens que si elles sont effectivement appliqu\u00e9es.<\/li>\n\n\n\n<li>Une r\u00e9gularisation fond\u00e9e principalement sur la dur\u00e9e de pr\u00e9sence ou sur l&#8217;emploi peut appara\u00eetre comme une r\u00e9compense du non-respect initial des r\u00e8gles.<\/li>\n\n\n\n<li>Les personnes qui ont suivi les proc\u00e9dures l\u00e9gales pourraient percevoir cela comme une injustice.<\/li>\n<\/ul>\n\n\n\n<p class=\"wp-block-paragraph\">Dans cette perspective, la question n&rsquo;est pas morale mais institutionnelle : un \u00c9tat qui n&rsquo;applique pas ses propres r\u00e8gles risque de fragiliser sa l\u00e9gitimit\u00e9.<\/p>\n\n\n\n<p class=\"wp-block-paragraph\"><strong>3. Cr\u00e9ation d&rsquo;un march\u00e9 du travail parall\u00e8le<\/strong><\/p>\n\n\n\n<p class=\"wp-block-paragraph\">L&rsquo;argument est particuli\u00e8rement d\u00e9velopp\u00e9 pour les sans-papiers qui travaillent :<\/p>\n\n\n\n<ul class=\"wp-block-list\">\n<li>Certains employeurs profitent d&rsquo;une main-d&rsquo;\u0153uvre vuln\u00e9rable.<\/li>\n\n\n\n<li>Si le travail devient un crit\u00e8re de r\u00e9gularisation, certains secteurs pourraient \u00eatre incit\u00e9s \u00e0 continuer \u00e0 employer des travailleurs irr\u00e9guliers.<\/li>\n\n\n\n<li>Une \u00e9conomie grise risquerait d&rsquo;\u00eatre indirectement encourag\u00e9e.<\/li>\n<\/ul>\n\n\n\n<p class=\"wp-block-paragraph\">La priorit\u00e9 devrait \u00eatre la lutte contre le travail ill\u00e9gal plut\u00f4t que la r\u00e9gularisation de ses victimes.<\/p>\n\n\n\n<p class=\"wp-block-paragraph\"><strong>4. Pression sur les services publics<\/strong><\/p>\n\n\n\n<p class=\"wp-block-paragraph\">Un autre argument est budg\u00e9taire et organisationnel.<\/p>\n\n\n\n<p class=\"wp-block-paragraph\">La r\u00e9gularisation peut entra\u00eener :<\/p>\n\n\n\n<ul class=\"wp-block-list\">\n<li>un acc\u00e8s \u00e9largi \u00e0 certaines prestations sociales ;<\/li>\n\n\n\n<li>une demande suppl\u00e9mentaire de logements ;<\/li>\n\n\n\n<li>une augmentation des besoins en enseignement, sant\u00e9 et infrastructures.<\/li>\n<\/ul>\n\n\n\n<p class=\"wp-block-paragraph\">M\u00eame si les personnes r\u00e9gularis\u00e9es cotisent et paient des imp\u00f4ts, nombreux sont ceux qui estiment que la capacit\u00e9 d&rsquo;int\u00e9gration de la Belgique est d\u00e9j\u00e0 sous tension dans plusieurs grandes villes.<\/p>\n\n\n\n<p class=\"wp-block-paragraph\"><strong>5. Risque de perte de confiance d\u00e9mocratique<\/strong><\/p>\n\n\n\n<p class=\"wp-block-paragraph\">D&rsquo;un point de vue politique, certains consid\u00e8rent que les r\u00e9gularisations massives peuvent accentuer le foss\u00e9 entre les citoyens et les institutions.<\/p>\n\n\n\n<p class=\"wp-block-paragraph\">Le raisonnement est le suivant :<\/p>\n\n\n\n<ul class=\"wp-block-list\">\n<li>Une partie de la population estime que les autorit\u00e9s ne ma\u00eetrisent d\u00e9j\u00e0 pas suffisamment les flux migratoires.<\/li>\n\n\n\n<li>Une r\u00e9gularisation peut \u00eatre interpr\u00e9t\u00e9e comme l&rsquo;aveu d&rsquo;un \u00e9chec des politiques migratoires.<\/li>\n\n\n\n<li>Cette perception peut nourrir la progression de mouvements populistes ou anti-syst\u00e8me.<\/li>\n<\/ul>\n\n\n\n<p class=\"wp-block-paragraph\">L&rsquo;argument n&rsquo;est donc pas seulement migratoire, mais aussi li\u00e9 \u00e0 la stabilit\u00e9 d\u00e9mocratique.<\/p>\n\n\n\n<p class=\"wp-block-paragraph\"><strong>6. Le travail ne r\u00e9sout pas toutes les questions<\/strong><\/p>\n\n\n\n<p class=\"wp-block-paragraph\">Certes, les sans-papiers qui travaillent contribuent \u00e0 l&rsquo;\u00e9conomie.<\/p>\n\n\n\n<p class=\"wp-block-paragraph\">Cependant :<\/p>\n\n\n\n<ul class=\"wp-block-list\">\n<li>l&#8217;emploi ne constitue pas \u00e0 lui seul un fondement du droit de s\u00e9jour ;<\/li>\n\n\n\n<li>de nombreux \u00e9trangers attendent un visa ou un permis de travail en respectant les proc\u00e9dures ;<\/li>\n\n\n\n<li>transformer syst\u00e9matiquement le travail en voie de r\u00e9gularisation pourrait contourner les m\u00e9canismes classiques de s\u00e9lection de l&rsquo;immigration \u00e9conomique.<\/li>\n<\/ul>\n\n\n\n<p class=\"wp-block-paragraph\">La question centrale est moins l&rsquo;activit\u00e9 \u00e9conomique de la personne que la mani\u00e8re dont elle est entr\u00e9e ou rest\u00e9e sur le territoire.<\/p>\n\n\n\n<p class=\"wp-block-paragraph\"><strong>Conclusion<\/strong><\/p>\n\n\n\n<p class=\"wp-block-paragraph\">R\u00e9gulariser des sans-papiers, m\u00eame lorsqu&rsquo;ils travaillent, risque d&rsquo;affaiblir la cr\u00e9dibilit\u00e9 des r\u00e8gles migratoires, de cr\u00e9er un pr\u00e9c\u00e9dent encourageant l&rsquo;immigration irr\u00e9guli\u00e8re, de fragiliser l&rsquo;\u00c9tat de droit et d&rsquo;alimenter la d\u00e9fiance politique. <\/p>\n\n\n\n<p class=\"wp-block-paragraph\">Une politique prudente devrait privil\u00e9gier le contr\u00f4le des fronti\u00e8res, la lutte contre le travail clandestin et les voies l\u00e9gales d&rsquo;immigration plut\u00f4t que des r\u00e9gularisations a posteriori.<\/p>\n\n\n\n<p class=\"wp-block-paragraph\">\u00c0 l&rsquo;inverse, les partisans de la r\u00e9gularisation avancent que ces travailleurs sont d\u00e9j\u00e0 int\u00e9gr\u00e9s, contribuent \u00e0 l&rsquo;\u00e9conomie et qu&rsquo;une r\u00e9gularisation permettrait de r\u00e9duire l&rsquo;exploitation et d&rsquo;augmenter les recettes fiscales. <\/p>\n\n\n\n<p class=\"wp-block-paragraph\">La question rel\u00e8ve donc d&rsquo;un arbitrage politique entre contr\u00f4le migratoire, imp\u00e9ratifs \u00e9conomiques et consid\u00e9rations humanitaires.<\/p>\n","protected":false},"excerpt":{"rendered":"<p>1. Risque d&rsquo;effet d&rsquo;appel Le premier argument est que des r\u00e9gularisations r\u00e9p\u00e9t\u00e9es peuvent \u00eatre per\u00e7ues comme un signal indiquant qu&rsquo;une pr\u00e9sence prolong\u00e9e sur le territoire belge finit par ouvrir la voie \u00e0 un statut l\u00e9gal. Selon cette logique : L&rsquo;id\u00e9e n&rsquo;est pas que chaque r\u00e9gularisation provoque m\u00e9caniquement une nouvelle vague migratoire, mais qu&rsquo;elle modifie les [&hellip;]<\/p>\n","protected":false},"author":1,"featured_media":0,"comment_status":"open","ping_status":"open","sticky":false,"template":"","format":"standard","meta":{"_monsterinsights_skip_tracking":false,"_uf_show_specific_survey":0,"_uf_disable_surveys":false,"footnotes":""},"categories":[50,31,12,1],"tags":[],"class_list":["post-2913","post","type-post","status-publish","format-standard","hentry","category-deficit-public","category-economie","category-finances-publiques","category-immigration"],"_links":{"self":[{"href":"https:\/\/droitemoderniste.be\/index.php\/wp-json\/wp\/v2\/posts\/2913","targetHints":{"allow":["GET"]}}],"collection":[{"href":"https:\/\/droitemoderniste.be\/index.php\/wp-json\/wp\/v2\/posts"}],"about":[{"href":"https:\/\/droitemoderniste.be\/index.php\/wp-json\/wp\/v2\/types\/post"}],"author":[{"embeddable":true,"href":"https:\/\/droitemoderniste.be\/index.php\/wp-json\/wp\/v2\/users\/1"}],"replies":[{"embeddable":true,"href":"https:\/\/droitemoderniste.be\/index.php\/wp-json\/wp\/v2\/comments?post=2913"}],"version-history":[{"count":1,"href":"https:\/\/droitemoderniste.be\/index.php\/wp-json\/wp\/v2\/posts\/2913\/revisions"}],"predecessor-version":[{"id":2915,"href":"https:\/\/droitemoderniste.be\/index.php\/wp-json\/wp\/v2\/posts\/2913\/revisions\/2915"}],"wp:attachment":[{"href":"https:\/\/droitemoderniste.be\/index.php\/wp-json\/wp\/v2\/media?parent=2913"}],"wp:term":[{"taxonomy":"category","embeddable":true,"href":"https:\/\/droitemoderniste.be\/index.php\/wp-json\/wp\/v2\/categories?post=2913"},{"taxonomy":"post_tag","embeddable":true,"href":"https:\/\/droitemoderniste.be\/index.php\/wp-json\/wp\/v2\/tags?post=2913"}],"curies":[{"name":"wp","href":"https:\/\/api.w.org\/{rel}","templated":true}]}}