{"id":2910,"date":"2026-06-01T08:40:13","date_gmt":"2026-06-01T06:40:13","guid":{"rendered":"https:\/\/droitemoderniste.be\/?p=2910"},"modified":"2026-06-01T08:40:13","modified_gmt":"2026-06-01T06:40:13","slug":"federation-wallonie-bruxelles-vers-une-clarification-necessaire-des-competences","status":"publish","type":"post","link":"https:\/\/droitemoderniste.be\/index.php\/2026\/06\/01\/federation-wallonie-bruxelles-vers-une-clarification-necessaire-des-competences\/","title":{"rendered":"F\u00e9d\u00e9ration Wallonie-Bruxelles : vers une clarification n\u00e9cessaire des comp\u00e9tences"},"content":{"rendered":"\n<figure class=\"wp-block-image size-full\"><img loading=\"lazy\" decoding=\"async\" width=\"275\" height=\"183\" src=\"https:\/\/droitemoderniste.be\/wp-content\/uploads\/2026\/06\/FWB-Gouv.jpg\" alt=\"\" class=\"wp-image-2911\"\/><\/figure>\n\n\n\n<p class=\"wp-block-paragraph\">La F\u00e9d\u00e9ration Wallonie-Bruxelles traverse une crise de sens. Elle exerce des responsabilit\u00e9s centrales \u2014 enseignement, culture, sport, aide \u00e0 la jeunesse, recherche \u2014 mais elle le fait dans un cadre institutionnel de plus en plus contest\u00e9, tant pour sa lisibilit\u00e9 que pour son efficacit\u00e9 budg\u00e9taire. Ces derni\u00e8res ann\u00e9es, les arbitrages financiers se sont durcis, et le gouvernement de la FWB a d\u00fb annoncer des \u00e9conomies importantes pour 2026, signe d\u2019une tension structurelle qui ne se r\u00e9sout pas par des ajustements ponctuels.<\/p>\n\n\n\n<p class=\"wp-block-paragraph\">Ce n\u2019est pas un secret : la Belgique a d\u00e9j\u00e0 profond\u00e9ment r\u00e9form\u00e9 son \u00c9tat, transf\u00e9rant nombre de comp\u00e9tences vers les R\u00e9gions et les Communaut\u00e9s, et la r\u00e9partition des pouvoirs reste un sujet permanent de d\u00e9bat. Dans ce contexte, la FWB appara\u00eet comme une entit\u00e9 \u00e0 la g\u00e9om\u00e9trie particuli\u00e8re : une Communaut\u00e9 francophone qui ne couvre pas tout le territoire de la R\u00e9gion de Bruxelles-Capitale et dont les comp\u00e9tences sont complexes \u00e0 distinguer de celles des R\u00e9gions dans plusieurs domaines.<\/p>\n\n\n\n<p class=\"wp-block-paragraph\">Pour le <mark style=\"background-color:rgba(0, 0, 0, 0);color:#ff6900\" class=\"has-inline-color\">MDM<\/mark>, la question n\u2019est donc pas de \u00ab supprimer la francophonie \u00bb ni de \u00ab laisser tomber l\u2019\u00e9cole \u00bb, mais de se demander si la FWB doit rester un niveau de pouvoir autonome, ou si ses missions peuvent \u00eatre mieux administr\u00e9es par les R\u00e9gions, qui sont d\u00e9j\u00e0 charg\u00e9es d\u2019une grande partie des politiques territoriales. L\u2019objectif est de clarification, pas de destruction : un citoyen plus proche des d\u00e9cisions, des budgets plus transparents, des responsabilit\u00e9s plus claires.<\/p>\n\n\n\n<p class=\"wp-block-paragraph\">Ce positionnement n\u2019est pas purement th\u00e9orique. Il r\u00e9pond \u00e0 une demande croissante de simplification et de responsabilit\u00e9. Les citoyens ne demandent pas plus d\u2019institutions, mais davantage de lisibilit\u00e9 sur qui fait quoi, qui d\u00e9cide et qui paie. Si la FWB continue d\u2019\u00eatre per\u00e7ue comme une structure co\u00fbteuse (plus de 13 milliards d&rsquo;euros dettes cumul\u00e9es, qui atteindront probablement plus de 21 milliards en 2029 !) et difficile \u00e0 comprendre, sa l\u00e9gitimit\u00e9 s\u2019affaiblira, quel que soit le danger de couper brusquement avec le pass\u00e9.<\/p>\n\n\n\n<p class=\"wp-block-paragraph\">Le <mark style=\"background-color:rgba(0, 0, 0, 0);color:#ff6900\" class=\"has-inline-color\">MDM<\/mark> peut porter cette id\u00e9e sans tomber dans le slogan, \u00e0 condition de proposer une transition organis\u00e9e, comp\u00e9tence par comp\u00e9tence, avec une r\u00e9elle garantie de continuit\u00e9 pour l\u2019enseignement, la culture et l\u2019aide \u00e0 la jeunesse. L\u2019enjeu n\u2019est pas de changer d\u2019\u00e9tiquette administrative, mais de s\u2019assurer que chaque euro public sert d\u2019abord l\u2019utilit\u00e9 concr\u00e8te pour les citoyens. La vraie question est donc simple : la FWB est-elle encore le meilleur niveau de pouvoir pour exercer ces missions, ou vaut-il mieux les r\u00e9gionaliser, avec un cadre clair et des responsabilit\u00e9s assum\u00e9es ?<\/p>\n\n\n\n<p class=\"wp-block-paragraph\">Le d\u00e9bat m\u00e9rite d\u2019\u00eatre ouvert, sans pr\u00e9jug\u00e9s ni id\u00e9ologie. La poursuite de la FWB comme niveau de pouvoir autonome n\u2019est pas une \u00e9vidence, mais une option politique parmi d\u2019autres. Ce qui est clairement obsol\u00e8te, en revanche, c\u2019est de continuer \u00e0 justifier les structures par leur existence, sans se demander si elles am\u00e9liorent vraiment la vie des gens.<\/p>\n","protected":false},"excerpt":{"rendered":"<p>La F\u00e9d\u00e9ration Wallonie-Bruxelles traverse une crise de sens. Elle exerce des responsabilit\u00e9s centrales \u2014 enseignement, culture, sport, aide \u00e0 la jeunesse, recherche \u2014 mais elle le fait dans un cadre institutionnel de plus en plus contest\u00e9, tant pour sa lisibilit\u00e9 que pour son efficacit\u00e9 budg\u00e9taire. Ces derni\u00e8res ann\u00e9es, les arbitrages financiers se sont durcis, et [&hellip;]<\/p>\n","protected":false},"author":1,"featured_media":0,"comment_status":"open","ping_status":"open","sticky":false,"template":"","format":"standard","meta":{"_monsterinsights_skip_tracking":false,"_uf_show_specific_survey":0,"_uf_disable_surveys":false,"footnotes":""},"categories":[50,21],"tags":[],"class_list":["post-2910","post","type-post","status-publish","format-standard","hentry","category-deficit-public","category-institutions"],"_links":{"self":[{"href":"https:\/\/droitemoderniste.be\/index.php\/wp-json\/wp\/v2\/posts\/2910","targetHints":{"allow":["GET"]}}],"collection":[{"href":"https:\/\/droitemoderniste.be\/index.php\/wp-json\/wp\/v2\/posts"}],"about":[{"href":"https:\/\/droitemoderniste.be\/index.php\/wp-json\/wp\/v2\/types\/post"}],"author":[{"embeddable":true,"href":"https:\/\/droitemoderniste.be\/index.php\/wp-json\/wp\/v2\/users\/1"}],"replies":[{"embeddable":true,"href":"https:\/\/droitemoderniste.be\/index.php\/wp-json\/wp\/v2\/comments?post=2910"}],"version-history":[{"count":1,"href":"https:\/\/droitemoderniste.be\/index.php\/wp-json\/wp\/v2\/posts\/2910\/revisions"}],"predecessor-version":[{"id":2912,"href":"https:\/\/droitemoderniste.be\/index.php\/wp-json\/wp\/v2\/posts\/2910\/revisions\/2912"}],"wp:attachment":[{"href":"https:\/\/droitemoderniste.be\/index.php\/wp-json\/wp\/v2\/media?parent=2910"}],"wp:term":[{"taxonomy":"category","embeddable":true,"href":"https:\/\/droitemoderniste.be\/index.php\/wp-json\/wp\/v2\/categories?post=2910"},{"taxonomy":"post_tag","embeddable":true,"href":"https:\/\/droitemoderniste.be\/index.php\/wp-json\/wp\/v2\/tags?post=2910"}],"curies":[{"name":"wp","href":"https:\/\/api.w.org\/{rel}","templated":true}]}}