{"id":2906,"date":"2026-05-31T13:56:12","date_gmt":"2026-05-31T11:56:12","guid":{"rendered":"https:\/\/droitemoderniste.be\/?p=2906"},"modified":"2026-05-31T13:56:12","modified_gmt":"2026-05-31T11:56:12","slug":"coreanisation-du-conflit-ukrainien-vers-une-vietnamisation-du-budget-europeen","status":"publish","type":"post","link":"https:\/\/droitemoderniste.be\/index.php\/2026\/05\/31\/coreanisation-du-conflit-ukrainien-vers-une-vietnamisation-du-budget-europeen\/","title":{"rendered":"Cor\u00e9anisation du conflit ukrainien : vers une vietnamisation du budget europ\u00e9en ?"},"content":{"rendered":"\n<figure class=\"wp-block-image size-large\"><img loading=\"lazy\" decoding=\"async\" width=\"1024\" height=\"683\" src=\"https:\/\/droitemoderniste.be\/wp-content\/uploads\/2026\/05\/Coreanisation-conflit--1024x683.png\" alt=\"\" class=\"wp-image-2908\" srcset=\"https:\/\/droitemoderniste.be\/wp-content\/uploads\/2026\/05\/Coreanisation-conflit--1024x683.png 1024w, https:\/\/droitemoderniste.be\/wp-content\/uploads\/2026\/05\/Coreanisation-conflit--300x200.png 300w, https:\/\/droitemoderniste.be\/wp-content\/uploads\/2026\/05\/Coreanisation-conflit--768x512.png 768w, https:\/\/droitemoderniste.be\/wp-content\/uploads\/2026\/05\/Coreanisation-conflit-.png 1536w\" sizes=\"auto, (max-width: 1024px) 100vw, 1024px\" \/><\/figure>\n\n\n\n<p class=\"wp-block-paragraph\">Par-del\u00e0 les communiqu\u00e9s martiaux et les sommets diplomatiques, une r\u00e9alit\u00e9 commence \u00e0 s\u2019imposer dans le d\u00e9bat europ\u00e9en : la guerre russo-ukrainienne pourrait ne pas se conclure par une victoire nette, ni par une paix v\u00e9ritable. Le sc\u00e9nario qui se dessine progressivement ressemble davantage \u00e0 une \u00ab cor\u00e9anisation \u00bb du conflit : une ligne de front fig\u00e9e, une paix arm\u00e9e sans trait\u00e9 d\u00e9finitif, une tension chronique appel\u00e9e \u00e0 durer des d\u00e9cennies.<\/p>\n\n\n\n<p class=\"wp-block-paragraph\">Et cette perspective porte en elle une cons\u00e9quence encore insuffisamment d\u00e9battue : la \u00ab vietnamisation \u00bb progressive du budget europ\u00e9en.<\/p>\n\n\n\n<p class=\"wp-block-paragraph\">L\u2019expression peut sembler provocatrice. Elle vise pourtant une dynamique bien r\u00e9elle : celle d\u2019un engagement financier permanent, extensible et sans horizon clair de sortie, o\u00f9 des d\u00e9penses pr\u00e9sent\u00e9es comme exceptionnelles deviennent peu \u00e0 peu structurelles.<\/p>\n\n\n\n<p class=\"wp-block-paragraph\">Depuis 2022, l\u2019Europe a bascul\u00e9 dans une nouvelle \u00e8re strat\u00e9gique. R\u00e9armement massif, soutien macrofinancier \u00e0 Kiev, reconstruction des infrastructures ukrainiennes, renforcement des fronti\u00e8res orientales, investissements \u00e9nerg\u00e9tiques, relance de l\u2019industrie militaire : l\u2019Union europ\u00e9enne entre progressivement dans une \u00e9conomie de s\u00e9curit\u00e9 permanente.<\/p>\n\n\n\n<p class=\"wp-block-paragraph\">Or l\u2019histoire budg\u00e9taire enseigne une constante simple : les dispositifs d\u2019urgence survivent presque toujours \u00e0 l\u2019urgence elle-m\u00eame.<\/p>\n\n\n\n<p class=\"wp-block-paragraph\">La guerre en Ukraine pourrait ainsi devenir pour l\u2019Europe ce que le Vietnam fut pour les \u00c9tats-Unis : non pas n\u00e9cessairement une d\u00e9faite militaire, mais un m\u00e9canisme d\u2019absorption progressive des ressources publiques, aliment\u00e9 par la logique du \u00ab encore un effort \u00bb, \u00ab encore quelques milliards \u00bb, \u00ab encore quelques ann\u00e9es \u00bb.<\/p>\n\n\n\n<p class=\"wp-block-paragraph\">Car une Ukraine durablement instable ne co\u00fbtera pas seulement des armes. Elle exigera, pendant des d\u00e9cennies peut-\u00eatre :<\/p>\n\n\n\n<ul class=\"wp-block-list\">\n<li>des aides budg\u00e9taires ;<\/li>\n\n\n\n<li>des garanties de s\u00e9curit\u00e9 ;<\/li>\n\n\n\n<li>des transferts \u00e9nerg\u00e9tiques ;<\/li>\n\n\n\n<li>des programmes de reconstruction ;<\/li>\n\n\n\n<li>des soutiens agricoles ;<\/li>\n\n\n\n<li>des m\u00e9canismes de dette mutualis\u00e9e ;<\/li>\n\n\n\n<li>des investissements logistiques et militaires permanents.<\/li>\n<\/ul>\n\n\n\n<p class=\"wp-block-paragraph\">\u00c0 cela s\u2019ajoute une question rarement abord\u00e9e franchement : que signifierait l\u2019int\u00e9gration progressive de l\u2019Ukraine dans les structures europ\u00e9ennes ?<\/p>\n\n\n\n<p class=\"wp-block-paragraph\">Avec son immense superficie agricole, ses besoins colossaux en infrastructures et son niveau de d\u00e9veloppement tr\u00e8s inf\u00e9rieur \u00e0 celui de l\u2019Europe occidentale, l\u2019Ukraine deviendrait m\u00e9caniquement l\u2019un des premiers b\u00e9n\u00e9ficiaires nets du budget europ\u00e9en. Les arbitrages futurs seraient explosifs : quels \u00c9tats accepteront demain de contribuer davantage ? Quels secteurs devront \u00eatre sacrifi\u00e9s ? Quels contribuables accepteront une hausse durable de la pression fiscale au nom d\u2019un conflit devenu chronique ?<\/p>\n\n\n\n<p class=\"wp-block-paragraph\">Le risque politique est immense.<\/p>\n\n\n\n<p class=\"wp-block-paragraph\">L\u2019Union europ\u00e9enne s\u2019est construite historiquement sur une promesse implicite : la prosp\u00e9rit\u00e9 contre la guerre. Mais si les citoyens commencent \u00e0 percevoir l\u2019Europe comme un vecteur de contraintes g\u00e9opolitiques permanentes, de d\u00e9penses militaires croissantes et d\u2019aust\u00e9rit\u00e9 budg\u00e9taire indirecte, alors le contrat d\u00e9mocratique europ\u00e9en pourrait se fragiliser profond\u00e9ment.<\/p>\n\n\n\n<p class=\"wp-block-paragraph\">Une fatigue ukrainienne existe d\u00e9j\u00e0 dans plusieurs opinions publiques. Elle demeure encore diffuse, souvent silencieuse, parfois moralement disqualifi\u00e9e dans le d\u00e9bat m\u00e9diatique. Pourtant, elle progresse \u00e0 mesure que s\u2019installe l\u2019id\u00e9e d\u2019un conflit interminable sans perspective r\u00e9aliste de r\u00e9solution.<\/p>\n\n\n\n<p class=\"wp-block-paragraph\">Il ne s\u2019agit pas ici de nier la responsabilit\u00e9 russe dans le d\u00e9clenchement de la guerre, ni de minimiser le droit des Ukrainiens \u00e0 se d\u00e9fendre. Il s\u2019agit d\u2019affronter une question strat\u00e9gique fondamentale que les dirigeants europ\u00e9ens h\u00e9sitent encore \u00e0 poser publiquement :<\/p>\n\n\n\n<p class=\"wp-block-paragraph\">Quel est l\u2019objectif politique final de l\u2019Europe ?<\/p>\n\n\n\n<p class=\"wp-block-paragraph\">S\u2019agit-il :<\/p>\n\n\n\n<ul class=\"wp-block-list\">\n<li>d\u2019aider l\u2019Ukraine \u00e0 survivre ?<\/li>\n\n\n\n<li>de reconqu\u00e9rir tous les territoires perdus ?<\/li>\n\n\n\n<li>d\u2019\u00e9puiser strat\u00e9giquement la Russie ?<\/li>\n\n\n\n<li>de pr\u00e9parer l\u2019adh\u00e9sion ukrainienne \u00e0 l\u2019Union ?<\/li>\n\n\n\n<li>de b\u00e2tir une architecture de s\u00e9curit\u00e9 durable avec Moscou ?<\/li>\n\n\n\n<li>ou simplement de g\u00e9rer ind\u00e9finiment un conflit gel\u00e9 ?<\/li>\n<\/ul>\n\n\n\n<p class=\"wp-block-paragraph\">Car sans d\u00e9finition claire de la finalit\u00e9 politique, le risque est grand que l\u2019Europe entre dans une logique d\u2019engagement perp\u00e9tuel : ni guerre totale, ni paix v\u00e9ritable, mais une tension semi-permanente exigeant toujours davantage de moyens financiers, industriels et politiques.<\/p>\n\n\n\n<p class=\"wp-block-paragraph\">La cor\u00e9anisation du conflit pourrait alors produire la vietnamisation du budget europ\u00e9en : un bourbier non pas militaire, mais fiscal, strat\u00e9gique et d\u00e9mocratique.<\/p>\n\n\n\n<p class=\"wp-block-paragraph\">Et la v\u00e9ritable question devient peut-\u00eatre celle-ci : les peuples europ\u00e9ens ont-ils pleinement conscience du monde budg\u00e9taire, g\u00e9opolitique et civilisationnel dans lequel leurs dirigeants sont en train de les faire entrer ?<\/p>\n","protected":false},"excerpt":{"rendered":"<p>Par-del\u00e0 les communiqu\u00e9s martiaux et les sommets diplomatiques, une r\u00e9alit\u00e9 commence \u00e0 s\u2019imposer dans le d\u00e9bat europ\u00e9en : la guerre russo-ukrainienne pourrait ne pas se conclure par une victoire nette, ni par une paix v\u00e9ritable. Le sc\u00e9nario qui se dessine progressivement ressemble davantage \u00e0 une \u00ab cor\u00e9anisation \u00bb du conflit : une ligne de front [&hellip;]<\/p>\n","protected":false},"author":1,"featured_media":0,"comment_status":"open","ping_status":"open","sticky":false,"template":"","format":"standard","meta":{"_monsterinsights_skip_tracking":false,"_uf_show_specific_survey":0,"_uf_disable_surveys":false,"footnotes":""},"categories":[50,55,39,41],"tags":[],"class_list":["post-2906","post","type-post","status-publish","format-standard","hentry","category-deficit-public","category-souverainisme-europeen","category-ukraine","category-union-europeenne"],"_links":{"self":[{"href":"https:\/\/droitemoderniste.be\/index.php\/wp-json\/wp\/v2\/posts\/2906","targetHints":{"allow":["GET"]}}],"collection":[{"href":"https:\/\/droitemoderniste.be\/index.php\/wp-json\/wp\/v2\/posts"}],"about":[{"href":"https:\/\/droitemoderniste.be\/index.php\/wp-json\/wp\/v2\/types\/post"}],"author":[{"embeddable":true,"href":"https:\/\/droitemoderniste.be\/index.php\/wp-json\/wp\/v2\/users\/1"}],"replies":[{"embeddable":true,"href":"https:\/\/droitemoderniste.be\/index.php\/wp-json\/wp\/v2\/comments?post=2906"}],"version-history":[{"count":1,"href":"https:\/\/droitemoderniste.be\/index.php\/wp-json\/wp\/v2\/posts\/2906\/revisions"}],"predecessor-version":[{"id":2909,"href":"https:\/\/droitemoderniste.be\/index.php\/wp-json\/wp\/v2\/posts\/2906\/revisions\/2909"}],"wp:attachment":[{"href":"https:\/\/droitemoderniste.be\/index.php\/wp-json\/wp\/v2\/media?parent=2906"}],"wp:term":[{"taxonomy":"category","embeddable":true,"href":"https:\/\/droitemoderniste.be\/index.php\/wp-json\/wp\/v2\/categories?post=2906"},{"taxonomy":"post_tag","embeddable":true,"href":"https:\/\/droitemoderniste.be\/index.php\/wp-json\/wp\/v2\/tags?post=2906"}],"curies":[{"name":"wp","href":"https:\/\/api.w.org\/{rel}","templated":true}]}}