{"id":2900,"date":"2026-05-29T13:45:24","date_gmt":"2026-05-29T11:45:24","guid":{"rendered":"https:\/\/droitemoderniste.be\/?p=2900"},"modified":"2026-05-29T13:45:24","modified_gmt":"2026-05-29T11:45:24","slug":"les-trois-tares-de-la-fwb-inefficace-inutile-et-couteuse","status":"publish","type":"post","link":"https:\/\/droitemoderniste.be\/index.php\/2026\/05\/29\/les-trois-tares-de-la-fwb-inefficace-inutile-et-couteuse\/","title":{"rendered":"Les trois tares de la FWB\u00a0: Inefficace, inutile et co\u00fbteuse\u00a0!"},"content":{"rendered":"\n<figure class=\"wp-block-image size-full\"><img loading=\"lazy\" decoding=\"async\" width=\"225\" height=\"225\" src=\"https:\/\/droitemoderniste.be\/wp-content\/uploads\/2026\/05\/elisabeth-degryse-FWB.jpeg\" alt=\"\" class=\"wp-image-2901\" srcset=\"https:\/\/droitemoderniste.be\/wp-content\/uploads\/2026\/05\/elisabeth-degryse-FWB.jpeg 225w, https:\/\/droitemoderniste.be\/wp-content\/uploads\/2026\/05\/elisabeth-degryse-FWB-150x150.jpeg 150w\" sizes=\"auto, (max-width: 225px) 100vw, 225px\" \/><\/figure>\n\n\n\n<p class=\"wp-block-paragraph\">Puisque la FWB a failli (elle a lourdement endett\u00e9 la communaut\u00e9 francophone&nbsp;: la dette communautaire tourne aujourd\u2019hui autour des 13 milliards d\u2019euros&nbsp;!) et est virtuellement en faillite (le ratio dettes\/recettes est de 98,4 %&nbsp;!), poursuivons plus en avant la logique de r\u00e9gionalisation qui existe d\u00e9j\u00e0 dans le syst\u00e8me politique belge.<\/p>\n\n\n\n<p class=\"wp-block-paragraph\">Les comp\u00e9tences centrales exerc\u00e9es aujourd\u2019hui par la FWB, comme&nbsp; l\u2019enseignement, la culture, le sport, l\u2019aide \u00e0 la jeunesse et la recherche, peuvent, et doivent, \u00eatre partag\u00e9es entre la R\u00e9gion wallonne et la R\u00e9gion de BXL-Capitale.<\/p>\n\n\n\n<p class=\"wp-block-paragraph\">Le <mark style=\"background-color:rgba(0, 0, 0, 0);color:#ff6900\" class=\"has-inline-color\">MDM<\/mark> propose cela comme une r\u00e9forme de simplification institutionnelle et de responsabilit\u00e9 budg\u00e9taire, pas comme un slogan purement destructeur. Le <mark style=\"background-color:rgba(0, 0, 0, 0);color:#ff6900\" class=\"has-inline-color\">MDM<\/mark> sait qu\u2019une partie de plus en plus grande de l\u2019\u00e9lectorat est lass\u00e9 par l\u2019empilement institutionnel, la dette et le sentiment d\u2019inefficacit\u00e9.<\/p>\n\n\n\n<p class=\"wp-block-paragraph\">Le d\u00e9bat existe d\u00e9j\u00e0 publiquement: plusieurs m\u00e9dias et acteurs politiques \u00e9voquent la pr\u00e9carit\u00e9 budg\u00e9taire de la FWB et la possibilit\u00e9 de transf\u00e9rer davantage de comp\u00e9tences vers les R\u00e9gions.<\/p>\n\n\n\n<p class=\"wp-block-paragraph\">Le <mark style=\"background-color:rgba(0, 0, 0, 0);color:#ff6900\" class=\"has-inline-color\">MDM <\/mark>ne cherche pas \u00e0 r\u00e9duire l\u2019enjeu \u00e0 une logique comptable, alors que les mati\u00e8res concern\u00e9es sont politiquement sensibles et techniquement complexes. La FWB n\u2019est pas seulement une structure administrative: elle coordonne aussi des politiques communes en mati\u00e8re d\u2019enseignement, de culture, de jeunesse et de recherche, avec des outils et op\u00e9rateurs d\u00e9j\u00e0 int\u00e9gr\u00e9s.<\/p>\n\n\n\n<p class=\"wp-block-paragraph\">Dire que \u00ab tout peut \u00eatre r\u00e9gionalis\u00e9 \u00bb est politiquement fort, mais juridiquement et op\u00e9rationnellement, cela suppose une refonte institutionnelle lourde. Le <mark style=\"background-color:rgba(0, 0, 0, 0);color:#ff6900\" class=\"has-inline-color\">MDM<\/mark> qui vise \u00e0 appara\u00eetre comme une force de gouvernement a r\u00e9fl\u00e9chi \u00e0 la mani\u00e8re d\u2019absorber les co\u00fbts de transition et \u00e0 la mani\u00e8re d\u2019\u00e9viter la fragmentation des services publics.<\/p>\n\n\n\n<p class=\"wp-block-paragraph\">Pour rendre l\u2019id\u00e9e d\u2019une dissolution de la FWB cr\u00e9dible, le <mark style=\"background-color:rgba(0, 0, 0, 0);color:#ff6900\" class=\"has-inline-color\">MDM<\/mark> est en mesure de r\u00e9pondre \u00e0 trois questions: quelles comp\u00e9tences iraient \u00e0 la Wallonie, lesquelles \u00e0 Bruxelles, et que devient le financement et la dette? En outre, le <mark style=\"background-color:rgba(0, 0, 0, 0);color:#ff6900\" class=\"has-inline-color\">MDM<\/mark> propose un calendrier, une architecture de transition et une garantie de continuit\u00e9 pour l\u2019\u00e9cole, la culture et la jeunesse.<\/p>\n\n\n\n<p class=\"wp-block-paragraph\">Mettons fin sans tarder \u00e0 la F\u00e9d\u00e9ration Wallonie Bruxelles comme niveau de pouvoir.<\/p>\n\n\n\n<p class=\"wp-block-paragraph\">La r\u00e9alit\u00e9 des gr\u00e8ves \u00e0 r\u00e9p\u00e9tition montre \u00e0 l\u2019envi que la FWB g\u00e8re mal des mati\u00e8res majeures comme l\u2019enseignement et la culture (deux ab\u00eemes majeurs pour les contribuables francophones) et nombre d\u2019observateurs pensent que les \u00e9conomies massives annonc\u00e9es en 2026 par sa ministre-pr\u00e9sidente Elisabeth Degryse (Les Engag\u00e9s) sont une farce majeure tant elles n\u2019auront qu\u2019un impact superficiel sur la forte tension budg\u00e9taire de la FWB.<\/p>\n","protected":false},"excerpt":{"rendered":"<p>Puisque la FWB a failli (elle a lourdement endett\u00e9 la communaut\u00e9 francophone&nbsp;: la dette communautaire tourne aujourd\u2019hui autour des 13 milliards d\u2019euros&nbsp;!) et est virtuellement en faillite (le ratio dettes\/recettes est de 98,4 %&nbsp;!), poursuivons plus en avant la logique de r\u00e9gionalisation qui existe d\u00e9j\u00e0 dans le syst\u00e8me politique belge. Les comp\u00e9tences centrales exerc\u00e9es aujourd\u2019hui [&hellip;]<\/p>\n","protected":false},"author":1,"featured_media":0,"comment_status":"open","ping_status":"open","sticky":false,"template":"","format":"standard","meta":{"_monsterinsights_skip_tracking":false,"_uf_show_specific_survey":0,"_uf_disable_surveys":false,"footnotes":""},"categories":[50,37,12,21],"tags":[],"class_list":["post-2900","post","type-post","status-publish","format-standard","hentry","category-deficit-public","category-ecole","category-finances-publiques","category-institutions"],"_links":{"self":[{"href":"https:\/\/droitemoderniste.be\/index.php\/wp-json\/wp\/v2\/posts\/2900","targetHints":{"allow":["GET"]}}],"collection":[{"href":"https:\/\/droitemoderniste.be\/index.php\/wp-json\/wp\/v2\/posts"}],"about":[{"href":"https:\/\/droitemoderniste.be\/index.php\/wp-json\/wp\/v2\/types\/post"}],"author":[{"embeddable":true,"href":"https:\/\/droitemoderniste.be\/index.php\/wp-json\/wp\/v2\/users\/1"}],"replies":[{"embeddable":true,"href":"https:\/\/droitemoderniste.be\/index.php\/wp-json\/wp\/v2\/comments?post=2900"}],"version-history":[{"count":1,"href":"https:\/\/droitemoderniste.be\/index.php\/wp-json\/wp\/v2\/posts\/2900\/revisions"}],"predecessor-version":[{"id":2902,"href":"https:\/\/droitemoderniste.be\/index.php\/wp-json\/wp\/v2\/posts\/2900\/revisions\/2902"}],"wp:attachment":[{"href":"https:\/\/droitemoderniste.be\/index.php\/wp-json\/wp\/v2\/media?parent=2900"}],"wp:term":[{"taxonomy":"category","embeddable":true,"href":"https:\/\/droitemoderniste.be\/index.php\/wp-json\/wp\/v2\/categories?post=2900"},{"taxonomy":"post_tag","embeddable":true,"href":"https:\/\/droitemoderniste.be\/index.php\/wp-json\/wp\/v2\/tags?post=2900"}],"curies":[{"name":"wp","href":"https:\/\/api.w.org\/{rel}","templated":true}]}}