{"id":2897,"date":"2026-05-28T12:39:19","date_gmt":"2026-05-28T10:39:19","guid":{"rendered":"https:\/\/droitemoderniste.be\/?p=2897"},"modified":"2026-05-28T12:39:19","modified_gmt":"2026-05-28T10:39:19","slug":"la-coreanisation-du-conflit-ukrainien-ou-le-piege-budgetaire-europeen","status":"publish","type":"post","link":"https:\/\/droitemoderniste.be\/index.php\/2026\/05\/28\/la-coreanisation-du-conflit-ukrainien-ou-le-piege-budgetaire-europeen\/","title":{"rendered":"La cor\u00e9anisation du conflit ukrainien, ou le pi\u00e8ge budg\u00e9taire europ\u00e9en"},"content":{"rendered":"\n<figure class=\"wp-block-image size-large\"><img loading=\"lazy\" decoding=\"async\" width=\"1024\" height=\"683\" src=\"https:\/\/droitemoderniste.be\/wp-content\/uploads\/2026\/05\/coreanisation-conflit-Ukraine-1024x683.png\" alt=\"\" class=\"wp-image-2898\" srcset=\"https:\/\/droitemoderniste.be\/wp-content\/uploads\/2026\/05\/coreanisation-conflit-Ukraine-1024x683.png 1024w, https:\/\/droitemoderniste.be\/wp-content\/uploads\/2026\/05\/coreanisation-conflit-Ukraine-300x200.png 300w, https:\/\/droitemoderniste.be\/wp-content\/uploads\/2026\/05\/coreanisation-conflit-Ukraine-768x512.png 768w, https:\/\/droitemoderniste.be\/wp-content\/uploads\/2026\/05\/coreanisation-conflit-Ukraine.png 1536w\" sizes=\"auto, (max-width: 1024px) 100vw, 1024px\" \/><\/figure>\n\n\n\n<p class=\"wp-block-paragraph\">L\u2019id\u00e9e de \u00ab cor\u00e9anisation \u00bb du conflit russo-ukrainien renvoie \u00e0 un sc\u00e9nario o\u00f9 la guerre ne se termine ni par une victoire claire, ni par un v\u00e9ritable trait\u00e9 de paix, mais par une ligne de front fig\u00e9e, militaris\u00e9e et durable \u2014 \u00e0 l\u2019image de la p\u00e9ninsule cor\u00e9enne depuis 1953.<\/p>\n\n\n\n<p class=\"wp-block-paragraph\">Dans cette lecture, l\u2019Europe entrerait alors dans une logique de \u00ab vietnamisation budg\u00e9taire \u00bb : non pas une guerre totale sur son sol, mais une implication financi\u00e8re, industrielle et strat\u00e9gique chronique, sans horizon de sortie clair.<\/p>\n\n\n\n<p class=\"wp-block-paragraph\"><strong>1. La \u00ab cor\u00e9anisation \u00bb : un conflit gel\u00e9 mais jamais termin\u00e9<\/strong><\/p>\n\n\n\n<p class=\"wp-block-paragraph\">La comparaison avec la Cor\u00e9e ne signifie pas n\u00e9cessairement une paix, mais plut\u00f4t :<\/p>\n\n\n\n<ul class=\"wp-block-list\">\n<li>un cessez-le-feu de facto ;<\/li>\n\n\n\n<li>des fronti\u00e8res militaris\u00e9es ;<\/li>\n\n\n\n<li>une tension permanente ;<\/li>\n\n\n\n<li>des incidents r\u00e9guliers ;<\/li>\n\n\n\n<li>une \u00e9conomie de guerre durable.<\/li>\n<\/ul>\n\n\n\n<p class=\"wp-block-paragraph\">Dans ce sc\u00e9nario :<\/p>\n\n\n\n<ul class=\"wp-block-list\">\n<li>l\u2019Ukraine resterait partiellement occup\u00e9e ;<\/li>\n\n\n\n<li>la Russie conserverait certains territoires ;<\/li>\n\n\n\n<li>l\u2019OTAN continuerait \u00e0 armer Kiev ;<\/li>\n\n\n\n<li>Moscou maintiendrait une pression militaire constante ;<\/li>\n\n\n\n<li>l\u2019Europe vivrait sous une menace strat\u00e9gique permanente \u00e0 l\u2019Est.<\/li>\n<\/ul>\n\n\n\n<p class=\"wp-block-paragraph\">Autrement dit : la guerre cesse d\u2019\u00eatre un \u00e9v\u00e9nement exceptionnel et devient une condition structurelle de la g\u00e9opolitique europ\u00e9enne.<\/p>\n\n\n\n<p class=\"wp-block-paragraph\"><strong>2. Pourquoi cela pourrait \u00ab vietnamiser \u00bb le budget europ\u00e9en<\/strong><\/p>\n\n\n\n<p class=\"wp-block-paragraph\">La \u00ab vietnamisation \u00bb ici n\u2019est pas militaire au sens am\u00e9ricain des ann\u00e9es 1960-70, mais financi\u00e8re et institutionnelle.<\/p>\n\n\n\n<p class=\"wp-block-paragraph\">L\u2019id\u00e9e centrale est la suivante : une d\u00e9pense d\u2019urgence devient une d\u00e9pense permanente.<\/p>\n\n\n\n<p class=\"wp-block-paragraph\">Comme au Vietnam pour les \u00c9tats-Unis :les co\u00fbts s\u2019additionnent progressivement, chaque ann\u00e9e para\u00eet \u00ab g\u00e9rable \u00bb, mais l\u2019accumulation sur plusieurs d\u00e9cennies devient gigantesque.<\/p>\n\n\n\n<p class=\"wp-block-paragraph\"><strong>3. Les postes de d\u00e9penses potentiellement permanents<\/strong><\/p>\n\n\n\n<p class=\"wp-block-paragraph\"><strong>A. Le r\u00e9armement europ\u00e9en structurel<\/strong><\/p>\n\n\n\n<p class=\"wp-block-paragraph\">L\u2019Europe entre d\u00e9j\u00e0 dans une phase de r\u00e9industrialisation militaire :<\/p>\n\n\n\n<ul class=\"wp-block-list\">\n<li>hausse des budgets de d\u00e9fense ;<\/li>\n\n\n\n<li>production d\u2019obus ;<\/li>\n\n\n\n<li>syst\u00e8mes antimissiles ;<\/li>\n\n\n\n<li>cybers\u00e9curit\u00e9 ;<\/li>\n\n\n\n<li>drones ;<\/li>\n\n\n\n<li>infrastructures logistiques.<\/li>\n<\/ul>\n\n\n\n<p class=\"wp-block-paragraph\">Des pays comme la Pologne, l\u2019Allemagne ou la France r\u00e9visent profond\u00e9ment leur doctrine strat\u00e9gique.<\/p>\n\n\n\n<p class=\"wp-block-paragraph\">Le probl\u00e8me budg\u00e9taire :<\/p>\n\n\n\n<ul class=\"wp-block-list\">\n<li>ce type d\u2019investissement cr\u00e9e des d\u00e9pendances politiques ;<\/li>\n\n\n\n<li>une fois l\u2019appareil militaro-industriel lanc\u00e9, il devient difficile de revenir en arri\u00e8re ;<\/li>\n\n\n\n<li>les d\u00e9penses exceptionnelles deviennent des normes.<\/li>\n<\/ul>\n\n\n\n<p class=\"wp-block-paragraph\">L\u2019UE pourrait ainsi voir \u00e9merger un \u00ab keyn\u00e9sianisme militaire permanent \u00bb.<\/p>\n\n\n\n<p class=\"wp-block-paragraph\"><strong>B. Le soutien chronique \u00e0 l\u2019Ukraine<\/strong><\/p>\n\n\n\n<p class=\"wp-block-paragraph\">M\u00eame sans guerre active majeure, une Ukraine sous tension aurait besoin :<\/p>\n\n\n\n<ul class=\"wp-block-list\">\n<li>d\u2019aide macro\u00e9conomique ;<\/li>\n\n\n\n<li>de reconstruction ;<\/li>\n\n\n\n<li>d\u2019armement ;<\/li>\n\n\n\n<li>d\u2019entretien des infrastructures ;<\/li>\n\n\n\n<li>de soutien \u00e9nerg\u00e9tique ;<\/li>\n\n\n\n<li>d\u2019assistance institutionnelle.<\/li>\n<\/ul>\n\n\n\n<p class=\"wp-block-paragraph\">Or l\u2019Ukraine est un tr\u00e8s grand pays :<\/p>\n\n\n\n<ul class=\"wp-block-list\">\n<li>vaste territoire ;<\/li>\n\n\n\n<li>infrastructures d\u00e9truites ;<\/li>\n\n\n\n<li>d\u00e9mographie affaiblie ;<\/li>\n\n\n\n<li>\u00e9conomie d\u00e9sorganis\u00e9e.<\/li>\n<\/ul>\n\n\n\n<p class=\"wp-block-paragraph\">Le co\u00fbt ne serait pas celui d\u2019un \u00ab plan Marshall ponctuel \u00bb, mais potentiellement celui d\u2019une perfusion pluri-d\u00e9cennale.<\/p>\n\n\n\n<p class=\"wp-block-paragraph\"><strong>C. L\u2019int\u00e9gration ukrainienne dans l\u2019espace europ\u00e9en<\/strong><\/p>\n\n\n\n<p class=\"wp-block-paragraph\">Si l\u2019Ukraine se rapproche durablement de l\u2019UE :<\/p>\n\n\n\n<ul class=\"wp-block-list\">\n<li>fonds structurels ;<\/li>\n\n\n\n<li>politique agricole commune ;<\/li>\n\n\n\n<li>aides r\u00e9gionales ;<\/li>\n\n\n\n<li>harmonisation r\u00e9glementaire ;<\/li>\n\n\n\n<li>corridors logistiques ;<\/li>\n\n\n\n<li>protection des fronti\u00e8res.<\/li>\n<\/ul>\n\n\n\n<p class=\"wp-block-paragraph\">L\u2019impact budg\u00e9taire pourrait \u00eatre massif.<\/p>\n\n\n\n<p class=\"wp-block-paragraph\">L\u2019Ukraine deviendrait potentiellement :<\/p>\n\n\n\n<ul class=\"wp-block-list\">\n<li>un des premiers b\u00e9n\u00e9ficiaires nets du budget europ\u00e9en ;<\/li>\n\n\n\n<li>un concurrent agricole majeur ;<\/li>\n\n\n\n<li>un gigantesque chantier de modernisation.<\/li>\n<\/ul>\n\n\n\n<p class=\"wp-block-paragraph\">Cela cr\u00e9erait des tensions entre \u00c9tats contributeurs et b\u00e9n\u00e9ficiaires historiques.<\/p>\n\n\n\n<p class=\"wp-block-paragraph\"><strong>D. La dette europ\u00e9enne mutualis\u00e9e<\/strong><\/p>\n\n\n\n<p class=\"wp-block-paragraph\">La guerre pousse d\u00e9j\u00e0 l\u2019UE vers :<\/p>\n\n\n\n<ul class=\"wp-block-list\">\n<li>davantage d\u2019emprunts communs ;<\/li>\n\n\n\n<li>des m\u00e9canismes financiers supranationaux ;<\/li>\n\n\n\n<li>des fonds exceptionnels.<\/li>\n<\/ul>\n\n\n\n<p class=\"wp-block-paragraph\">Mais l\u2019histoire budg\u00e9taire montre souvent que le provisoire devient permanent.<\/p>\n\n\n\n<p class=\"wp-block-paragraph\">La \u00ab vietnamisation \u00bb d\u00e9signe donc aussi l\u2019installation d\u2019une logique d\u2019endettement structurel et une europ\u00e9anisation croissante des co\u00fbts g\u00e9opolitiques.<\/p>\n\n\n\n<p class=\"wp-block-paragraph\"><strong>4. Le risque politique : lassitude fiscale et fracture d\u00e9mocratique<\/strong><\/p>\n\n\n\n<p class=\"wp-block-paragraph\">Le danger principal de cette dynamique n\u2019est pas seulement \u00e9conomique, mais politique.<\/p>\n\n\n\n<p class=\"wp-block-paragraph\">Si les citoyens europ\u00e9ens per\u00e7oivent :<\/p>\n\n\n\n<ul class=\"wp-block-list\">\n<li>une guerre interminable ;<\/li>\n\n\n\n<li>des sacrifices sans r\u00e9sultats clairs ;<\/li>\n\n\n\n<li>une inflation durable ;<\/li>\n\n\n\n<li>une pression fiscale accrue ;<\/li>\n\n\n\n<li>une baisse des services publics ;<\/li>\n\n\n\n<li>des priorit\u00e9s nationales n\u00e9glig\u00e9es,<\/li>\n<\/ul>\n\n\n\n<p class=\"wp-block-paragraph\">alors peut appara\u00eetre :<\/p>\n\n\n\n<ul class=\"wp-block-list\">\n<li>une fatigue ukrainienne ;<\/li>\n\n\n\n<li>une mont\u00e9e des populismes ;<\/li>\n\n\n\n<li>un rejet des \u00e9lites europ\u00e9ennes ;<\/li>\n\n\n\n<li>des fractures Est\/Ouest et Nord\/Sud.<\/li>\n<\/ul>\n\n\n\n<p class=\"wp-block-paragraph\">Autrement dit le co\u00fbt politique pourrait devenir sup\u00e9rieur au co\u00fbt militaire.<\/p>\n\n\n\n<p class=\"wp-block-paragraph\"><strong>5. La logique imp\u00e9riale des engagements sans fin<\/strong><\/p>\n\n\n\n<p class=\"wp-block-paragraph\">La th\u00e8se peut aller encore plus loin :<\/p>\n\n\n\n<p class=\"wp-block-paragraph\">L\u2019Europe risquerait de reproduire une logique typique des puissances imp\u00e9riales tardives :<\/p>\n\n\n\n<ul class=\"wp-block-list\">\n<li>multiplication des engagements p\u00e9riph\u00e9riques ;<\/li>\n\n\n\n<li>incapacit\u00e9 \u00e0 d\u00e9finir une victoire ;<\/li>\n\n\n\n<li>financement par la dette ;<\/li>\n\n\n\n<li>extension continue des obligations strat\u00e9giques.<\/li>\n<\/ul>\n\n\n\n<p class=\"wp-block-paragraph\">Dans cette lecture l\u2019UE passerait d\u2019un projet \u00e9conomique \u00e0 une quasi-puissance g\u00e9opolitique mais sans disposer encore d\u2019un v\u00e9ritable d\u00e9mos (peuple) europ\u00e9en pr\u00eat \u00e0 en assumer durablement les co\u00fbts.<\/p>\n\n\n\n<p class=\"wp-block-paragraph\">Il y aurait alors un d\u00e9calage entre des ambitions strat\u00e9giques croissantes et un consentement populaire limit\u00e9.<\/p>\n\n\n\n<p class=\"wp-block-paragraph\"><strong>6. Le contre-argument \u00e0 cette th\u00e8se<\/strong><\/p>\n\n\n\n<p class=\"wp-block-paragraph\">Pour \u00eatre \u00e9quilibr\u00e9, il faut aussi exposer l\u2019argument inverse.<\/p>\n\n\n\n<p class=\"wp-block-paragraph\">Les partisans du soutien massif \u00e0 l\u2019Ukraine soutiennent que :<\/p>\n\n\n\n<ul class=\"wp-block-list\">\n<li>ne pas contenir la Russie co\u00fbterait encore plus cher ;<\/li>\n\n\n\n<li>une victoire russe d\u00e9stabiliserait toute l\u2019Europe orientale ;<\/li>\n\n\n\n<li>l\u2019effondrement ukrainien provoquerait des flux migratoires \u00e9normes ;<\/li>\n\n\n\n<li>la cr\u00e9dibilit\u00e9 europ\u00e9enne et de l\u2019OTAN serait ruin\u00e9e.<\/li>\n<\/ul>\n\n\n\n<p class=\"wp-block-paragraph\">Selon eux, le co\u00fbt du soutien est \u00e9lev\u00e9, mais le co\u00fbt de l\u2019inaction serait sup\u00e9rieur.<\/p>\n\n\n\n<p class=\"wp-block-paragraph\">Ils consid\u00e8rent donc ces d\u00e9penses comme un investissement strat\u00e9gique de long terme.<\/p>\n\n\n\n<p class=\"wp-block-paragraph\">Concluons en \u00e9tablissant que la formule \u00ab cor\u00e9anisation du conflit, vietnamisation du budget europ\u00e9en \u00bb exprime une peur g\u00e9opolitique pr\u00e9cise :<\/p>\n\n\n\n<ul class=\"wp-block-list\">\n<li>un conflit gel\u00e9 mais perp\u00e9tuel ;<\/li>\n\n\n\n<li>une militarisation durable du continent ;<\/li>\n\n\n\n<li>un engagement financier sans fin clairement d\u00e9finie ;<\/li>\n\n\n\n<li>une normalisation de l\u2019\u00e9conomie de guerre ;<\/li>\n\n\n\n<li>et une usure progressive des contribuables europ\u00e9ens.<\/li>\n<\/ul>\n\n\n\n<p class=\"wp-block-paragraph\">La question centrale devient alors :<\/p>\n\n\n\n<p class=\"wp-block-paragraph\"><strong><em>Combien de temps une d\u00e9mocratie sociale europ\u00e9enne peut-elle soutenir un effort g\u00e9opolitique semi-permanent sans crise de l\u00e9gitimit\u00e9 int\u00e9rieure ?<\/em><\/strong><\/p>\n","protected":false},"excerpt":{"rendered":"<p>L\u2019id\u00e9e de \u00ab cor\u00e9anisation \u00bb du conflit russo-ukrainien renvoie \u00e0 un sc\u00e9nario o\u00f9 la guerre ne se termine ni par une victoire claire, ni par un v\u00e9ritable trait\u00e9 de paix, mais par une ligne de front fig\u00e9e, militaris\u00e9e et durable \u2014 \u00e0 l\u2019image de la p\u00e9ninsule cor\u00e9enne depuis 1953. Dans cette lecture, l\u2019Europe entrerait alors [&hellip;]<\/p>\n","protected":false},"author":1,"featured_media":0,"comment_status":"open","ping_status":"open","sticky":false,"template":"","format":"standard","meta":{"_monsterinsights_skip_tracking":false,"_uf_show_specific_survey":0,"_uf_disable_surveys":false,"footnotes":""},"categories":[6,55,39],"tags":[],"class_list":["post-2897","post","type-post","status-publish","format-standard","hentry","category-otan","category-souverainisme-europeen","category-ukraine"],"_links":{"self":[{"href":"https:\/\/droitemoderniste.be\/index.php\/wp-json\/wp\/v2\/posts\/2897","targetHints":{"allow":["GET"]}}],"collection":[{"href":"https:\/\/droitemoderniste.be\/index.php\/wp-json\/wp\/v2\/posts"}],"about":[{"href":"https:\/\/droitemoderniste.be\/index.php\/wp-json\/wp\/v2\/types\/post"}],"author":[{"embeddable":true,"href":"https:\/\/droitemoderniste.be\/index.php\/wp-json\/wp\/v2\/users\/1"}],"replies":[{"embeddable":true,"href":"https:\/\/droitemoderniste.be\/index.php\/wp-json\/wp\/v2\/comments?post=2897"}],"version-history":[{"count":1,"href":"https:\/\/droitemoderniste.be\/index.php\/wp-json\/wp\/v2\/posts\/2897\/revisions"}],"predecessor-version":[{"id":2899,"href":"https:\/\/droitemoderniste.be\/index.php\/wp-json\/wp\/v2\/posts\/2897\/revisions\/2899"}],"wp:attachment":[{"href":"https:\/\/droitemoderniste.be\/index.php\/wp-json\/wp\/v2\/media?parent=2897"}],"wp:term":[{"taxonomy":"category","embeddable":true,"href":"https:\/\/droitemoderniste.be\/index.php\/wp-json\/wp\/v2\/categories?post=2897"},{"taxonomy":"post_tag","embeddable":true,"href":"https:\/\/droitemoderniste.be\/index.php\/wp-json\/wp\/v2\/tags?post=2897"}],"curies":[{"name":"wp","href":"https:\/\/api.w.org\/{rel}","templated":true}]}}