{"id":2894,"date":"2026-05-27T11:43:25","date_gmt":"2026-05-27T09:43:25","guid":{"rendered":"https:\/\/droitemoderniste.be\/?p=2894"},"modified":"2026-05-27T11:43:25","modified_gmt":"2026-05-27T09:43:25","slug":"protegeons-les-agriculteurs-belges-en-plafonnant-strictement-les-importations-agricoles-ukrainiennes","status":"publish","type":"post","link":"https:\/\/droitemoderniste.be\/index.php\/2026\/05\/27\/protegeons-les-agriculteurs-belges-en-plafonnant-strictement-les-importations-agricoles-ukrainiennes\/","title":{"rendered":"Prot\u00e9geons les agriculteurs belges en plafonnant strictement les importations agricoles ukrainiennes!"},"content":{"rendered":"\n<figure class=\"wp-block-image size-large\"><img loading=\"lazy\" decoding=\"async\" width=\"1024\" height=\"768\" src=\"https:\/\/droitemoderniste.be\/wp-content\/uploads\/2026\/05\/protection-agriculteurs-1024x768.png\" alt=\"\" class=\"wp-image-2895\" srcset=\"https:\/\/droitemoderniste.be\/wp-content\/uploads\/2026\/05\/protection-agriculteurs-1024x768.png 1024w, https:\/\/droitemoderniste.be\/wp-content\/uploads\/2026\/05\/protection-agriculteurs-300x225.png 300w, https:\/\/droitemoderniste.be\/wp-content\/uploads\/2026\/05\/protection-agriculteurs-768x576.png 768w, https:\/\/droitemoderniste.be\/wp-content\/uploads\/2026\/05\/protection-agriculteurs.png 1448w\" sizes=\"auto, (max-width: 1024px) 100vw, 1024px\" \/><\/figure>\n\n\n\n<p class=\"wp-block-paragraph\">Mesdames et Messieurs,<\/p>\n\n\n\n<p class=\"wp-block-paragraph\">Aujourd\u2019hui, nous devons regarder la r\u00e9alit\u00e9 en face : nos agriculteurs belges sont sous pression, et ils ne peuvent pas continuer \u00e0 subir une concurrence qui fragilise leur travail, leurs revenus et l\u2019avenir de nos campagnes.<\/p>\n\n\n\n<p class=\"wp-block-paragraph\">Personne ne conteste l\u2019importance du soutien \u00e0 l\u2019Ukraine. Mais soutenir l\u2019Ukraine ne doit pas signifier sacrifier nos producteurs. Quand des importations agricoles massives arrivent sur notre march\u00e9, sans garanties suffisantes de r\u00e9ciprocit\u00e9, elles p\u00e8sent sur les prix, cr\u00e9ent de l\u2019instabilit\u00e9 et mettent en difficult\u00e9 des exploitations d\u00e9j\u00e0 \u00e9prouv\u00e9es par les co\u00fbts, les normes et les incertitudes climatiques.<\/p>\n\n\n\n<p class=\"wp-block-paragraph\">Nos agriculteurs ne demandent pas des privil\u00e8ges. Ils demandent des r\u00e8gles justes. Ils demandent que l\u2019on prot\u00e8ge la production locale, que l\u2019on respecte ceux qui nourrissent notre pays et que l\u2019on cesse d\u2019accepter une concurrence d\u00e9s\u00e9quilibr\u00e9e au nom d\u2019un libre-\u00e9change sans limites.<\/p>\n\n\n\n<p class=\"wp-block-paragraph\">C\u2019est pourquoi nous devons dire clairement : pour le bien de nos agriculteurs belges, il faut interdire, ou \u00e0 tout le moins suspendre fermement, les importations agricoles ukrainiennes sur les produits les plus sensibles. Il faut le faire par responsabilit\u00e9, par justice et par fid\u00e9lit\u00e9 \u00e0 ceux qui font vivre notre agriculture.<\/p>\n\n\n\n<p class=\"wp-block-paragraph\">Prot\u00e9ger nos agriculteurs, ce n\u2019est pas se fermer au monde. C\u2019est d\u00e9fendre notre souverainet\u00e9 alimentaire, notre \u00e9conomie rurale et notre dignit\u00e9 collective. C\u2019est refuser qu\u2019on demande toujours les efforts aux m\u00eames, pendant que d\u2019autres profitent d\u2019un march\u00e9 ouvert sans contrepartie.<\/p>\n\n\n\n<p class=\"wp-block-paragraph\">Nous avons le devoir de choisir : soit nous laissons nos agriculteurs s\u2019affaiblir, soit nous les d\u00e9fendons avec courage. Nous, <mark style=\"background-color:rgba(0, 0, 0, 0);color:#ff6900\" class=\"has-inline-color\">Mouvement Droite Moderniste<\/mark>, choisissons de d\u00e9fendre nos agriculteurs belges.<\/p>\n\n\n\n<p class=\"wp-block-paragraph\"><\/p>\n","protected":false},"excerpt":{"rendered":"<p>Mesdames et Messieurs, Aujourd\u2019hui, nous devons regarder la r\u00e9alit\u00e9 en face : nos agriculteurs belges sont sous pression, et ils ne peuvent pas continuer \u00e0 subir une concurrence qui fragilise leur travail, leurs revenus et l\u2019avenir de nos campagnes. Personne ne conteste l\u2019importance du soutien \u00e0 l\u2019Ukraine. Mais soutenir l\u2019Ukraine ne doit pas signifier sacrifier [&hellip;]<\/p>\n","protected":false},"author":1,"featured_media":0,"comment_status":"open","ping_status":"open","sticky":false,"template":"","format":"standard","meta":{"_monsterinsights_skip_tracking":false,"_uf_show_specific_survey":0,"_uf_disable_surveys":false,"footnotes":""},"categories":[5],"tags":[],"class_list":["post-2894","post","type-post","status-publish","format-standard","hentry","category-agriculture"],"_links":{"self":[{"href":"https:\/\/droitemoderniste.be\/index.php\/wp-json\/wp\/v2\/posts\/2894","targetHints":{"allow":["GET"]}}],"collection":[{"href":"https:\/\/droitemoderniste.be\/index.php\/wp-json\/wp\/v2\/posts"}],"about":[{"href":"https:\/\/droitemoderniste.be\/index.php\/wp-json\/wp\/v2\/types\/post"}],"author":[{"embeddable":true,"href":"https:\/\/droitemoderniste.be\/index.php\/wp-json\/wp\/v2\/users\/1"}],"replies":[{"embeddable":true,"href":"https:\/\/droitemoderniste.be\/index.php\/wp-json\/wp\/v2\/comments?post=2894"}],"version-history":[{"count":1,"href":"https:\/\/droitemoderniste.be\/index.php\/wp-json\/wp\/v2\/posts\/2894\/revisions"}],"predecessor-version":[{"id":2896,"href":"https:\/\/droitemoderniste.be\/index.php\/wp-json\/wp\/v2\/posts\/2894\/revisions\/2896"}],"wp:attachment":[{"href":"https:\/\/droitemoderniste.be\/index.php\/wp-json\/wp\/v2\/media?parent=2894"}],"wp:term":[{"taxonomy":"category","embeddable":true,"href":"https:\/\/droitemoderniste.be\/index.php\/wp-json\/wp\/v2\/categories?post=2894"},{"taxonomy":"post_tag","embeddable":true,"href":"https:\/\/droitemoderniste.be\/index.php\/wp-json\/wp\/v2\/tags?post=2894"}],"curies":[{"name":"wp","href":"https:\/\/api.w.org\/{rel}","templated":true}]}}