{"id":2891,"date":"2026-05-26T11:12:05","date_gmt":"2026-05-26T09:12:05","guid":{"rendered":"https:\/\/droitemoderniste.be\/?p=2891"},"modified":"2026-05-26T11:12:05","modified_gmt":"2026-05-26T09:12:05","slug":"leurope-est-piegee-par-sa-dependance-a-lafrique","status":"publish","type":"post","link":"https:\/\/droitemoderniste.be\/index.php\/2026\/05\/26\/leurope-est-piegee-par-sa-dependance-a-lafrique\/","title":{"rendered":"L&rsquo;Europe est pi\u00e9g\u00e9e par sa d\u00e9pendance \u00e0 l&rsquo;Afrique"},"content":{"rendered":"\n<figure class=\"wp-block-image size-large\"><img loading=\"lazy\" decoding=\"async\" width=\"1024\" height=\"683\" src=\"https:\/\/droitemoderniste.be\/wp-content\/uploads\/2026\/05\/Europe-perdue-et-dependante-1024x683.png\" alt=\"\" class=\"wp-image-2892\" srcset=\"https:\/\/droitemoderniste.be\/wp-content\/uploads\/2026\/05\/Europe-perdue-et-dependante-1024x683.png 1024w, https:\/\/droitemoderniste.be\/wp-content\/uploads\/2026\/05\/Europe-perdue-et-dependante-300x200.png 300w, https:\/\/droitemoderniste.be\/wp-content\/uploads\/2026\/05\/Europe-perdue-et-dependante-768x512.png 768w, https:\/\/droitemoderniste.be\/wp-content\/uploads\/2026\/05\/Europe-perdue-et-dependante.png 1536w\" sizes=\"auto, (max-width: 1024px) 100vw, 1024px\" \/><\/figure>\n\n\n\n<p class=\"wp-block-paragraph\">Le mot est commode, et il fait vendre : \u00ab africanisation de l\u2019Europe \u00bb. Il sugg\u00e8re un basculement culturel et d\u00e9mographique, une Europe qui se transformerait en une annexe de l\u2019Afrique. C\u2019est une formule de plateau, pas une analyse. Ce qui se joue r\u00e9ellement est moins brutal : l\u2019Europe est en train de devenir africaine parce qu\u2019elle est pi\u00e9g\u00e9e par une d\u00e9pendance croissante qu\u2019elle ne ma\u00eetrise plus.<\/p>\n\n\n\n<p class=\"wp-block-paragraph\"><strong>1. D\u00e9mographie : le mythe de l\u2019invasion, la r\u00e9alit\u00e9 du vide<\/strong><\/p>\n\n\n\n<p class=\"wp-block-paragraph\">L\u2019Europe vieillit, se vide, et ne produit plus assez de jeunes actifs. L\u2019Afrique, elle, explose d\u00e9mographiquement. Pour les populistes, c\u2019est le sc\u00e9nario de l\u2019invasion. Pour les analystes, c\u2019est un probl\u00e8me de production \u00e9conomique et de viabilit\u00e9 des syst\u00e8mes sociaux.<\/p>\n\n\n\n<p class=\"wp-block-paragraph\">L\u2019Europe&nbsp; s\u2019\u00ab africanise \u00bb lentement mais s\u00fbrement. Elle s\u2019effondre d\u00e9mographiquement. Et face \u00e0 ce vide, elle ne peut plus ignorer son voisin du sud. Pas par charit\u00e9, mais par n\u00e9cessit\u00e9. Les migrations sont un sympt\u00f4me, pas la maladie. Le vrai probl\u00e8me, c\u2019est que l\u2019Europe ne sait plus se renouveler seule. Elle doit composer \u2014 et perdre de sa pr\u00e9tention.<\/p>\n\n\n\n<p class=\"wp-block-paragraph\"><strong>2. \u00c9conomie : l\u2019Afrique n\u2019est plus un secours, c\u2019est un partenaire strat\u00e9gique<\/strong><\/p>\n\n\n\n<p class=\"wp-block-paragraph\">Pendant des d\u00e9cennies, l\u2019Europe a trait\u00e9 l\u2019Afrique comme un r\u00e9servoir de mati\u00e8res premi\u00e8res, un d\u00e9bouch\u00e9 marginal, un probl\u00e8me humanitaire. C\u2019est fini. Aujourd\u2019hui, l\u2019Afrique est un march\u00e9 en croissance, un fournisseur d\u2019\u00e9nergie, un maillon des cha\u00eenes d\u2019approvisionnement mondiales.<\/p>\n\n\n\n<p class=\"wp-block-paragraph\">Les investissements europ\u00e9ens s\u2019y structurent, les accords commerciaux se n\u00e9gocient avec urgence, et les rivalit\u00e9s g\u00e9opolitiques s\u2019y jouent \u00e0 ciel ouvert. L\u2019Europe ne domine plus ; elle n\u00e9gocie. Elle d\u00e9pend de la stabilit\u00e9 africaine pour son \u00e9nergie, ses minerais critiques, sa s\u00e9curit\u00e9 alimentaire. Cette interd\u00e9pendance&nbsp; est une \u00ab africanisation \u00bb par une soumission strat\u00e9gique d\u00e9guis\u00e9e en partenariat.<\/p>\n\n\n\n<p class=\"wp-block-paragraph\">La Belgique, \u00e9conomie ouverte, ne peut pas se permettre l\u2019illusion. Elle doit choisir : soit des partenariats concrets, conditionn\u00e9s \u00e0 des r\u00e9sultats, soit le laisser-faire qui profite \u00e0 d\u2019autres puissances.<\/p>\n\n\n\n<p class=\"wp-block-paragraph\"><strong>3. S\u00e9curit\u00e9 : l\u2019Europe externalise ses peurs, l\u2019Afrique en profite<\/strong><\/p>\n\n\n\n<p class=\"wp-block-paragraph\">L\u2019UE a externalis\u00e9 ses fronti\u00e8res, financ\u00e9 des milices, pay\u00e9 des r\u00e9gimes pour qu\u2019ils retiennent les migrants \u00e0 sa place. C\u2019est cynique, court-termiste, et contre-productif. Les \u00c9tats africains jouent la montre, les trafics se structurent, et les puissances ext\u00e9rieures (Chine, Russie, Turquie, Golfe) prennent le relais politique.<\/p>\n\n\n\n<p class=\"wp-block-paragraph\">L\u2019Europe ne contr\u00f4le plus ses fronti\u00e8res, ni ses alliances. Elle subit des rapports de force qu\u2019elle ne ma\u00eetrise plus. Elle perd de l\u2019influence, et donne l\u2019image d\u2019un g\u00e9ant d\u00e9mographique mort, faible sur la strat\u00e9gie, en qu\u00eate de paillassons.<\/p>\n","protected":false},"excerpt":{"rendered":"<p>Le mot est commode, et il fait vendre : \u00ab africanisation de l\u2019Europe \u00bb. Il sugg\u00e8re un basculement culturel et d\u00e9mographique, une Europe qui se transformerait en une annexe de l\u2019Afrique. C\u2019est une formule de plateau, pas une analyse. Ce qui se joue r\u00e9ellement est moins brutal : l\u2019Europe est en train de devenir africaine [&hellip;]<\/p>\n","protected":false},"author":1,"featured_media":0,"comment_status":"open","ping_status":"open","sticky":false,"template":"","format":"standard","meta":{"_monsterinsights_skip_tracking":false,"_uf_show_specific_survey":0,"_uf_disable_surveys":false,"footnotes":""},"categories":[1,55,41],"tags":[],"class_list":["post-2891","post","type-post","status-publish","format-standard","hentry","category-immigration","category-souverainisme-europeen","category-union-europeenne"],"_links":{"self":[{"href":"https:\/\/droitemoderniste.be\/index.php\/wp-json\/wp\/v2\/posts\/2891","targetHints":{"allow":["GET"]}}],"collection":[{"href":"https:\/\/droitemoderniste.be\/index.php\/wp-json\/wp\/v2\/posts"}],"about":[{"href":"https:\/\/droitemoderniste.be\/index.php\/wp-json\/wp\/v2\/types\/post"}],"author":[{"embeddable":true,"href":"https:\/\/droitemoderniste.be\/index.php\/wp-json\/wp\/v2\/users\/1"}],"replies":[{"embeddable":true,"href":"https:\/\/droitemoderniste.be\/index.php\/wp-json\/wp\/v2\/comments?post=2891"}],"version-history":[{"count":1,"href":"https:\/\/droitemoderniste.be\/index.php\/wp-json\/wp\/v2\/posts\/2891\/revisions"}],"predecessor-version":[{"id":2893,"href":"https:\/\/droitemoderniste.be\/index.php\/wp-json\/wp\/v2\/posts\/2891\/revisions\/2893"}],"wp:attachment":[{"href":"https:\/\/droitemoderniste.be\/index.php\/wp-json\/wp\/v2\/media?parent=2891"}],"wp:term":[{"taxonomy":"category","embeddable":true,"href":"https:\/\/droitemoderniste.be\/index.php\/wp-json\/wp\/v2\/categories?post=2891"},{"taxonomy":"post_tag","embeddable":true,"href":"https:\/\/droitemoderniste.be\/index.php\/wp-json\/wp\/v2\/tags?post=2891"}],"curies":[{"name":"wp","href":"https:\/\/api.w.org\/{rel}","templated":true}]}}