{"id":2887,"date":"2026-05-23T15:03:09","date_gmt":"2026-05-23T13:03:09","guid":{"rendered":"https:\/\/droitemoderniste.be\/?p=2887"},"modified":"2026-05-23T15:03:09","modified_gmt":"2026-05-23T13:03:09","slug":"leurope-le-peril-de-lobesite-administrative","status":"publish","type":"post","link":"https:\/\/droitemoderniste.be\/index.php\/2026\/05\/23\/leurope-le-peril-de-lobesite-administrative\/","title":{"rendered":"L\u2019Europe : Le p\u00e9ril de l\u2019ob\u00e9sit\u00e9 administrative"},"content":{"rendered":"\n<figure class=\"wp-block-image size-large\"><img loading=\"lazy\" decoding=\"async\" width=\"1024\" height=\"683\" src=\"https:\/\/droitemoderniste.be\/wp-content\/uploads\/2026\/05\/obesite-administrative-1024x683.png\" alt=\"\" class=\"wp-image-2888\" srcset=\"https:\/\/droitemoderniste.be\/wp-content\/uploads\/2026\/05\/obesite-administrative-1024x683.png 1024w, https:\/\/droitemoderniste.be\/wp-content\/uploads\/2026\/05\/obesite-administrative-300x200.png 300w, https:\/\/droitemoderniste.be\/wp-content\/uploads\/2026\/05\/obesite-administrative-768x512.png 768w, https:\/\/droitemoderniste.be\/wp-content\/uploads\/2026\/05\/obesite-administrative.png 1536w\" sizes=\"auto, (max-width: 1024px) 100vw, 1024px\" \/><\/figure>\n\n\n\n<p class=\"wp-block-paragraph\">Pendant des d\u00e9cennies, nos regards sont rest\u00e9s fix\u00e9s sur les marges de notre continent. Nous avons craint les assauts ext\u00e9rieurs, les vagues migratoires incontr\u00f4l\u00e9es et les imp\u00e9rialismes ressurgis de l\u2019Est. Pourtant, l\u2019histoire nous enseigne que les empires s\u2019effondrent rarement sous le coup d\u2019une lame \u00e9trang\u00e8re avant d\u2019avoir \u00e9t\u00e9 min\u00e9s de l\u2019int\u00e9rieur. Pour l\u2019Union europ\u00e9enne, le verdict est aujourd\u2019hui sans appel : notre projet commun ne mourra pas d\u2019invasion, mais d&rsquo;indigestion.<\/p>\n\n\n\n<h5 class=\"wp-block-heading\">Le pi\u00e8ge de l\u2019\u00e9largissement permanent<\/h5>\n\n\n\n<p class=\"wp-block-paragraph\">Le <mark style=\"background-color:rgba(0, 0, 0, 0);color:#ff6900\" class=\"has-inline-color\">Mouvement Droite Moderniste<\/mark> l\u2019affirme avec force : on ne b\u00e2tit pas une puissance mondiale en diluant sa substance. \u00c0 force de vouloir absorber de nouveaux membres sans avoir pr\u00e9alablement consolid\u00e9 nos structures, nous avons transform\u00e9 une union politique coh\u00e9rente en un \u00ab\u00a0club\u00a0\u00bb h\u00e9t\u00e9roclite et impuissant.<\/p>\n\n\n\n<p class=\"wp-block-paragraph\">L\u2019indigestion est l\u00e0 : chaque nouvel entrant apporte avec lui ses contentieux territoriaux, ses faiblesses \u00e9conomiques et ses exigences de subventions, sans que le moteur d\u00e9cisionnel de Bruxelles ne soit renforc\u00e9. \u00c0 vingt-sept, nous sommes d\u00e9j\u00e0 lents ; \u00e0 trente ou trente-cinq, nous serons paralys\u00e9s.<\/p>\n\n\n\n<h5 class=\"wp-block-heading\">L\u2019asphyxie par la norme<\/h5>\n\n\n\n<p class=\"wp-block-paragraph\">Cette indigestion n\u2019est pas seulement g\u00e9ographique, elle est r\u00e9glementaire. Le <mark style=\"background-color:rgba(0, 0, 0, 0);color:#ff6900\" class=\"has-inline-color\">MDM<\/mark> refuse cette d\u00e9rive o\u00f9 l&rsquo;Europe compense son manque de vision strat\u00e9gique par un exc\u00e8s de z\u00e8le normatif.<\/p>\n\n\n\n<ul class=\"wp-block-list\">\n<li><strong>Sur-r\u00e9glementation :<\/strong> Nous \u00e9touffons nos entreprises sous des couches de directives que nos concurrents am\u00e9ricains ou chinois ignorent superbement.<\/li>\n\n\n\n<li><strong>Bureaucratie s\u00e9dentaire :<\/strong> Nos institutions consomment une \u00e9nergie folle \u00e0 s&rsquo;auto-g\u00e9rer, oubliant leur mission premi\u00e8re : la prosp\u00e9rit\u00e9 et la s\u00e9curit\u00e9 des citoyens.<\/li>\n<\/ul>\n\n\n\n<p class=\"wp-block-paragraph\">Vouloir tout r\u00e9genter, du diam\u00e8tre des fruits \u00e0 la courbure des normes de production, c&rsquo;est saturer l&rsquo;organisme europ\u00e9en jusqu&rsquo;\u00e0 l&#8217;embolie.<\/p>\n\n\n\n<h5 class=\"wp-block-heading\">Pour une cure de sant\u00e9 : Le sursaut moderniste<\/h5>\n\n\n\n<p class=\"wp-block-paragraph\">Face \u00e0 ce risque de d\u00e9composition par exc\u00e8s, le <mark style=\"background-color:rgba(0, 0, 0, 0);color:#ff6900\" class=\"has-inline-color\">Mouvement Droite Moderniste <\/mark>propose une rupture franche avec le logiciel f\u00e9d\u00e9raliste na\u00eff :<\/p>\n\n\n\n<ol class=\"wp-block-list\">\n<li><strong>Le Moratoire sur l\u2019\u00c9largissement :<\/strong> Pas un membre de plus tant que l\u2019unanimit\u00e9 n\u2019aura pas \u00e9t\u00e9 remplac\u00e9e par une majorit\u00e9 qualifi\u00e9e efficace sur les dossiers r\u00e9galiens.<\/li>\n\n\n\n<li><strong>La Di\u00e8te Normative :<\/strong> Pour chaque nouvelle norme europ\u00e9enne cr\u00e9\u00e9e, deux doivent \u00eatre supprim\u00e9es. Laissons respirer nos innovateurs.<\/li>\n\n\n\n<li><strong>L\u2019Europe des Projets plut\u00f4t que l\u2019Europe des Guichets :<\/strong> Recentrons nos ressources sur des champions industriels (IA, \u00e9nergie d\u00e9carbon\u00e9e, d\u00e9fense) plut\u00f4t que sur une redistribution client\u00e9liste qui ne produit aucune croissance.<\/li>\n<\/ol>\n\n\n\n<h5 class=\"wp-block-heading\">Conclusion<\/h5>\n\n\n\n<p class=\"wp-block-paragraph\">L\u2019Europe ne doit pas \u00eatre ce g\u00e9ant aux pieds d&rsquo;argile, incapable de se mouvoir tant il a trop mang\u00e9 \u00e0 la table des promesses non tenues. Si nous voulons survivre aux chocs du XXIe si\u00e8cle, nous devons cesser d&rsquo;accumuler les membres et les r\u00e8gles comme on accumule des calories vides.<\/p>\n\n\n\n<p class=\"wp-block-paragraph\"><strong>Le choix est simple : la r\u00e9forme structurelle ou l\u2019asphyxie. Pour le Mouvement Droite Moderniste, le temps du r\u00e9gime a sonn\u00e9. Il est temps de retrouver du muscle.<\/strong><\/p>\n","protected":false},"excerpt":{"rendered":"<p>Pendant des d\u00e9cennies, nos regards sont rest\u00e9s fix\u00e9s sur les marges de notre continent. Nous avons craint les assauts ext\u00e9rieurs, les vagues migratoires incontr\u00f4l\u00e9es et les imp\u00e9rialismes ressurgis de l\u2019Est. Pourtant, l\u2019histoire nous enseigne que les empires s\u2019effondrent rarement sous le coup d\u2019une lame \u00e9trang\u00e8re avant d\u2019avoir \u00e9t\u00e9 min\u00e9s de l\u2019int\u00e9rieur. Pour l\u2019Union europ\u00e9enne, le [&hellip;]<\/p>\n","protected":false},"author":1,"featured_media":0,"comment_status":"open","ping_status":"open","sticky":false,"template":"","format":"standard","meta":{"_monsterinsights_skip_tracking":false,"_uf_show_specific_survey":0,"_uf_disable_surveys":false,"footnotes":""},"categories":[55,41],"tags":[],"class_list":["post-2887","post","type-post","status-publish","format-standard","hentry","category-souverainisme-europeen","category-union-europeenne"],"_links":{"self":[{"href":"https:\/\/droitemoderniste.be\/index.php\/wp-json\/wp\/v2\/posts\/2887","targetHints":{"allow":["GET"]}}],"collection":[{"href":"https:\/\/droitemoderniste.be\/index.php\/wp-json\/wp\/v2\/posts"}],"about":[{"href":"https:\/\/droitemoderniste.be\/index.php\/wp-json\/wp\/v2\/types\/post"}],"author":[{"embeddable":true,"href":"https:\/\/droitemoderniste.be\/index.php\/wp-json\/wp\/v2\/users\/1"}],"replies":[{"embeddable":true,"href":"https:\/\/droitemoderniste.be\/index.php\/wp-json\/wp\/v2\/comments?post=2887"}],"version-history":[{"count":1,"href":"https:\/\/droitemoderniste.be\/index.php\/wp-json\/wp\/v2\/posts\/2887\/revisions"}],"predecessor-version":[{"id":2889,"href":"https:\/\/droitemoderniste.be\/index.php\/wp-json\/wp\/v2\/posts\/2887\/revisions\/2889"}],"wp:attachment":[{"href":"https:\/\/droitemoderniste.be\/index.php\/wp-json\/wp\/v2\/media?parent=2887"}],"wp:term":[{"taxonomy":"category","embeddable":true,"href":"https:\/\/droitemoderniste.be\/index.php\/wp-json\/wp\/v2\/categories?post=2887"},{"taxonomy":"post_tag","embeddable":true,"href":"https:\/\/droitemoderniste.be\/index.php\/wp-json\/wp\/v2\/tags?post=2887"}],"curies":[{"name":"wp","href":"https:\/\/api.w.org\/{rel}","templated":true}]}}