{"id":2884,"date":"2026-05-22T10:14:01","date_gmt":"2026-05-22T08:14:01","guid":{"rendered":"https:\/\/droitemoderniste.be\/?p=2884"},"modified":"2026-05-22T10:14:01","modified_gmt":"2026-05-22T08:14:01","slug":"le-syndrome-de-lheritier-pourquoi-lunion-europeenne-risque-lindigestion-pas-linvasion","status":"publish","type":"post","link":"https:\/\/droitemoderniste.be\/index.php\/2026\/05\/22\/le-syndrome-de-lheritier-pourquoi-lunion-europeenne-risque-lindigestion-pas-linvasion\/","title":{"rendered":"Le Syndrome de l\u2019H\u00e9ritier : Pourquoi l\u2019Union europ\u00e9enne risque l\u2019indigestion, pas l\u2019invasion"},"content":{"rendered":"\n<figure class=\"wp-block-image size-large\"><img loading=\"lazy\" decoding=\"async\" width=\"1024\" height=\"683\" src=\"https:\/\/droitemoderniste.be\/wp-content\/uploads\/2026\/05\/Elarigissement-syndrome-heritier-1024x683.png\" alt=\"\" class=\"wp-image-2885\" srcset=\"https:\/\/droitemoderniste.be\/wp-content\/uploads\/2026\/05\/Elarigissement-syndrome-heritier-1024x683.png 1024w, https:\/\/droitemoderniste.be\/wp-content\/uploads\/2026\/05\/Elarigissement-syndrome-heritier-300x200.png 300w, https:\/\/droitemoderniste.be\/wp-content\/uploads\/2026\/05\/Elarigissement-syndrome-heritier-768x512.png 768w, https:\/\/droitemoderniste.be\/wp-content\/uploads\/2026\/05\/Elarigissement-syndrome-heritier.png 1536w\" sizes=\"auto, (max-width: 1024px) 100vw, 1024px\" \/><\/figure>\n\n\n\n<p class=\"wp-block-paragraph\">Depuis des d\u00e9cennies, le d\u00e9bat public europ\u00e9en est hant\u00e9 par le spectre de la menace ext\u00e9rieure. Qu\u2019il s\u2019agisse de pressions g\u00e9opolitiques aux fronti\u00e8res ou de crises migratoires instrumentalis\u00e9es, le r\u00e9cit dominant sugg\u00e8re que l\u2019Europe s\u2019effondrera sous les coups de boutoir d\u2019un \u00ab ailleurs \u00bb conqu\u00e9rant. Pourtant, l\u2019histoire des grands ensembles nous enseigne une le\u00e7on plus am\u00e8re : les empires et les unions ne meurent que rarement d\u2019invasion. Ils s&rsquo;\u00e9teignent par <strong>indigestion<\/strong>.<\/p>\n\n\n\n<h3 class=\"wp-block-heading\">Le vertige de l\u2019\u00e9largissement sans profondeur<\/h3>\n\n\n\n<p class=\"wp-block-paragraph\">L\u2019Europe s\u2019est b\u00e2tie sur une promesse de paix, mais elle semble s&rsquo;\u00eatre perdue dans une logique de croissance infinie. En cherchant \u00e0 absorber toujours plus de territoires, de normes et de complexit\u00e9s administratives, l\u2019Union europ\u00e9enne ressemble aujourd&rsquo;hui \u00e0 un organisme qui refuse de dig\u00e9rer ce qu\u2019il a d\u00e9j\u00e0 consomm\u00e9 avant de passer au plat suivant.<\/p>\n\n\n\n<p class=\"wp-block-paragraph\">L\u2019indigestion, c\u2019est ce moment o\u00f9 la structure ne peut plus assimiler la diversit\u00e9 de ses membres. \u00c0 force de vouloir s\u2019\u00e9tendre sans renforcer ses piliers politiques et sociaux, l\u2019Europe devient un g\u00e9ant aux pieds d\u2019argile, paralys\u00e9 par des veto permanents et des int\u00e9r\u00eats nationaux devenus indigestes pour l\u2019int\u00e9r\u00eat g\u00e9n\u00e9ral.<\/p>\n\n\n\n<h3 class=\"wp-block-heading\">Une boulimie normative contre la souverainet\u00e9 r\u00e9elle<\/h3>\n\n\n\n<p class=\"wp-block-paragraph\">Le mal est aussi bureaucratique. Nous avons cr\u00e9\u00e9 une machine qui produit plus de r\u00e8gles qu\u2019elle ne g\u00e9n\u00e8re d\u2019adh\u00e9sion. Cette \u00ab boulimie normative \u00bb \u00e9touffe l\u2019innovation, fatigue les citoyens et \u00e9loigne le pouvoir du terrain.<\/p>\n\n\n\n<p class=\"wp-block-paragraph\">\u00ab Une structure qui ne sait plus dire \u00ab\u00a0non\u00a0\u00bb \u00e0 sa propre expansion finit par ne plus savoir dire \u00ab\u00a0oui\u00a0\u00bb \u00e0 son propre destin. \u00bb<\/p>\n\n\n\n<p class=\"wp-block-paragraph\">L\u2019obsession de l\u2019uniformisation \u00e0 tout prix cr\u00e9e un rejet gastrique au sein des nations. Ce n&rsquo;est pas l&rsquo;ennemi \u00e0 la porte qui menace la maison commune, c&rsquo;est l&rsquo;incapacit\u00e9 de ceux qui l&rsquo;habitent \u00e0 partager un repas sans que celui-ci ne se transforme en un fardeau r\u00e9glementaire insupportable.<\/p>\n\n\n\n<h3 class=\"wp-block-heading\">Le d\u00e9fi de la sati\u00e9t\u00e9 politique<\/h3>\n\n\n\n<p class=\"wp-block-paragraph\">Pour survivre, l\u2019Europe doit passer de la quantit\u00e9 \u00e0 la qualit\u00e9. Elle doit cesser de se voir comme une zone g\u00e9ographique en expansion pour se d\u00e9finir comme une puissance politique coh\u00e9rente.<\/p>\n\n\n\n<ul class=\"wp-block-list\">\n<li><strong>Prioriser la coh\u00e9sion interne<\/strong> sur l\u2019extension territoriale.<\/li>\n\n\n\n<li><strong>Simplifier le m\u00e9tabolisme d\u00e9cisionnel<\/strong> pour \u00e9viter la paralysie.<\/li>\n\n\n\n<li><strong>Redonner du go\u00fbt au projet commun<\/strong> en se concentrant sur les enjeux r\u00e9galiens plut\u00f4t que sur le micro-management du quotidien.<\/li>\n<\/ul>\n\n\n\n<p class=\"wp-block-paragraph\">Si nous persistons dans cette fuite en avant, nous n\u2019aurons pas besoin de conqu\u00e9rants pour voir notre projet s\u2019effondrer. L\u2019Europe s\u2019\u00e9croulera d\u2019elle-m\u00eame, victime d&rsquo;un trop-plein d&rsquo;ambitions mal ma\u00eetris\u00e9es et d&rsquo;un manque criant de souffle vital. Il est temps de choisir la force de la sobri\u00e9t\u00e9 politique plut\u00f4t que l\u2019ivresse d\u2019une expansion sans fin.<\/p>\n","protected":false},"excerpt":{"rendered":"<p>Depuis des d\u00e9cennies, le d\u00e9bat public europ\u00e9en est hant\u00e9 par le spectre de la menace ext\u00e9rieure. Qu\u2019il s\u2019agisse de pressions g\u00e9opolitiques aux fronti\u00e8res ou de crises migratoires instrumentalis\u00e9es, le r\u00e9cit dominant sugg\u00e8re que l\u2019Europe s\u2019effondrera sous les coups de boutoir d\u2019un \u00ab ailleurs \u00bb conqu\u00e9rant. Pourtant, l\u2019histoire des grands ensembles nous enseigne une le\u00e7on plus [&hellip;]<\/p>\n","protected":false},"author":1,"featured_media":0,"comment_status":"open","ping_status":"open","sticky":false,"template":"","format":"standard","meta":{"_monsterinsights_skip_tracking":false,"_uf_show_specific_survey":0,"_uf_disable_surveys":false,"footnotes":""},"categories":[55,41],"tags":[],"class_list":["post-2884","post","type-post","status-publish","format-standard","hentry","category-souverainisme-europeen","category-union-europeenne"],"_links":{"self":[{"href":"https:\/\/droitemoderniste.be\/index.php\/wp-json\/wp\/v2\/posts\/2884","targetHints":{"allow":["GET"]}}],"collection":[{"href":"https:\/\/droitemoderniste.be\/index.php\/wp-json\/wp\/v2\/posts"}],"about":[{"href":"https:\/\/droitemoderniste.be\/index.php\/wp-json\/wp\/v2\/types\/post"}],"author":[{"embeddable":true,"href":"https:\/\/droitemoderniste.be\/index.php\/wp-json\/wp\/v2\/users\/1"}],"replies":[{"embeddable":true,"href":"https:\/\/droitemoderniste.be\/index.php\/wp-json\/wp\/v2\/comments?post=2884"}],"version-history":[{"count":1,"href":"https:\/\/droitemoderniste.be\/index.php\/wp-json\/wp\/v2\/posts\/2884\/revisions"}],"predecessor-version":[{"id":2886,"href":"https:\/\/droitemoderniste.be\/index.php\/wp-json\/wp\/v2\/posts\/2884\/revisions\/2886"}],"wp:attachment":[{"href":"https:\/\/droitemoderniste.be\/index.php\/wp-json\/wp\/v2\/media?parent=2884"}],"wp:term":[{"taxonomy":"category","embeddable":true,"href":"https:\/\/droitemoderniste.be\/index.php\/wp-json\/wp\/v2\/categories?post=2884"},{"taxonomy":"post_tag","embeddable":true,"href":"https:\/\/droitemoderniste.be\/index.php\/wp-json\/wp\/v2\/tags?post=2884"}],"curies":[{"name":"wp","href":"https:\/\/api.w.org\/{rel}","templated":true}]}}