{"id":2881,"date":"2026-05-20T14:08:44","date_gmt":"2026-05-20T12:08:44","guid":{"rendered":"https:\/\/droitemoderniste.be\/?p=2881"},"modified":"2026-05-20T14:08:44","modified_gmt":"2026-05-20T12:08:44","slug":"lelargissement-est-il-devenu-un-reflexe-ideologiquesuicidaire","status":"publish","type":"post","link":"https:\/\/droitemoderniste.be\/index.php\/2026\/05\/20\/lelargissement-est-il-devenu-un-reflexe-ideologiquesuicidaire\/","title":{"rendered":"L\u2019\u00e9largissement est-il devenu un r\u00e9flexe id\u00e9ologique\u2026suicidaire\u00a0?"},"content":{"rendered":"\n<figure class=\"wp-block-image size-large\"><img loading=\"lazy\" decoding=\"async\" width=\"1024\" height=\"683\" src=\"https:\/\/droitemoderniste.be\/wp-content\/uploads\/2026\/05\/elargissement-UE-reflexe-ideologique-1024x683.png\" alt=\"\" class=\"wp-image-2882\" srcset=\"https:\/\/droitemoderniste.be\/wp-content\/uploads\/2026\/05\/elargissement-UE-reflexe-ideologique-1024x683.png 1024w, https:\/\/droitemoderniste.be\/wp-content\/uploads\/2026\/05\/elargissement-UE-reflexe-ideologique-300x200.png 300w, https:\/\/droitemoderniste.be\/wp-content\/uploads\/2026\/05\/elargissement-UE-reflexe-ideologique-768x512.png 768w, https:\/\/droitemoderniste.be\/wp-content\/uploads\/2026\/05\/elargissement-UE-reflexe-ideologique.png 1536w\" sizes=\"auto, (max-width: 1024px) 100vw, 1024px\" \/><\/figure>\n\n\n\n<p class=\"wp-block-paragraph\">Depuis l\u2019invasion de l\u2019Ukraine par la Russie, une id\u00e9e s\u2019est impos\u00e9e dans le d\u00e9bat public europ\u00e9en : l\u2019Union europ\u00e9enne jouerait d\u00e9sormais sa survie face \u00e0 Moscou. La menace russe est r\u00e9elle, s\u00e9rieuse, durable. Personne ne peut honn\u00eatement la minimiser.<\/p>\n\n\n\n<p class=\"wp-block-paragraph\">Mais une autre question m\u00e9rite d\u2019\u00eatre pos\u00e9e, sans anath\u00e8me ni caricature : et si le principal risque de fragilisation de l\u2019Union europ\u00e9enne venait moins d\u2019une agression ext\u00e9rieure que de sa propre dynamique d\u2019\u00e9largissement permanent ?<\/p>\n\n\n\n<p class=\"wp-block-paragraph\">Car l\u2019Union europ\u00e9enne traverse d\u00e9j\u00e0 une crise silencieuse de gouvernance.<\/p>\n\n\n\n<p class=\"wp-block-paragraph\">\u00c0 27 \u00c9tats membres, elle peine r\u00e9guli\u00e8rement \u00e0 :<\/p>\n\n\n\n<ul class=\"wp-block-list\">\n<li>d\u00e9gager des positions communes rapides,<\/li>\n\n\n\n<li>r\u00e9former ses institutions,<\/li>\n\n\n\n<li>harmoniser certaines politiques essentielles,<\/li>\n\n\n\n<li>ou maintenir une coh\u00e9sion politique forte entre des int\u00e9r\u00eats nationaux parfois profond\u00e9ment divergents.<\/li>\n<\/ul>\n\n\n\n<p class=\"wp-block-paragraph\">Dans ce contexte, l\u2019ouverture annonc\u00e9e \u00e0 de nouveaux \u00c9tats \u2013 Ukraine, Moldavie, Balkans occidentaux \u2013 soul\u00e8ve une question fondamentale : jusqu\u2019o\u00f9 l\u2019Union peut-elle s\u2019\u00e9tendre sans perdre sa capacit\u00e9 d\u2019action ?<\/p>\n\n\n\n<p class=\"wp-block-paragraph\">Cette interrogation n\u2019est ni anti-europ\u00e9enne ni pro-russe. Elle touche au c\u0153ur m\u00eame du projet europ\u00e9en.<\/p>\n\n\n\n<p class=\"wp-block-paragraph\">Pendant longtemps, l\u2019int\u00e9gration europ\u00e9enne s\u2019est construite entre \u00c9tats relativement comparables sur les plans \u00e9conomique, administratif et institutionnel. Les futurs \u00e9largissements changent d\u2019\u00e9chelle. Ils impliqueraient l\u2019int\u00e9gration de pays confront\u00e9s \u00e0 des d\u00e9fis consid\u00e9rables :<\/p>\n\n\n\n<ul class=\"wp-block-list\">\n<li>reconstruction post-conflit,<\/li>\n\n\n\n<li>\u00e9carts de d\u00e9veloppement importants,<\/li>\n\n\n\n<li>tensions g\u00e9opolitiques persistantes,<\/li>\n\n\n\n<li>fragilit\u00e9s institutionnelles,<\/li>\n\n\n\n<li>besoins massifs de financement.<\/li>\n<\/ul>\n\n\n\n<p class=\"wp-block-paragraph\">L\u2019Ukraine illustre parfaitement ce basculement. Son adh\u00e9sion \u00e9ventuelle aurait des cons\u00e9quences majeures sur :<\/p>\n\n\n\n<ul class=\"wp-block-list\">\n<li>la politique agricole commune,<\/li>\n\n\n\n<li>les \u00e9quilibres budg\u00e9taires,<\/li>\n\n\n\n<li>les fonds de coh\u00e9sion,<\/li>\n\n\n\n<li>la politique de d\u00e9fense,<\/li>\n\n\n\n<li>et le fonctionnement institutionnel global de l\u2019Union.<\/li>\n<\/ul>\n\n\n\n<p class=\"wp-block-paragraph\">Or ce d\u00e9bat reste \u00e9tonnamment limit\u00e9 dans l\u2019espace public europ\u00e9en.<\/p>\n\n\n\n<p class=\"wp-block-paragraph\">Comme si le simple fait de questionner la capacit\u00e9 d\u2019absorption de l\u2019Union revenait automatiquement \u00e0 contester le projet europ\u00e9en lui-m\u00eame.<\/p>\n\n\n\n<p class=\"wp-block-paragraph\">Pourtant, toute construction politique a besoin de fronti\u00e8res fonctionnelles et d\u2019un minimum de coh\u00e9rence strat\u00e9gique. Une union politique ne se mesure pas uniquement \u00e0 sa superficie ou au nombre de ses membres. Elle se mesure aussi \u00e0 sa capacit\u00e9 :<\/p>\n\n\n\n<ul class=\"wp-block-list\">\n<li>\u00e0 d\u00e9cider,<\/li>\n\n\n\n<li>\u00e0 agir,<\/li>\n\n\n\n<li>\u00e0 prot\u00e9ger,<\/li>\n\n\n\n<li>et \u00e0 conserver l\u2019adh\u00e9sion d\u00e9mocratique de ses citoyens.<\/li>\n<\/ul>\n\n\n\n<p class=\"wp-block-paragraph\">Le risque, \u00e0 terme, est celui d\u2019une Europe de plus en plus vaste mais de moins en moins int\u00e9gr\u00e9e. Une Europe o\u00f9 l\u2019\u00e9largissement permanent remplacerait progressivement l\u2019approfondissement politique.<\/p>\n\n\n\n<p class=\"wp-block-paragraph\">L\u2019histoire montre que les ensembles politiques se fragilisent rarement uniquement sous la pression ext\u00e9rieure. Ils se fragilisent aussi lorsqu\u2019ils deviennent trop complexes, trop dispers\u00e9s ou incapables d\u2019arbitrer efficacement leurs contradictions internes.<\/p>\n\n\n\n<p class=\"wp-block-paragraph\">L\u2019Union europ\u00e9enne doit \u00e9videmment soutenir l\u2019Ukraine et d\u00e9fendre ses int\u00e9r\u00eats strat\u00e9giques face \u00e0 la Russie. Mais cela ne dispense pas d\u2019un d\u00e9bat lucide sur ses propres limites institutionnelles et politiques.<\/p>\n\n\n\n<p class=\"wp-block-paragraph\">Car une question demeure : l\u2019Europe veut-elle devenir une v\u00e9ritable puissance politique coh\u00e9rente, ou un espace continental toujours plus large mais toujours plus difficile \u00e0 gouverner ?<\/p>\n\n\n\n<p class=\"wp-block-paragraph\">C\u2019est probablement l\u00e0 que se joue son avenir.<\/p>\n","protected":false},"excerpt":{"rendered":"<p>Depuis l\u2019invasion de l\u2019Ukraine par la Russie, une id\u00e9e s\u2019est impos\u00e9e dans le d\u00e9bat public europ\u00e9en : l\u2019Union europ\u00e9enne jouerait d\u00e9sormais sa survie face \u00e0 Moscou. La menace russe est r\u00e9elle, s\u00e9rieuse, durable. Personne ne peut honn\u00eatement la minimiser. Mais une autre question m\u00e9rite d\u2019\u00eatre pos\u00e9e, sans anath\u00e8me ni caricature : et si le principal [&hellip;]<\/p>\n","protected":false},"author":1,"featured_media":0,"comment_status":"open","ping_status":"open","sticky":false,"template":"","format":"standard","meta":{"_monsterinsights_skip_tracking":false,"_uf_show_specific_survey":0,"_uf_disable_surveys":false,"footnotes":""},"categories":[55,41],"tags":[],"class_list":["post-2881","post","type-post","status-publish","format-standard","hentry","category-souverainisme-europeen","category-union-europeenne"],"_links":{"self":[{"href":"https:\/\/droitemoderniste.be\/index.php\/wp-json\/wp\/v2\/posts\/2881","targetHints":{"allow":["GET"]}}],"collection":[{"href":"https:\/\/droitemoderniste.be\/index.php\/wp-json\/wp\/v2\/posts"}],"about":[{"href":"https:\/\/droitemoderniste.be\/index.php\/wp-json\/wp\/v2\/types\/post"}],"author":[{"embeddable":true,"href":"https:\/\/droitemoderniste.be\/index.php\/wp-json\/wp\/v2\/users\/1"}],"replies":[{"embeddable":true,"href":"https:\/\/droitemoderniste.be\/index.php\/wp-json\/wp\/v2\/comments?post=2881"}],"version-history":[{"count":1,"href":"https:\/\/droitemoderniste.be\/index.php\/wp-json\/wp\/v2\/posts\/2881\/revisions"}],"predecessor-version":[{"id":2883,"href":"https:\/\/droitemoderniste.be\/index.php\/wp-json\/wp\/v2\/posts\/2881\/revisions\/2883"}],"wp:attachment":[{"href":"https:\/\/droitemoderniste.be\/index.php\/wp-json\/wp\/v2\/media?parent=2881"}],"wp:term":[{"taxonomy":"category","embeddable":true,"href":"https:\/\/droitemoderniste.be\/index.php\/wp-json\/wp\/v2\/categories?post=2881"},{"taxonomy":"post_tag","embeddable":true,"href":"https:\/\/droitemoderniste.be\/index.php\/wp-json\/wp\/v2\/tags?post=2881"}],"curies":[{"name":"wp","href":"https:\/\/api.w.org\/{rel}","templated":true}]}}