{"id":2878,"date":"2026-05-19T14:16:46","date_gmt":"2026-05-19T12:16:46","guid":{"rendered":"https:\/\/droitemoderniste.be\/?p=2878"},"modified":"2026-05-19T14:16:46","modified_gmt":"2026-05-19T12:16:46","slug":"continuer-a-integrer-les-pays-de-lest-dans-lue-est-revelateur-dune-folie-politique-presque-mystique","status":"publish","type":"post","link":"https:\/\/droitemoderniste.be\/index.php\/2026\/05\/19\/continuer-a-integrer-les-pays-de-lest-dans-lue-est-revelateur-dune-folie-politique-presque-mystique\/","title":{"rendered":"Continuer \u00e0 int\u00e9grer les pays de l\u2019Est\u00a0 dans l\u2019UE est r\u00e9v\u00e9lateur d\u2019une folie politique presque mystique"},"content":{"rendered":"\n<figure class=\"wp-block-image size-large\"><img loading=\"lazy\" decoding=\"async\" width=\"1024\" height=\"683\" src=\"https:\/\/droitemoderniste.be\/wp-content\/uploads\/2026\/05\/elargissement-mystique-1024x683.png\" alt=\"\" class=\"wp-image-2879\" srcset=\"https:\/\/droitemoderniste.be\/wp-content\/uploads\/2026\/05\/elargissement-mystique-1024x683.png 1024w, https:\/\/droitemoderniste.be\/wp-content\/uploads\/2026\/05\/elargissement-mystique-300x200.png 300w, https:\/\/droitemoderniste.be\/wp-content\/uploads\/2026\/05\/elargissement-mystique-768x512.png 768w, https:\/\/droitemoderniste.be\/wp-content\/uploads\/2026\/05\/elargissement-mystique.png 1536w\" sizes=\"auto, (max-width: 1024px) 100vw, 1024px\" \/><\/figure>\n\n\n\n<p class=\"wp-block-paragraph\">Le grand mensonge de Bruxelles consiste \u00e0 faire croire que l\u2019avenir de l\u2019Europe d\u00e9pend uniquement de sa capacit\u00e9 \u00e0 r\u00e9sister \u00e0 Vladimir Poutine.<\/p>\n\n\n\n<p class=\"wp-block-paragraph\">Faux.<\/p>\n\n\n\n<p class=\"wp-block-paragraph\">Le vrai danger pour l\u2019Union europ\u00e9enne n\u2019est pas \u00e0 Moscou.<\/p>\n\n\n\n<p class=\"wp-block-paragraph\">Il est \u00e0 Bruxelles.<\/p>\n\n\n\n<p class=\"wp-block-paragraph\">Il si\u00e8ge dans les sommets europ\u00e9ens, dans les couloirs de la Commission, dans cette obsession maladive de l\u2019\u00e9largissement permanent qui transforme peu \u00e0 peu l\u2019Union en monstre bureaucratique ingouvernable.<\/p>\n\n\n\n<p class=\"wp-block-paragraph\">L\u2019Union europ\u00e9enne ne mourra probablement pas sous les bombes russes.<\/p>\n\n\n\n<p class=\"wp-block-paragraph\">Elle mourra d\u2019indigestion.<\/p>\n\n\n\n<p class=\"wp-block-paragraph\">\u00c0 force de vouloir absorber toujours plus de pays, toujours plus de populations, toujours plus de contradictions, Bruxelles d\u00e9truit ce qui faisait encore tenir l\u2019ensemble : un minimum de coh\u00e9rence politique.<\/p>\n\n\n\n<p class=\"wp-block-paragraph\">Ukraine. Moldavie. Balkans. Demain G\u00e9orgie. Apr\u00e8s-demain qui encore ?<\/p>\n\n\n\n<p class=\"wp-block-paragraph\">L\u2019Union europ\u00e9enne agit comme un empire fatigu\u00e9 qui confond expansion et puissance.<\/p>\n\n\n\n<p class=\"wp-block-paragraph\">Or l\u2019histoire est cruelle : les ensembles politiques qui ne savent plus d\u00e9finir leurs fronti\u00e8res finissent toujours par se dissoudre.<\/p>\n\n\n\n<p class=\"wp-block-paragraph\">L\u2019UE compte d\u00e9j\u00e0 27 \u00c9tats et elle est incapable :<\/p>\n\n\n\n<ul class=\"wp-block-list\">\n<li>d\u2019avoir une politique migratoire commune,<\/li>\n\n\n\n<li>d\u2019assurer son ind\u00e9pendance \u00e9nerg\u00e9tique,<\/li>\n\n\n\n<li>de parler d\u2019une seule voix diplomatique,<\/li>\n\n\n\n<li>de prot\u00e9ger efficacement ses fronti\u00e8res,<\/li>\n\n\n\n<li>ou m\u00eame de prendre rapidement des d\u00e9cisions sans marchandages humiliants.<\/li>\n<\/ul>\n\n\n\n<p class=\"wp-block-paragraph\">Chaque sommet europ\u00e9en ressemble davantage \u00e0 une copropri\u00e9t\u00e9 en faillite qu\u2019\u00e0 une puissance mondiale.<\/p>\n\n\n\n<p class=\"wp-block-paragraph\">Et pourtant, les eurocrates veulent continuer \u00e0 \u00e9largir.<\/p>\n\n\n\n<p class=\"wp-block-paragraph\">Toujours plus.<\/p>\n\n\n\n<p class=\"wp-block-paragraph\">Comme si ajouter des passagers sur un navire d\u00e9j\u00e0 instable allait miraculeusement le rendre plus solide.<\/p>\n\n\n\n<p class=\"wp-block-paragraph\">L\u2019exemple ukrainien est r\u00e9v\u00e9lateur d\u2019une folie politique presque mystique.<\/p>\n\n\n\n<p class=\"wp-block-paragraph\">On parle d\u2019int\u00e9grer un pays :<\/p>\n\n\n\n<ul class=\"wp-block-list\">\n<li>en guerre,<\/li>\n\n\n\n<li>\u00e9conomiquement exsangue,<\/li>\n\n\n\n<li>marqu\u00e9 par une corruption structurelle historique,<\/li>\n\n\n\n<li>n\u00e9cessitant des centaines de milliards d\u2019aides,<\/li>\n\n\n\n<li>et dont l\u2019entr\u00e9e bouleverserait totalement les \u00e9quilibres agricoles, budg\u00e9taires et g\u00e9opolitiques de l\u2019Union.<\/li>\n<\/ul>\n\n\n\n<p class=\"wp-block-paragraph\">Et tout cela sans v\u00e9ritable d\u00e9bat d\u00e9mocratique.<\/p>\n\n\n\n<p class=\"wp-block-paragraph\">Parce qu\u2019\u00e0 Bruxelles, l\u2019\u00e9largissement est devenu une religion.<br>On ne r\u00e9fl\u00e9chit plus.<br>On r\u00e9cite.<\/p>\n\n\n\n<p class=\"wp-block-paragraph\">Toute critique devient imm\u00e9diatement suspecte :<br>si vous doutez de l\u2019\u00e9largissement, vous \u00eates \u00ab populiste \u00bb ;<br>si vous posez la question des limites europ\u00e9ennes, vous \u00eates \u00ab nationaliste \u00bb ;<br>si vous refusez cette fuite en avant, vous \u00eates presque accus\u00e9 de servir le Kremlin.<\/p>\n\n\n\n<p class=\"wp-block-paragraph\">Cette hyst\u00e9rie morale cache une r\u00e9alit\u00e9 simple :<br>les dirigeants europ\u00e9ens savent parfaitement que l\u2019Union devient trop vaste pour \u00eatre gouvernable.<\/p>\n\n\n\n<p class=\"wp-block-paragraph\">Mais ils continuent quand m\u00eame.<\/p>\n\n\n\n<p class=\"wp-block-paragraph\">Pourquoi ?<\/p>\n\n\n\n<p class=\"wp-block-paragraph\">Parce que l\u2019Union europ\u00e9enne moderne ne sait plus approfondir son projet politique.<br>Elle ne sait plus cr\u00e9er d\u2019adh\u00e9sion populaire.<br>Elle ne sait plus produire de puissance r\u00e9elle.<\/p>\n\n\n\n<p class=\"wp-block-paragraph\">Alors elle compense par l\u2019expansion g\u00e9ographique.<\/p>\n\n\n\n<p class=\"wp-block-paragraph\">C\u2019est la logique des structures en d\u00e9clin :<br>quand le centre s\u2019affaiblit, il tente de masquer sa fragilit\u00e9 par l\u2019extension.<\/p>\n\n\n\n<p class=\"wp-block-paragraph\">Rome l\u2019a fait.<br>L\u2019URSS l\u2019a fait.<br>D\u2019autres avant elles aussi.<\/p>\n\n\n\n<p class=\"wp-block-paragraph\">Toutes ont fini par s\u2019effondrer sous leur propre poids.<\/p>\n\n\n\n<p class=\"wp-block-paragraph\">Le plus ironique dans cette histoire est que la Russie pourrait finalement ne jamais d\u00e9truire l\u2019Union europ\u00e9enne.<\/p>\n\n\n\n<p class=\"wp-block-paragraph\">Bruxelles pourrait tr\u00e8s bien s\u2019en charger seule.<\/p>\n\n\n\n<p class=\"wp-block-paragraph\">Car une civilisation ne dispara\u00eet pas forc\u00e9ment lorsqu\u2019elle est envahie.<br>Elle dispara\u00eet souvent lorsqu\u2019elle ne sait plus ce qu\u2019elle est, o\u00f9 elle s\u2019arr\u00eate et pourquoi elle existe.<\/p>\n\n\n\n<p class=\"wp-block-paragraph\">Et c\u2019est pr\u00e9cis\u00e9ment le drame europ\u00e9en actuel.<\/p>\n\n\n\n<p class=\"wp-block-paragraph\">Une Union sans fronti\u00e8res claires.<br>Sans peuple commun.<br>Sans projet lisible.<br>Sans colonne vert\u00e9brale civilisationnelle.<br>Mais avec une bureaucratie immense persuad\u00e9e que l\u2019\u00e9largissement infini remplacera la puissance politique.<\/p>\n\n\n\n<p class=\"wp-block-paragraph\">Erreur historique.<\/p>\n\n\n\n<p class=\"wp-block-paragraph\">On peut survivre \u00e0 un ennemi ext\u00e9rieur.<\/p>\n\n\n\n<p class=\"wp-block-paragraph\">On survit rarement \u00e0 sa propre dilution.<\/p>\n\n\n\n<p class=\"wp-block-paragraph\">L\u2019Union europ\u00e9enne ne mourra peut-\u00eatre jamais sous les chars russes.<\/p>\n\n\n\n<p class=\"wp-block-paragraph\">Mais elle pourrait tr\u00e8s bien se noyer dans son propre \u00e9largissement.<\/p>\n","protected":false},"excerpt":{"rendered":"<p>Le grand mensonge de Bruxelles consiste \u00e0 faire croire que l\u2019avenir de l\u2019Europe d\u00e9pend uniquement de sa capacit\u00e9 \u00e0 r\u00e9sister \u00e0 Vladimir Poutine. Faux. Le vrai danger pour l\u2019Union europ\u00e9enne n\u2019est pas \u00e0 Moscou. Il est \u00e0 Bruxelles. Il si\u00e8ge dans les sommets europ\u00e9ens, dans les couloirs de la Commission, dans cette obsession maladive de [&hellip;]<\/p>\n","protected":false},"author":1,"featured_media":0,"comment_status":"open","ping_status":"open","sticky":false,"template":"","format":"standard","meta":{"_monsterinsights_skip_tracking":false,"_uf_show_specific_survey":0,"_uf_disable_surveys":false,"footnotes":""},"categories":[55,41],"tags":[],"class_list":["post-2878","post","type-post","status-publish","format-standard","hentry","category-souverainisme-europeen","category-union-europeenne"],"_links":{"self":[{"href":"https:\/\/droitemoderniste.be\/index.php\/wp-json\/wp\/v2\/posts\/2878","targetHints":{"allow":["GET"]}}],"collection":[{"href":"https:\/\/droitemoderniste.be\/index.php\/wp-json\/wp\/v2\/posts"}],"about":[{"href":"https:\/\/droitemoderniste.be\/index.php\/wp-json\/wp\/v2\/types\/post"}],"author":[{"embeddable":true,"href":"https:\/\/droitemoderniste.be\/index.php\/wp-json\/wp\/v2\/users\/1"}],"replies":[{"embeddable":true,"href":"https:\/\/droitemoderniste.be\/index.php\/wp-json\/wp\/v2\/comments?post=2878"}],"version-history":[{"count":1,"href":"https:\/\/droitemoderniste.be\/index.php\/wp-json\/wp\/v2\/posts\/2878\/revisions"}],"predecessor-version":[{"id":2880,"href":"https:\/\/droitemoderniste.be\/index.php\/wp-json\/wp\/v2\/posts\/2878\/revisions\/2880"}],"wp:attachment":[{"href":"https:\/\/droitemoderniste.be\/index.php\/wp-json\/wp\/v2\/media?parent=2878"}],"wp:term":[{"taxonomy":"category","embeddable":true,"href":"https:\/\/droitemoderniste.be\/index.php\/wp-json\/wp\/v2\/categories?post=2878"},{"taxonomy":"post_tag","embeddable":true,"href":"https:\/\/droitemoderniste.be\/index.php\/wp-json\/wp\/v2\/tags?post=2878"}],"curies":[{"name":"wp","href":"https:\/\/api.w.org\/{rel}","templated":true}]}}