{"id":2875,"date":"2026-05-18T11:31:59","date_gmt":"2026-05-18T09:31:59","guid":{"rendered":"https:\/\/droitemoderniste.be\/?p=2875"},"modified":"2026-05-18T11:31:59","modified_gmt":"2026-05-18T09:31:59","slug":"le-danger-nest-pas-une-rupture-brutale-venue-de-lexterieur-mais-une-implosion-lente-causee-par-une-dilatation-excessive","status":"publish","type":"post","link":"https:\/\/droitemoderniste.be\/index.php\/2026\/05\/18\/le-danger-nest-pas-une-rupture-brutale-venue-de-lexterieur-mais-une-implosion-lente-causee-par-une-dilatation-excessive\/","title":{"rendered":"Le danger n\u2019est pas une rupture brutale venue de l&rsquo;ext\u00e9rieur, mais une implosion lente caus\u00e9e par une dilatation excessive"},"content":{"rendered":"\n<figure class=\"wp-block-image size-large\"><img loading=\"lazy\" decoding=\"async\" width=\"1024\" height=\"683\" src=\"https:\/\/droitemoderniste.be\/wp-content\/uploads\/2026\/05\/elargissement-implosion-1024x683.png\" alt=\"\" class=\"wp-image-2876\" srcset=\"https:\/\/droitemoderniste.be\/wp-content\/uploads\/2026\/05\/elargissement-implosion-1024x683.png 1024w, https:\/\/droitemoderniste.be\/wp-content\/uploads\/2026\/05\/elargissement-implosion-300x200.png 300w, https:\/\/droitemoderniste.be\/wp-content\/uploads\/2026\/05\/elargissement-implosion-768x512.png 768w, https:\/\/droitemoderniste.be\/wp-content\/uploads\/2026\/05\/elargissement-implosion.png 1536w\" sizes=\"auto, (max-width: 1024px) 100vw, 1024px\" \/><\/figure>\n\n\n\n<p class=\"wp-block-paragraph\">Voici pourquoi il est grand temps de d\u00e9placer le curseur de la menace et de consid\u00e9rer l&rsquo;\u00e9largissement comme le v\u00e9ritable d\u00e9fi existentiel de l&rsquo;UE.<\/p>\n\n\n\n<h5 class=\"wp-block-heading\">1. La paralysie d\u00e9cisionnelle : le \u00ab\u00a0pi\u00e8ge de l&rsquo;unanimit\u00e9\u00a0\u00bb<\/h5>\n\n\n\n<p class=\"wp-block-paragraph\">L&rsquo;Union europ\u00e9enne fonctionne d\u00e9j\u00e0 difficilement \u00e0 27, notamment sur les dossiers r\u00e9gis par l&rsquo;unanimit\u00e9 (fiscalit\u00e9, politique \u00e9trang\u00e8re).<\/p>\n\n\n\n<ul class=\"wp-block-list\">\n<li><strong>La dilution du pouvoir :<\/strong> Passer \u00e0 30 ou 35 membres sans r\u00e9forme profonde des trait\u00e9s risque de transformer le Conseil europ\u00e9en en une assembl\u00e9e bavarde incapable de trancher.<\/li>\n\n\n\n<li><strong>Le droit de veto :<\/strong> Chaque nouvel arrivant apporte ses propres contentieux historiques et ses int\u00e9r\u00eats nationaux. L&rsquo;indigestion vient ici du fait que plus il y a de convives \u00e0 table, plus il est statistiquement probable qu&rsquo;un invit\u00e9 bloque le menu pour tout le monde.<\/li>\n<\/ul>\n\n\n\n<h5 class=\"wp-block-heading\">2. Le choc \u00e9conomique et la fin de la coh\u00e9sion<\/h5>\n\n\n\n<p class=\"wp-block-paragraph\">L&rsquo;int\u00e9gration de pays dont le PIB par habitant est nettement inf\u00e9rieur \u00e0 la moyenne communautaire (comme les pays des Balkans occidentaux ou l&rsquo;Ukraine) modifierait radicalement l&rsquo;\u00e9quilibre financier de l&rsquo;Union.<\/p>\n\n\n\n<ul class=\"wp-block-list\">\n<li><strong>Le basculement budg\u00e9taire :<\/strong> Des pays actuellement \u00ab\u00a0b\u00e9n\u00e9ficiaires nets\u00a0\u00bb (comme la Pologne ou l&rsquo;Espagne) deviendraient m\u00e9caniquement des \u00ab\u00a0contributeurs nets\u00a0\u00bb pour financer la politique de coh\u00e9sion des nouveaux entrants.<\/li>\n\n\n\n<li><strong>La fatigue de la solidarit\u00e9 :<\/strong> Ce transfert de richesse pourrait exacerber les tensions populistes dans les pays d&rsquo;Europe de l&rsquo;Ouest, cr\u00e9ant une fracture interne plus d\u00e9vastatrice qu&rsquo;une menace militaire.<\/li>\n<\/ul>\n\n\n\n<h5 class=\"wp-block-heading\">3. La fragilisation de l&rsquo;\u00c9tat de droit<\/h5>\n\n\n\n<p class=\"wp-block-paragraph\">L&rsquo;indigestion est aussi de nature <strong>politique et juridique<\/strong>.<\/p>\n\n\n\n<ul class=\"wp-block-list\">\n<li>L&rsquo;UE est une communaut\u00e9 de valeurs et de normes. L&rsquo;int\u00e9gration pr\u00e9cipit\u00e9e de d\u00e9mocraties encore fragiles ou en transition pourrait importer au sein m\u00eame du syst\u00e8me europ\u00e9en des probl\u00e8mes de corruption syst\u00e9mique ou d&rsquo;ind\u00e9pendance de la justice.<\/li>\n\n\n\n<li>Une fois dans l&rsquo;Union, il est extr\u00eamement difficile de sanctionner un \u00c9tat membre (comme le montre l&rsquo;inefficacit\u00e9 relative de l&rsquo;Article 7). L&rsquo;UE pourrait alors \u00ab\u00a0mourir\u00a0\u00bb en perdant sa substance d\u00e9mocratique de l&rsquo;int\u00e9rieur.<\/li>\n<\/ul>\n\n\n\n<h5 class=\"wp-block-heading\">4. L&rsquo;invasion russe : un moteur paradoxal de survie<\/h5>\n\n\n\n<p class=\"wp-block-paragraph\">Contrairement \u00e0 l&rsquo;\u00e9largissement qui divise, la menace russe agit souvent comme un <strong>catalyseur d&rsquo;unit\u00e9<\/strong>.<\/p>\n\n\n\n<ul class=\"wp-block-list\">\n<li><strong>Le r\u00e9veil g\u00e9opolitique :<\/strong> L&rsquo;agression russe a forc\u00e9 l&rsquo;UE \u00e0 investir dans sa d\u00e9fense, \u00e0 s&rsquo;unir sur des sanctions historiques et \u00e0 r\u00e9duire sa d\u00e9pendance \u00e9nerg\u00e9tique.<\/li>\n\n\n\n<li><strong>Coh\u00e9sion par l&rsquo;ennemi commun :<\/strong> Historiquement, les entit\u00e9s politiques se renforcent face \u00e0 une menace existentielle externe. L&rsquo;invasion russe ne tue pas l&rsquo;UE ; elle lui redonne une raison d&rsquo;\u00eatre et une urgence qu&rsquo;elle avait perdue.<\/li>\n<\/ul>\n\n\n\n<h5 class=\"wp-block-heading\">En r\u00e9sum\u00e9<\/h5>\n\n\n\n<p class=\"wp-block-paragraph\">L&rsquo;argument sugg\u00e8re que l&rsquo;UE commettrait une erreur de diagnostic : en voulant r\u00e9pondre \u00e0 la menace russe par un \u00e9largissement rapide (pour stabiliser son voisinage), elle risquerait d&rsquo;ing\u00e9rer des morceaux qu&rsquo;elle est incapable de dig\u00e9rer.<\/p>\n\n\n\n<p class=\"wp-block-paragraph\"><strong>L&rsquo;image est claire :<\/strong> Un corps peut survivre \u00e0 une blessure externe s&rsquo;il est sain, mais il s&rsquo;effondre si ses propres organes cessent de fonctionner parce qu&rsquo;il a tent\u00e9 d&rsquo;absorber plus qu&rsquo;il ne peut transformer.<\/p>\n\n\n\n<p class=\"wp-block-paragraph\"><\/p>\n\n\n\n<p class=\"wp-block-paragraph\">Une analyse g\u00e9opolitique et institutionnelle du <mark style=\"background-color:rgba(0, 0, 0, 0);color:#ff6900\" class=\"has-inline-color\">MDM<\/mark><\/p>\n","protected":false},"excerpt":{"rendered":"<p>Voici pourquoi il est grand temps de d\u00e9placer le curseur de la menace et de consid\u00e9rer l&rsquo;\u00e9largissement comme le v\u00e9ritable d\u00e9fi existentiel de l&rsquo;UE. 1. La paralysie d\u00e9cisionnelle : le \u00ab\u00a0pi\u00e8ge de l&rsquo;unanimit\u00e9\u00a0\u00bb L&rsquo;Union europ\u00e9enne fonctionne d\u00e9j\u00e0 difficilement \u00e0 27, notamment sur les dossiers r\u00e9gis par l&rsquo;unanimit\u00e9 (fiscalit\u00e9, politique \u00e9trang\u00e8re). 2. Le choc \u00e9conomique et [&hellip;]<\/p>\n","protected":false},"author":1,"featured_media":0,"comment_status":"open","ping_status":"open","sticky":false,"template":"","format":"standard","meta":{"_monsterinsights_skip_tracking":false,"_uf_show_specific_survey":0,"_uf_disable_surveys":false,"footnotes":""},"categories":[55,41],"tags":[],"class_list":["post-2875","post","type-post","status-publish","format-standard","hentry","category-souverainisme-europeen","category-union-europeenne"],"_links":{"self":[{"href":"https:\/\/droitemoderniste.be\/index.php\/wp-json\/wp\/v2\/posts\/2875","targetHints":{"allow":["GET"]}}],"collection":[{"href":"https:\/\/droitemoderniste.be\/index.php\/wp-json\/wp\/v2\/posts"}],"about":[{"href":"https:\/\/droitemoderniste.be\/index.php\/wp-json\/wp\/v2\/types\/post"}],"author":[{"embeddable":true,"href":"https:\/\/droitemoderniste.be\/index.php\/wp-json\/wp\/v2\/users\/1"}],"replies":[{"embeddable":true,"href":"https:\/\/droitemoderniste.be\/index.php\/wp-json\/wp\/v2\/comments?post=2875"}],"version-history":[{"count":1,"href":"https:\/\/droitemoderniste.be\/index.php\/wp-json\/wp\/v2\/posts\/2875\/revisions"}],"predecessor-version":[{"id":2877,"href":"https:\/\/droitemoderniste.be\/index.php\/wp-json\/wp\/v2\/posts\/2875\/revisions\/2877"}],"wp:attachment":[{"href":"https:\/\/droitemoderniste.be\/index.php\/wp-json\/wp\/v2\/media?parent=2875"}],"wp:term":[{"taxonomy":"category","embeddable":true,"href":"https:\/\/droitemoderniste.be\/index.php\/wp-json\/wp\/v2\/categories?post=2875"},{"taxonomy":"post_tag","embeddable":true,"href":"https:\/\/droitemoderniste.be\/index.php\/wp-json\/wp\/v2\/tags?post=2875"}],"curies":[{"name":"wp","href":"https:\/\/api.w.org\/{rel}","templated":true}]}}