{"id":2872,"date":"2026-05-17T11:17:52","date_gmt":"2026-05-17T09:17:52","guid":{"rendered":"https:\/\/droitemoderniste.be\/?p=2872"},"modified":"2026-05-17T11:17:52","modified_gmt":"2026-05-17T09:17:52","slug":"leurope-ne-doit-pas-devenir-un-empire-bureaucratique-sans-limites","status":"publish","type":"post","link":"https:\/\/droitemoderniste.be\/index.php\/2026\/05\/17\/leurope-ne-doit-pas-devenir-un-empire-bureaucratique-sans-limites\/","title":{"rendered":"L\u2019Europe ne doit pas devenir un empire bureaucratique sans limites"},"content":{"rendered":"\n<figure class=\"wp-block-image size-large\"><img loading=\"lazy\" decoding=\"async\" width=\"1024\" height=\"683\" src=\"https:\/\/droitemoderniste.be\/wp-content\/uploads\/2026\/05\/Elargissement-bureaucratique-UE-1024x683.png\" alt=\"\" class=\"wp-image-2873\" srcset=\"https:\/\/droitemoderniste.be\/wp-content\/uploads\/2026\/05\/Elargissement-bureaucratique-UE-1024x683.png 1024w, https:\/\/droitemoderniste.be\/wp-content\/uploads\/2026\/05\/Elargissement-bureaucratique-UE-300x200.png 300w, https:\/\/droitemoderniste.be\/wp-content\/uploads\/2026\/05\/Elargissement-bureaucratique-UE-768x512.png 768w, https:\/\/droitemoderniste.be\/wp-content\/uploads\/2026\/05\/Elargissement-bureaucratique-UE.png 1536w\" sizes=\"auto, (max-width: 1024px) 100vw, 1024px\" \/><\/figure>\n\n\n\n<p class=\"wp-block-paragraph\">La guerre en Ukraine a boulevers\u00e9 l\u2019Europe. Elle a r\u00e9veill\u00e9 des r\u00e9flexes strat\u00e9giques que beaucoup croyaient disparus. Face \u00e0 l\u2019agression russe, les Europ\u00e9ens ont red\u00e9couvert une v\u00e9rit\u00e9 \u00e9l\u00e9mentaire : une civilisation qui ne sait plus se d\u00e9fendre finit toujours par d\u00e9pendre des autres.<\/p>\n\n\n\n<p class=\"wp-block-paragraph\">Mais dans ce contexte dramatique, une autre d\u00e9rive appara\u00eet, plus silencieuse et peut-\u00eatre plus dangereuse encore : la fuite en avant dans l\u2019\u00e9largissement permanent de l\u2019Union europ\u00e9enne.<\/p>\n\n\n\n<p class=\"wp-block-paragraph\">Au nom de l\u2019\u00e9motion g\u00e9opolitique, Bruxelles semble d\u00e9sormais consid\u00e9rer toute nouvelle adh\u00e9sion comme moralement obligatoire et politiquement souhaitable. Ukraine, Moldavie, Balkans occidentaux : l\u2019\u00e9largissement est devenu un r\u00e9flexe id\u00e9ologique.<\/p>\n\n\n\n<p class=\"wp-block-paragraph\">Le <mark style=\"background-color:rgba(0, 0, 0, 0);color:#ff6900\" class=\"has-inline-color\">Mouvement Droite Moderniste<\/mark> refuse cette logique automatique.<\/p>\n\n\n\n<p class=\"wp-block-paragraph\">Nous soutenons une Europe forte, souveraine, strat\u00e8ge et d\u00e9mocratique. Mais pr\u00e9cis\u00e9ment pour cette raison, nous refusons qu\u2019elle devienne un ensemble continental sans coh\u00e9rence, sans fronti\u00e8res politiques claires et sans capacit\u00e9 r\u00e9elle de d\u00e9cision.<\/p>\n\n\n\n<p class=\"wp-block-paragraph\">Une Union europ\u00e9enne d\u00e9j\u00e0 paralys\u00e9e \u00e0 27 \u00c9tats ne deviendra pas miraculeusement plus efficace \u00e0 35 ou 40.<\/p>\n\n\n\n<p class=\"wp-block-paragraph\">Aujourd\u2019hui d\u00e9j\u00e0, l\u2019Union peine \u00e0 :<\/p>\n\n\n\n<ul class=\"wp-block-list\">\n<li>prot\u00e9ger efficacement ses fronti\u00e8res,<\/li>\n\n\n\n<li>ma\u00eetriser sa politique migratoire,<\/li>\n\n\n\n<li>garantir son autonomie \u00e9nerg\u00e9tique,<\/li>\n\n\n\n<li>d\u00e9fendre ses int\u00e9r\u00eats industriels,<\/li>\n\n\n\n<li>ou parler d\u2019une seule voix sur les grandes crises internationales.<\/li>\n<\/ul>\n\n\n\n<p class=\"wp-block-paragraph\">Chaque \u00e9largissement ajoute :<\/p>\n\n\n\n<ul class=\"wp-block-list\">\n<li>des divergences \u00e9conomiques,<\/li>\n\n\n\n<li>des tensions g\u00e9opolitiques,<\/li>\n\n\n\n<li>des rapports de force budg\u00e9taires,<\/li>\n\n\n\n<li>des droits de veto suppl\u00e9mentaires,<\/li>\n\n\n\n<li>et des int\u00e9r\u00eats nationaux parfois incompatibles.<\/li>\n<\/ul>\n\n\n\n<p class=\"wp-block-paragraph\">Le r\u00e9sultat est connu : plus l\u2019Union s\u2019\u00e9tend, plus elle se fragmente.<\/p>\n\n\n\n<p class=\"wp-block-paragraph\">L\u2019Ukraine m\u00e9rite le soutien politique, militaire et \u00e9conomique de l\u2019Europe face \u00e0 l\u2019agression russe. Mais soutenir un pays ne signifie pas automatiquement l\u2019int\u00e9grer dans l\u2019Union europ\u00e9enne.<\/p>\n\n\n\n<p class=\"wp-block-paragraph\">Cette confusion affaiblit le d\u00e9bat d\u00e9mocratique.<\/p>\n\n\n\n<p class=\"wp-block-paragraph\">Car l\u2019adh\u00e9sion de l\u2019Ukraine ne serait pas un \u00e9largissement ordinaire. Ce serait une transformation historique du projet europ\u00e9en lui-m\u00eame :<\/p>\n\n\n\n<ul class=\"wp-block-list\">\n<li>poids agricole colossal,<\/li>\n\n\n\n<li>reconstruction massive \u00e0 financer,<\/li>\n\n\n\n<li>d\u00e9s\u00e9quilibres budg\u00e9taires majeurs,<\/li>\n\n\n\n<li>tensions s\u00e9curitaires durables aux fronti\u00e8res orientales,<\/li>\n\n\n\n<li>recomposition compl\u00e8te des rapports de force internes.<\/li>\n<\/ul>\n\n\n\n<p class=\"wp-block-paragraph\">Les citoyens europ\u00e9ens ont le droit d\u2019en d\u00e9battre lucidement.<\/p>\n\n\n\n<p class=\"wp-block-paragraph\">Or aujourd\u2019hui, toute remise en question de l\u2019\u00e9largissement est imm\u00e9diatement caricatur\u00e9e comme du \u00ab populisme \u00bb ou de \u00ab l\u2019anti-europ\u00e9isme \u00bb. Cette m\u00e9thode d\u2019intimidation intellectuelle devient insupportable.<\/p>\n\n\n\n<p class=\"wp-block-paragraph\">Le v\u00e9ritable danger pour l\u2019Europe n\u2019est pas de r\u00e9fl\u00e9chir \u00e0 ses limites.<\/p>\n\n\n\n<p class=\"wp-block-paragraph\">Le v\u00e9ritable danger est de ne plus en avoir.<\/p>\n\n\n\n<p class=\"wp-block-paragraph\">Le <mark style=\"background-color:rgba(0, 0, 0, 0);color:#ff6900\" class=\"has-inline-color\">MDM<\/mark> d\u00e9fend une autre vision europ\u00e9enne :<\/p>\n\n\n\n<ul class=\"wp-block-list\">\n<li>une Europe puissance,<\/li>\n\n\n\n<li>une Europe civilisationnelle,<\/li>\n\n\n\n<li>une Europe capable de d\u00e9cider vite,<\/li>\n\n\n\n<li>une Europe qui prot\u00e8ge ses peuples,<\/li>\n\n\n\n<li>une Europe politiquement coh\u00e9rente,<\/li>\n\n\n\n<li>et non un espace bureaucratique illimit\u00e9 o\u00f9 l\u2019expansion remplace le projet.<\/li>\n<\/ul>\n\n\n\n<p class=\"wp-block-paragraph\">Car une union politique ne tient pas uniquement par les trait\u00e9s ou les normes. Elle tient par une conscience commune, une capacit\u00e9 d\u2019action et un minimum de coh\u00e9sion historique et strat\u00e9gique.<\/p>\n\n\n\n<p class=\"wp-block-paragraph\">L\u2019histoire est claire : les ensembles politiques qui ne savent plus d\u00e9finir leurs fronti\u00e8res finissent toujours par se dissoudre.<\/p>\n\n\n\n<p class=\"wp-block-paragraph\">Nous ne voulons ni d\u2019une Europe impuissante, ni d\u2019une Europe dilu\u00e9e.<\/p>\n\n\n\n<p class=\"wp-block-paragraph\">Nous voulons une Europe forte parce qu\u2019elle sait ce qu\u2019elle est, ce qu\u2019elle d\u00e9fend et jusqu\u2019o\u00f9 elle veut aller.<\/p>\n\n\n\n<p class=\"wp-block-paragraph\">Le vrai courage politique n\u2019est pas d\u2019\u00e9largir sans fin.<\/p>\n\n\n\n<p class=\"wp-block-paragraph\">Le vrai courage politique est de fixer des limites pour pr\u00e9server la puissance, la stabilit\u00e9 et la d\u00e9mocratie europ\u00e9enne.<\/p>\n\n\n\n<p class=\"wp-block-paragraph\">L\u2019Union europ\u00e9enne ne mourra peut-\u00eatre jamais d\u2019invasion.<\/p>\n\n\n\n<p class=\"wp-block-paragraph\">Mais elle pourrait mourir d\u2019indigestion.<\/p>\n","protected":false},"excerpt":{"rendered":"<p>La guerre en Ukraine a boulevers\u00e9 l\u2019Europe. Elle a r\u00e9veill\u00e9 des r\u00e9flexes strat\u00e9giques que beaucoup croyaient disparus. Face \u00e0 l\u2019agression russe, les Europ\u00e9ens ont red\u00e9couvert une v\u00e9rit\u00e9 \u00e9l\u00e9mentaire : une civilisation qui ne sait plus se d\u00e9fendre finit toujours par d\u00e9pendre des autres. Mais dans ce contexte dramatique, une autre d\u00e9rive appara\u00eet, plus silencieuse et [&hellip;]<\/p>\n","protected":false},"author":1,"featured_media":0,"comment_status":"open","ping_status":"open","sticky":false,"template":"","format":"standard","meta":{"_monsterinsights_skip_tracking":false,"_uf_show_specific_survey":0,"_uf_disable_surveys":false,"footnotes":""},"categories":[55,41],"tags":[],"class_list":["post-2872","post","type-post","status-publish","format-standard","hentry","category-souverainisme-europeen","category-union-europeenne"],"_links":{"self":[{"href":"https:\/\/droitemoderniste.be\/index.php\/wp-json\/wp\/v2\/posts\/2872","targetHints":{"allow":["GET"]}}],"collection":[{"href":"https:\/\/droitemoderniste.be\/index.php\/wp-json\/wp\/v2\/posts"}],"about":[{"href":"https:\/\/droitemoderniste.be\/index.php\/wp-json\/wp\/v2\/types\/post"}],"author":[{"embeddable":true,"href":"https:\/\/droitemoderniste.be\/index.php\/wp-json\/wp\/v2\/users\/1"}],"replies":[{"embeddable":true,"href":"https:\/\/droitemoderniste.be\/index.php\/wp-json\/wp\/v2\/comments?post=2872"}],"version-history":[{"count":1,"href":"https:\/\/droitemoderniste.be\/index.php\/wp-json\/wp\/v2\/posts\/2872\/revisions"}],"predecessor-version":[{"id":2874,"href":"https:\/\/droitemoderniste.be\/index.php\/wp-json\/wp\/v2\/posts\/2872\/revisions\/2874"}],"wp:attachment":[{"href":"https:\/\/droitemoderniste.be\/index.php\/wp-json\/wp\/v2\/media?parent=2872"}],"wp:term":[{"taxonomy":"category","embeddable":true,"href":"https:\/\/droitemoderniste.be\/index.php\/wp-json\/wp\/v2\/categories?post=2872"},{"taxonomy":"post_tag","embeddable":true,"href":"https:\/\/droitemoderniste.be\/index.php\/wp-json\/wp\/v2\/tags?post=2872"}],"curies":[{"name":"wp","href":"https:\/\/api.w.org\/{rel}","templated":true}]}}