{"id":2868,"date":"2026-05-16T10:49:14","date_gmt":"2026-05-16T08:49:14","guid":{"rendered":"https:\/\/droitemoderniste.be\/?p=2868"},"modified":"2026-05-16T10:49:14","modified_gmt":"2026-05-16T08:49:14","slug":"leurope-ne-construit-plus-une-puissance-elle-empile-des-fragilites","status":"publish","type":"post","link":"https:\/\/droitemoderniste.be\/index.php\/2026\/05\/16\/leurope-ne-construit-plus-une-puissance-elle-empile-des-fragilites\/","title":{"rendered":"L\u2019Europe ne construit plus une puissance. Elle empile des fragilit\u00e9s"},"content":{"rendered":"\n<figure class=\"wp-block-image size-large\"><img loading=\"lazy\" decoding=\"async\" width=\"1024\" height=\"683\" src=\"https:\/\/droitemoderniste.be\/wp-content\/uploads\/2026\/05\/Elargissement-UE-1-1024x683.png\" alt=\"\" class=\"wp-image-2869\" srcset=\"https:\/\/droitemoderniste.be\/wp-content\/uploads\/2026\/05\/Elargissement-UE-1-1024x683.png 1024w, https:\/\/droitemoderniste.be\/wp-content\/uploads\/2026\/05\/Elargissement-UE-1-300x200.png 300w, https:\/\/droitemoderniste.be\/wp-content\/uploads\/2026\/05\/Elargissement-UE-1-768x512.png 768w, https:\/\/droitemoderniste.be\/wp-content\/uploads\/2026\/05\/Elargissement-UE-1.png 1536w\" sizes=\"auto, (max-width: 1024px) 100vw, 1024px\" \/><\/figure>\n\n\n\n<p class=\"wp-block-paragraph\">Pendant des ann\u00e9es, les Europ\u00e9ens ont v\u00e9cu dans la peur du grand retour de la guerre sur le continent. Depuis 2022, cette peur a pris un visage : la Russie de Vladimir Poutine. Chars, missiles, cyberattaques, pression \u00e9nerg\u00e9tique, propagande. La menace existe. Elle est s\u00e9rieuse. Mais elle n\u2019est peut-\u00eatre pas la plus dangereuse pour l\u2019avenir de l\u2019Union europ\u00e9enne.<\/p>\n\n\n\n<p class=\"wp-block-paragraph\">L\u2019Europe de Bruxelles ressemble de plus en plus \u00e0 un organisme incapable de s\u2019arr\u00eater de grossir, alors m\u00eame qu\u2019il peine d\u00e9j\u00e0 \u00e0 tenir debout. \u00c0 27 \u00c9tats, l\u2019Union est lente, bureaucratique, divis\u00e9e et souvent paralys\u00e9e. Pourtant, au lieu de consolider ce qui existe, les \u00e9lites europ\u00e9ennes veulent encore \u00e9largir :<\/p>\n\n\n\n<ul class=\"wp-block-list\">\n<li>Ukraine,<\/li>\n\n\n\n<li>Moldavie,<\/li>\n\n\n\n<li>Balkans occidentaux,<\/li>\n\n\n\n<li>demain peut-\u00eatre G\u00e9orgie,<\/li>\n\n\n\n<li>et pourquoi pas davantage encore.<\/li>\n<\/ul>\n\n\n\n<p class=\"wp-block-paragraph\">Comme si la taille faisait automatiquement la puissance.<\/p>\n\n\n\n<p class=\"wp-block-paragraph\">C\u2019est une illusion.<\/p>\n\n\n\n<p class=\"wp-block-paragraph\">Chaque nouvelle adh\u00e9sion ajoute :<\/p>\n\n\n\n<ul class=\"wp-block-list\">\n<li>des int\u00e9r\u00eats nationaux contradictoires,<\/li>\n\n\n\n<li>des besoins financiers gigantesques,<\/li>\n\n\n\n<li>des droits de veto suppl\u00e9mentaires,<\/li>\n\n\n\n<li>des fractures \u00e9conomiques,<\/li>\n\n\n\n<li>des tensions g\u00e9opolitiques import\u00e9es au c\u0153ur de l\u2019Union.<\/li>\n<\/ul>\n\n\n\n<p class=\"wp-block-paragraph\">L\u2019Ukraine, \u00e0 elle seule, pose une question vertigineuse. Un pays immense, ravag\u00e9 par la guerre, n\u00e9cessitant des centaines de milliards de reconstruction, dot\u00e9 d\u2019un secteur agricole capable de bouleverser les \u00e9quilibres europ\u00e9ens, avec des enjeux s\u00e9curitaires permanents vis-\u00e0-vis de la Russie. Int\u00e9grer un tel \u00c9tat dans l\u2019UE ne serait pas un simple \u00e9largissement. Ce serait une transformation compl\u00e8te du projet europ\u00e9en.<\/p>\n\n\n\n<p class=\"wp-block-paragraph\">Et pourtant, le d\u00e9bat est presque interdit.<\/p>\n\n\n\n<p class=\"wp-block-paragraph\">Quiconque ose poser la question de la capacit\u00e9 d\u2019absorption de l\u2019Union est imm\u00e9diatement soup\u00e7onn\u00e9 d\u2019\u00eatre \u00ab anti-europ\u00e9en \u00bb ou \u00ab pro-russe \u00bb. Comme si r\u00e9fl\u00e9chir aux limites d\u2019un syst\u00e8me revenait automatiquement \u00e0 trahir celui-ci.<\/p>\n\n\n\n<p class=\"wp-block-paragraph\">Mais les empires ne s\u2019effondrent pas uniquement parce qu\u2019ils sont attaqu\u00e9s de l\u2019ext\u00e9rieur. Ils s\u2019effondrent aussi parce qu\u2019ils deviennent ingouvernables de l\u2019int\u00e9rieur.<\/p>\n\n\n\n<p class=\"wp-block-paragraph\">Rome ne s\u2019est pas r\u00e9veill\u00e9e un matin en d\u00e9couvrant soudain sa chute. Le d\u00e9clin fut progressif : extension excessive, bureaucratie hypertrophi\u00e9e, dilution du centre politique, incapacit\u00e9 croissante \u00e0 d\u00e9cider vite et \u00e0 maintenir une coh\u00e9sion durable.<\/p>\n\n\n\n<p class=\"wp-block-paragraph\">L\u2019Union europ\u00e9enne prend aujourd\u2019hui un chemin comparable : celui d\u2019une expansion permanente sans clarification politique pr\u00e9alable.<\/p>\n\n\n\n<p class=\"wp-block-paragraph\">Car enfin, qu\u2019est-ce que l\u2019Union europ\u00e9enne veut devenir ?<\/p>\n\n\n\n<p class=\"wp-block-paragraph\">Une civilisation politique coh\u00e9rente ?<br>Une puissance strat\u00e9gique ?<br>Une f\u00e9d\u00e9ration ?<br>Ou simplement une immense zone administrative ouverte \u00e0 tous les vents ?<\/p>\n\n\n\n<p class=\"wp-block-paragraph\">On ne peut pas vouloir simultan\u00e9ment :<\/p>\n\n\n\n<ul class=\"wp-block-list\">\n<li>toujours plus d\u2019\u00c9tats,<\/li>\n\n\n\n<li>toujours plus de divergences,<\/li>\n\n\n\n<li>toujours plus de r\u00e8gles communes,<\/li>\n\n\n\n<li>et toujours plus d\u2019efficacit\u00e9 politique.<\/li>\n<\/ul>\n\n\n\n<p class=\"wp-block-paragraph\">\u00c0 un moment, la m\u00e9canique casse.<\/p>\n\n\n\n<p class=\"wp-block-paragraph\">Le paradoxe est l\u00e0 :<br>la guerre en Ukraine aurait d\u00fb pousser l\u2019Europe \u00e0 se renforcer politiquement, industriellement et strat\u00e9giquement. Au lieu de cela, Bruxelles semble croire que l\u2019\u00e9largissement est une strat\u00e9gie en soi.<\/p>\n\n\n\n<p class=\"wp-block-paragraph\">Comme si additionner des drapeaux suffisait \u00e0 fabriquer une nation continentale.<\/p>\n\n\n\n<p class=\"wp-block-paragraph\">La v\u00e9rit\u00e9 est plus brutale :<br>une Europe trop vaste pourrait devenir une Europe impuissante.<\/p>\n\n\n\n<p class=\"wp-block-paragraph\">Incapable de d\u00e9cider.<br>Incapable de prot\u00e9ger.<br>Incapable de financer.<br>Incapable m\u00eame de conserver l\u2019adh\u00e9sion de ses propres peuples.<\/p>\n\n\n\n<p class=\"wp-block-paragraph\">Le danger russe est r\u00e9el.<br>Mais une menace ext\u00e9rieure peut parfois souder un bloc politique.<\/p>\n\n\n\n<p class=\"wp-block-paragraph\">L\u2019hyper-\u00e9largissement, lui, peut lentement dissoudre toute coh\u00e9rence commune.<\/p>\n\n\n\n<p class=\"wp-block-paragraph\">L\u2019Union europ\u00e9enne ne mourra peut-\u00eatre pas d\u2019invasion.<\/p>\n\n\n\n<p class=\"wp-block-paragraph\">Elle pourrait mourir d\u2019indigestion.<\/p>\n","protected":false},"excerpt":{"rendered":"<p>Pendant des ann\u00e9es, les Europ\u00e9ens ont v\u00e9cu dans la peur du grand retour de la guerre sur le continent. Depuis 2022, cette peur a pris un visage : la Russie de Vladimir Poutine. Chars, missiles, cyberattaques, pression \u00e9nerg\u00e9tique, propagande. La menace existe. Elle est s\u00e9rieuse. Mais elle n\u2019est peut-\u00eatre pas la plus dangereuse pour l\u2019avenir [&hellip;]<\/p>\n","protected":false},"author":1,"featured_media":0,"comment_status":"open","ping_status":"open","sticky":false,"template":"","format":"standard","meta":{"_monsterinsights_skip_tracking":false,"_uf_show_specific_survey":0,"_uf_disable_surveys":false,"footnotes":""},"categories":[55,41],"tags":[],"class_list":["post-2868","post","type-post","status-publish","format-standard","hentry","category-souverainisme-europeen","category-union-europeenne"],"_links":{"self":[{"href":"https:\/\/droitemoderniste.be\/index.php\/wp-json\/wp\/v2\/posts\/2868","targetHints":{"allow":["GET"]}}],"collection":[{"href":"https:\/\/droitemoderniste.be\/index.php\/wp-json\/wp\/v2\/posts"}],"about":[{"href":"https:\/\/droitemoderniste.be\/index.php\/wp-json\/wp\/v2\/types\/post"}],"author":[{"embeddable":true,"href":"https:\/\/droitemoderniste.be\/index.php\/wp-json\/wp\/v2\/users\/1"}],"replies":[{"embeddable":true,"href":"https:\/\/droitemoderniste.be\/index.php\/wp-json\/wp\/v2\/comments?post=2868"}],"version-history":[{"count":1,"href":"https:\/\/droitemoderniste.be\/index.php\/wp-json\/wp\/v2\/posts\/2868\/revisions"}],"predecessor-version":[{"id":2870,"href":"https:\/\/droitemoderniste.be\/index.php\/wp-json\/wp\/v2\/posts\/2868\/revisions\/2870"}],"wp:attachment":[{"href":"https:\/\/droitemoderniste.be\/index.php\/wp-json\/wp\/v2\/media?parent=2868"}],"wp:term":[{"taxonomy":"category","embeddable":true,"href":"https:\/\/droitemoderniste.be\/index.php\/wp-json\/wp\/v2\/categories?post=2868"},{"taxonomy":"post_tag","embeddable":true,"href":"https:\/\/droitemoderniste.be\/index.php\/wp-json\/wp\/v2\/tags?post=2868"}],"curies":[{"name":"wp","href":"https:\/\/api.w.org\/{rel}","templated":true}]}}