{"id":2865,"date":"2026-05-15T13:31:06","date_gmt":"2026-05-15T11:31:06","guid":{"rendered":"https:\/\/droitemoderniste.be\/?p=2865"},"modified":"2026-05-15T13:31:06","modified_gmt":"2026-05-15T11:31:06","slug":"leurope-ne-sera-pas-conquise-elle-se-dissout-elle-meme","status":"publish","type":"post","link":"https:\/\/droitemoderniste.be\/index.php\/2026\/05\/15\/leurope-ne-sera-pas-conquise-elle-se-dissout-elle-meme\/","title":{"rendered":"\u00ab L\u2019Europe ne sera pas conquise : elle se dissout elle-m\u00eame \u00bb"},"content":{"rendered":"\n<figure class=\"wp-block-image size-full\"><img loading=\"lazy\" decoding=\"async\" width=\"300\" height=\"168\" src=\"https:\/\/droitemoderniste.be\/wp-content\/uploads\/2026\/05\/immigmassive3.jpeg\" alt=\"\" class=\"wp-image-2866\"\/><\/figure>\n\n\n\n<p class=\"wp-block-paragraph\">Le d\u00e9bat sur l\u2019immigration en Europe reste prisonnier d\u2019un vieux r\u00e9flexe moral : minimiser, rassurer, d\u00e9tourner le regard. Pourtant, une r\u00e9alit\u00e9 s\u2019impose peu \u00e0 peu, visible dans les chiffres comme dans les rues : l\u2019Europe change de peuple, de culture et de visage plus rapidement que ses dirigeants n\u2019osent l\u2019admettre.<\/p>\n\n\n\n<p class=\"wp-block-paragraph\">Dire cela ne rel\u00e8ve plus du fantasme. C\u2019est constater une dynamique historique.<\/p>\n\n\n\n<p class=\"wp-block-paragraph\">L\u2019Afrique conna\u00eet une explosion d\u00e9mographique sans pr\u00e9c\u00e9dent. L\u2019Europe, elle, entre dans l\u2019hiver d\u00e9mographique. D\u2019un c\u00f4t\u00e9, des soci\u00e9t\u00e9s jeunes, expansives, port\u00e9es par une \u00e9nergie humaine immense ; de l\u2019autre, des nations vieillissantes, culpabilis\u00e9es et incapables de d\u00e9fendre leurs propres continuit\u00e9s historiques.<\/p>\n\n\n\n<p class=\"wp-block-paragraph\">Le sujet n\u2019est pas racial. Il est civilisationnel.<\/p>\n\n\n\n<p class=\"wp-block-paragraph\">Une civilisation peut accueillir des \u00e9trangers lorsqu\u2019elle poss\u00e8de encore une culture dominante forte, une confiance en elle-m\u00eame et une capacit\u00e9 d\u2019assimilation. Mais l\u2019Europe contemporaine ne veut plus assimiler. Elle ne croit m\u00eame plus suffisamment en elle-m\u00eame pour transmettre ce qu\u2019elle est. Elle demande aux nouveaux arrivants de \u201crespecter les valeurs europ\u00e9ennes\u201d, alors qu\u2019elle h\u00e9site d\u00e9sormais \u00e0 d\u00e9finir ces valeurs autrement que par des abstractions juridiques.<\/p>\n\n\n\n<p class=\"wp-block-paragraph\">Pendant ce temps, la transformation d\u00e9mographique avance.<\/p>\n\n\n\n<p class=\"wp-block-paragraph\">Dans certaines grandes villes europ\u00e9ennes, les populations historiques deviennent d\u00e9j\u00e0 minoritaires chez les jeunes g\u00e9n\u00e9rations. Des quartiers entiers vivent selon des r\u00e9f\u00e9rences culturelles, religieuses ou sociales de plus en plus \u00e9loign\u00e9es du vieux socle europ\u00e9en. Et chaque fois que cette r\u00e9alit\u00e9 est \u00e9voqu\u00e9e, le d\u00e9bat est imm\u00e9diatement referm\u00e9 par l\u2019anath\u00e8me moral.<\/p>\n\n\n\n<p class=\"wp-block-paragraph\">Mais l\u2019Histoire ne s\u2019arr\u00eate pas parce qu\u2019un sujet d\u00e9range.<\/p>\n\n\n\n<p class=\"wp-block-paragraph\">Le v\u00e9ritable probl\u00e8me europ\u00e9en est peut-\u00eatre l\u00e0 : une partie des \u00e9lites consid\u00e8re d\u00e9sormais toute affirmation identitaire europ\u00e9enne comme suspecte, mais c\u00e9l\u00e8bre toutes les autres identit\u00e9s comme des richesses. Une civilisation qui perd l\u2019instinct de conservation finit toujours par devenir un espace ouvert aux dynamiques ext\u00e9rieures plus fortes qu\u2019elle.<\/p>\n\n\n\n<p class=\"wp-block-paragraph\">L\u2019Afrique n\u2019est pas \u201cen train de coloniser\u201d l\u2019Europe. Cette formule simpliste masque la responsabilit\u00e9 europ\u00e9enne elle-m\u00eame. L\u2019Europe organise sa propre dilution :<\/p>\n\n\n\n<ul class=\"wp-block-list\">\n<li>par le refus des fronti\u00e8res ;<\/li>\n\n\n\n<li>par la sacralisation du multiculturalisme ;<\/li>\n\n\n\n<li>par la criminalisation symbolique de toute volont\u00e9 d\u2019assimilation ;<\/li>\n\n\n\n<li>par une politique \u00e9conomique qui consid\u00e8re l\u2019immigration de masse comme une variable de gestion d\u00e9mographique.<\/li>\n<\/ul>\n\n\n\n<p class=\"wp-block-paragraph\">Le r\u00e9sultat est visible : fragmentation culturelle, tensions communautaires, \u00e9coles s\u00e9par\u00e9es de fait, recul des normes communes, mont\u00e9e de soci\u00e9t\u00e9s parall\u00e8les dans certaines zones urbaines.<\/p>\n\n\n\n<p class=\"wp-block-paragraph\">Pendant longtemps, l\u2019Europe pensait que son mod\u00e8le absorberait naturellement tous les flux migratoires. C\u2019\u00e9tait oublier une v\u00e9rit\u00e9 \u00e9l\u00e9mentaire : lorsque les flux deviennent massifs et continus, ce n\u2019est plus seulement le migrant qui change de pays ; c\u2019est aussi le pays qui change de civilisation.<\/p>\n\n\n\n<p class=\"wp-block-paragraph\">La question centrale n\u2019est donc pas \u201cfaut-il aimer ou d\u00e9tester l\u2019Afrique ?\u201d. C\u2019est une question de survie historique : les Europ\u00e9ens veulent-ils encore demeurer un peuple identifiable dans leur propre continent ?<\/p>\n\n\n\n<p class=\"wp-block-paragraph\">Car aucune soci\u00e9t\u00e9 ne peut survivre durablement sans majorit\u00e9 culturelle s\u00fbre d\u2019elle-m\u00eame. Aucune d\u00e9mocratie ne tient longtemps sans m\u00e9moire commune. Aucune civilisation ne persiste lorsqu\u2019elle consid\u00e8re ses propres racines comme une honte \u00e0 d\u00e9construire.<\/p>\n\n\n\n<p class=\"wp-block-paragraph\">L\u2019Europe avait autrefois confiance au point d\u2019exporter sa civilisation au monde entier. Aujourd\u2019hui, elle doute tellement d\u2019elle-m\u00eame qu\u2019elle peine m\u00eame \u00e0 justifier son droit \u00e0 continuer d\u2019exister comme civilisation distincte.<\/p>\n\n\n\n<p class=\"wp-block-paragraph\">Et dans l\u2019Histoire, les civilisations qui cessent de vouloir durer finissent toujours par dispara\u00eetre.<\/p>\n","protected":false},"excerpt":{"rendered":"<p>Le d\u00e9bat sur l\u2019immigration en Europe reste prisonnier d\u2019un vieux r\u00e9flexe moral : minimiser, rassurer, d\u00e9tourner le regard. Pourtant, une r\u00e9alit\u00e9 s\u2019impose peu \u00e0 peu, visible dans les chiffres comme dans les rues : l\u2019Europe change de peuple, de culture et de visage plus rapidement que ses dirigeants n\u2019osent l\u2019admettre. Dire cela ne rel\u00e8ve plus [&hellip;]<\/p>\n","protected":false},"author":1,"featured_media":0,"comment_status":"open","ping_status":"open","sticky":false,"template":"","format":"standard","meta":{"_monsterinsights_skip_tracking":false,"_uf_show_specific_survey":0,"_uf_disable_surveys":false,"footnotes":""},"categories":[55,41],"tags":[],"class_list":["post-2865","post","type-post","status-publish","format-standard","hentry","category-souverainisme-europeen","category-union-europeenne"],"_links":{"self":[{"href":"https:\/\/droitemoderniste.be\/index.php\/wp-json\/wp\/v2\/posts\/2865","targetHints":{"allow":["GET"]}}],"collection":[{"href":"https:\/\/droitemoderniste.be\/index.php\/wp-json\/wp\/v2\/posts"}],"about":[{"href":"https:\/\/droitemoderniste.be\/index.php\/wp-json\/wp\/v2\/types\/post"}],"author":[{"embeddable":true,"href":"https:\/\/droitemoderniste.be\/index.php\/wp-json\/wp\/v2\/users\/1"}],"replies":[{"embeddable":true,"href":"https:\/\/droitemoderniste.be\/index.php\/wp-json\/wp\/v2\/comments?post=2865"}],"version-history":[{"count":1,"href":"https:\/\/droitemoderniste.be\/index.php\/wp-json\/wp\/v2\/posts\/2865\/revisions"}],"predecessor-version":[{"id":2867,"href":"https:\/\/droitemoderniste.be\/index.php\/wp-json\/wp\/v2\/posts\/2865\/revisions\/2867"}],"wp:attachment":[{"href":"https:\/\/droitemoderniste.be\/index.php\/wp-json\/wp\/v2\/media?parent=2865"}],"wp:term":[{"taxonomy":"category","embeddable":true,"href":"https:\/\/droitemoderniste.be\/index.php\/wp-json\/wp\/v2\/categories?post=2865"},{"taxonomy":"post_tag","embeddable":true,"href":"https:\/\/droitemoderniste.be\/index.php\/wp-json\/wp\/v2\/tags?post=2865"}],"curies":[{"name":"wp","href":"https:\/\/api.w.org\/{rel}","templated":true}]}}