{"id":2862,"date":"2026-05-14T13:49:34","date_gmt":"2026-05-14T11:49:34","guid":{"rendered":"https:\/\/droitemoderniste.be\/?p=2862"},"modified":"2026-05-14T13:49:34","modified_gmt":"2026-05-14T11:49:34","slug":"lunion-europeenne-ne-sera-pas-vaincue-elle-seffondrera-toute-seule","status":"publish","type":"post","link":"https:\/\/droitemoderniste.be\/index.php\/2026\/05\/14\/lunion-europeenne-ne-sera-pas-vaincue-elle-seffondrera-toute-seule\/","title":{"rendered":"L&rsquo;union europ\u00e9enne ne sera pas vaincue. Elle s&rsquo;effondrera toute seule."},"content":{"rendered":"\n<figure class=\"wp-block-image size-large\"><img loading=\"lazy\" decoding=\"async\" width=\"1024\" height=\"683\" src=\"https:\/\/droitemoderniste.be\/wp-content\/uploads\/2026\/05\/effondrement-UE-1024x683.png\" alt=\"\" class=\"wp-image-2863\" srcset=\"https:\/\/droitemoderniste.be\/wp-content\/uploads\/2026\/05\/effondrement-UE-1024x683.png 1024w, https:\/\/droitemoderniste.be\/wp-content\/uploads\/2026\/05\/effondrement-UE-300x200.png 300w, https:\/\/droitemoderniste.be\/wp-content\/uploads\/2026\/05\/effondrement-UE-768x512.png 768w, https:\/\/droitemoderniste.be\/wp-content\/uploads\/2026\/05\/effondrement-UE.png 1536w\" sizes=\"auto, (max-width: 1024px) 100vw, 1024px\" \/><\/figure>\n\n\n\n<p class=\"wp-block-paragraph\">\u00c0 Bruxelles, l\u2019attention reste focalis\u00e9e sur les menaces ext\u00e9rieures, au premier rang desquelles la Russie. Cette vigilance est l\u00e9gitime. Mais elle ne doit pas masquer une r\u00e9alit\u00e9 plus inconfortable : le principal facteur de fragilisation de l\u2019Union europ\u00e9enne est aujourd\u2019hui interne. Il tient \u00e0 une logique d\u2019\u00e9largissement devenue r\u00e9flexe politique, sans exigence suffisante de consolidation.<\/p>\n\n\n\n<p class=\"wp-block-paragraph\">La droite moderniste que nous d\u00e9fendons est r\u00e9solument europ\u00e9enne. Mais elle refuse une Europe incantatoire, qui confond extension g\u00e9ographique et puissance politique. Une Union forte n\u2019est pas une Union toujours plus vaste. C\u2019est une Union capable de d\u00e9cider, de prot\u00e9ger et d\u2019agir.<\/p>\n\n\n\n<p class=\"wp-block-paragraph\">Or, sur ce terrain, les signaux d\u2019alerte s\u2019accumulent.<\/p>\n\n\n\n<p class=\"wp-block-paragraph\">\u00c0 27 \u00c9tats membres, l\u2019Union europ\u00e9enne atteint d\u00e9j\u00e0 les limites de sa gouvernabilit\u00e9. Les \u00e9quilibres institutionnels sont fragiles, les d\u00e9cisions lentes, les compromis de plus en plus difficiles. Sur les questions essentielles \u2014 politique \u00e9trang\u00e8re, s\u00e9curit\u00e9, discipline budg\u00e9taire \u2014 l\u2019unit\u00e9 est souvent pr\u00e9caire. Dans ce contexte, envisager de nouveaux \u00e9largissements massifs sans r\u00e9forme pr\u00e9alable rel\u00e8ve d\u2019une forme d\u2019aveuglement.<\/p>\n\n\n\n<p class=\"wp-block-paragraph\">L\u2019int\u00e9gration de pays comme l\u2019Ukraine, la Moldavie ou ceux des Balkans occidentaux pose des d\u00e9fis consid\u00e9rables. Non pas parce que ces nations n\u2019auraient pas vocation \u00e0 rejoindre la famille europ\u00e9enne, mais parce que l\u2019Union, en l\u2019\u00e9tat, n\u2019a pas les moyens politiques et institutionnels de les absorber sans se d\u00e9s\u00e9quilibrer davantage.<\/p>\n\n\n\n<p class=\"wp-block-paragraph\">L\u2019\u00e9largissement a un co\u00fbt. Un co\u00fbt financier, bien s\u00fbr, qui p\u00e8sera sur les \u00e9quilibres budg\u00e9taires et les m\u00e9canismes de solidarit\u00e9. Mais aussi un co\u00fbt politique : multiplication des int\u00e9r\u00eats divergents, complexification des prises de d\u00e9cision, affaiblissement de la coh\u00e9rence strat\u00e9gique. Une Europe plus large, mais plus fragment\u00e9e, est une Europe plus faible.<\/p>\n\n\n\n<p class=\"wp-block-paragraph\">Le discours dominant consiste \u00e0 pr\u00e9senter ces \u00e9largissements comme une r\u00e9ponse g\u00e9opolitique n\u00e9cessaire. Mais cette vision confond vitesse et pr\u00e9cipitation. \u00c0 vouloir int\u00e9grer pour stabiliser, on risque d\u2019importer des fragilit\u00e9s suppl\u00e9mentaires au c\u0153ur m\u00eame de l\u2019Union.<\/p>\n\n\n\n<p class=\"wp-block-paragraph\">La droite moderniste d\u00e9fend une autre voie : celle d\u2019une Europe qui consolide avant de s\u2019\u00e9tendre. Une Europe qui assume la n\u00e9cessit\u00e9 de r\u00e9formes institutionnelles profondes \u2014 qu\u2019il s\u2019agisse des r\u00e8gles de d\u00e9cision, de la convergence \u00e9conomique ou du respect effectif de l\u2019\u00c9tat de droit \u2014 avant d\u2019ouvrir de nouveaux cycles d\u2019adh\u00e9sion.<\/p>\n\n\n\n<p class=\"wp-block-paragraph\">Car une Union politique ne peut survivre \u00e0 une extension ind\u00e9finie sans coh\u00e9rence. Elle doit fixer des limites, d\u00e9finir un projet clair, et s\u2019assurer qu\u2019elle dispose des moyens de ses ambitions.<\/p>\n\n\n\n<p class=\"wp-block-paragraph\">\u00c0 d\u00e9faut, elle s\u2019expose \u00e0 un risque bien r\u00e9el : celui de l\u2019indigestion. Non pas une rupture brutale, mais une lente dilution de sa capacit\u00e9 \u00e0 agir, \u00e0 d\u00e9cider, \u00e0 incarner une puissance.<\/p>\n\n\n\n<p class=\"wp-block-paragraph\">L\u2019histoire europ\u00e9enne nous enseigne une le\u00e7on simple : les ensembles politiques ne s\u2019effondrent pas toujours sous les coups de leurs adversaires. Ils c\u00e8dent souvent sous le poids de leurs propres contradictions.<\/p>\n\n\n\n<p class=\"wp-block-paragraph\">Refuser de voir cette r\u00e9alit\u00e9, aujourd\u2019hui, serait une faute politique.<\/p>\n","protected":false},"excerpt":{"rendered":"<p>\u00c0 Bruxelles, l\u2019attention reste focalis\u00e9e sur les menaces ext\u00e9rieures, au premier rang desquelles la Russie. Cette vigilance est l\u00e9gitime. Mais elle ne doit pas masquer une r\u00e9alit\u00e9 plus inconfortable : le principal facteur de fragilisation de l\u2019Union europ\u00e9enne est aujourd\u2019hui interne. Il tient \u00e0 une logique d\u2019\u00e9largissement devenue r\u00e9flexe politique, sans exigence suffisante de consolidation. [&hellip;]<\/p>\n","protected":false},"author":1,"featured_media":0,"comment_status":"open","ping_status":"open","sticky":false,"template":"","format":"standard","meta":{"_monsterinsights_skip_tracking":false,"_uf_show_specific_survey":0,"_uf_disable_surveys":false,"footnotes":""},"categories":[55,41],"tags":[],"class_list":["post-2862","post","type-post","status-publish","format-standard","hentry","category-souverainisme-europeen","category-union-europeenne"],"_links":{"self":[{"href":"https:\/\/droitemoderniste.be\/index.php\/wp-json\/wp\/v2\/posts\/2862","targetHints":{"allow":["GET"]}}],"collection":[{"href":"https:\/\/droitemoderniste.be\/index.php\/wp-json\/wp\/v2\/posts"}],"about":[{"href":"https:\/\/droitemoderniste.be\/index.php\/wp-json\/wp\/v2\/types\/post"}],"author":[{"embeddable":true,"href":"https:\/\/droitemoderniste.be\/index.php\/wp-json\/wp\/v2\/users\/1"}],"replies":[{"embeddable":true,"href":"https:\/\/droitemoderniste.be\/index.php\/wp-json\/wp\/v2\/comments?post=2862"}],"version-history":[{"count":1,"href":"https:\/\/droitemoderniste.be\/index.php\/wp-json\/wp\/v2\/posts\/2862\/revisions"}],"predecessor-version":[{"id":2864,"href":"https:\/\/droitemoderniste.be\/index.php\/wp-json\/wp\/v2\/posts\/2862\/revisions\/2864"}],"wp:attachment":[{"href":"https:\/\/droitemoderniste.be\/index.php\/wp-json\/wp\/v2\/media?parent=2862"}],"wp:term":[{"taxonomy":"category","embeddable":true,"href":"https:\/\/droitemoderniste.be\/index.php\/wp-json\/wp\/v2\/categories?post=2862"},{"taxonomy":"post_tag","embeddable":true,"href":"https:\/\/droitemoderniste.be\/index.php\/wp-json\/wp\/v2\/tags?post=2862"}],"curies":[{"name":"wp","href":"https:\/\/api.w.org\/{rel}","templated":true}]}}