{"id":2859,"date":"2026-05-13T13:43:17","date_gmt":"2026-05-13T11:43:17","guid":{"rendered":"https:\/\/droitemoderniste.be\/?p=2859"},"modified":"2026-05-13T13:43:17","modified_gmt":"2026-05-13T11:43:17","slug":"lunion-europeenne-ne-mourra-pas-dune-invasion-elle-pourrait-mourir-dindigestion","status":"publish","type":"post","link":"https:\/\/droitemoderniste.be\/index.php\/2026\/05\/13\/lunion-europeenne-ne-mourra-pas-dune-invasion-elle-pourrait-mourir-dindigestion\/","title":{"rendered":"L&rsquo;Union europ\u00e9enne ne mourra pas d&rsquo;une invasion. Elle pourrait mourir d&rsquo;indigestion."},"content":{"rendered":"\n<figure class=\"wp-block-image size-large\"><img loading=\"lazy\" decoding=\"async\" width=\"1024\" height=\"683\" src=\"https:\/\/droitemoderniste.be\/wp-content\/uploads\/2026\/05\/indigestion-1024x683.png\" alt=\"\" class=\"wp-image-2860\" srcset=\"https:\/\/droitemoderniste.be\/wp-content\/uploads\/2026\/05\/indigestion-1024x683.png 1024w, https:\/\/droitemoderniste.be\/wp-content\/uploads\/2026\/05\/indigestion-300x200.png 300w, https:\/\/droitemoderniste.be\/wp-content\/uploads\/2026\/05\/indigestion-768x512.png 768w, https:\/\/droitemoderniste.be\/wp-content\/uploads\/2026\/05\/indigestion.png 1536w\" sizes=\"auto, (max-width: 1024px) 100vw, 1024px\" \/><\/figure>\n\n\n\n<p class=\"wp-block-paragraph\">\u00c0 Bruxelles, le regard est fix\u00e9 \u00e0 l\u2019Est. La menace russe structure d\u00e9sormais une grande partie du discours politique europ\u00e9en. Elle est r\u00e9elle, s\u00e9rieuse, et impose des r\u00e9ponses. Mais \u00e0 force de scruter le danger ext\u00e9rieur, l\u2019Union europ\u00e9enne en oublie peut-\u00eatre de regarder celui qui grandit en son sein.<\/p>\n\n\n\n<p class=\"wp-block-paragraph\">Car le risque n\u2019est pas uniquement g\u00e9opolitique. Il est aussi structurel. Et il porte un nom : l\u2019\u00e9largissement.<\/p>\n\n\n\n<p class=\"wp-block-paragraph\">Depuis plusieurs d\u00e9cennies, l\u2019Union avance selon une logique d\u2019extension continue, rarement accompagn\u00e9e d\u2019un approfondissement \u00e9quivalent. Chaque \u00e9largissement est pr\u00e9sent\u00e9 comme un progr\u00e8s strat\u00e9gique, une stabilisation du continent, une projection de valeurs. Mais cette dynamique pose une question de plus en plus difficile \u00e0 \u00e9luder : jusqu\u2019o\u00f9 l\u2019Union peut-elle s\u2019\u00e9tendre sans se fragiliser elle-m\u00eame ?<\/p>\n\n\n\n<p class=\"wp-block-paragraph\">\u00c0 27, les \u00e9quilibres sont d\u00e9j\u00e0 pr\u00e9caires. Les m\u00e9canismes de d\u00e9cision sont lourds, les compromis complexes, et l\u2019unit\u00e9 souvent difficile \u00e0 atteindre, en particulier sur les questions de politique \u00e9trang\u00e8re ou de gouvernance \u00e9conomique. L\u2019int\u00e9gration de nouveaux \u00c9tats \u2014 qu\u2019il s\u2019agisse de l\u2019Ukraine, de la Moldavie ou des Balkans occidentaux \u2014 accentuera in\u00e9vitablement cette h\u00e9t\u00e9rog\u00e9n\u00e9it\u00e9.<\/p>\n\n\n\n<p class=\"wp-block-paragraph\">Ce constat n\u2019est pas un rejet de principe de l\u2019\u00e9largissement. Il est un appel \u00e0 la lucidit\u00e9. Car int\u00e9grer des pays aux trajectoires \u00e9conomiques, institutionnelles et g\u00e9opolitiques tr\u00e8s diff\u00e9rentes implique un co\u00fbt politique consid\u00e9rable. Il suppose des transferts financiers accrus, une solidarit\u00e9 renforc\u00e9e, mais aussi une capacit\u00e9 d\u2019arbitrage que l\u2019Union peine d\u00e9j\u00e0 \u00e0 exercer aujourd\u2019hui.<\/p>\n\n\n\n<p class=\"wp-block-paragraph\">Plus profond\u00e9ment, c\u2019est la coh\u00e9rence du projet europ\u00e9en qui est en jeu. L\u2019Union repose sur un socle de r\u00e8gles communes \u2014 \u00c9tat de droit, discipline budg\u00e9taire, convergence \u00e9conomique \u2014 dont l\u2019application est d\u00e9j\u00e0 in\u00e9gale. L\u2019\u00e9largissement, s\u2019il n\u2019est pas accompagn\u00e9 d\u2019un renforcement institutionnel, risque d\u2019accentuer ces divergences plut\u00f4t que de les r\u00e9sorber.<\/p>\n\n\n\n<p class=\"wp-block-paragraph\">L\u2019argument s\u00e9curitaire, souvent avanc\u00e9 pour justifier une acc\u00e9l\u00e9ration des adh\u00e9sions, m\u00e9rite lui aussi d\u2019\u00eatre interrog\u00e9. \u00c9largir pour stabiliser est une strat\u00e9gie compr\u00e9hensible. Mais \u00e9largir sans capacit\u00e9 d\u2019int\u00e9gration suffisante peut produire l\u2019effet inverse : une Union plus vaste, mais moins coh\u00e9rente, donc moins capable d\u2019agir.<\/p>\n\n\n\n<p class=\"wp-block-paragraph\">C\u2019est ici que la m\u00e9taphore de l\u2019indigestion prend tout son sens. Une organisation politique ne se renforce pas ind\u00e9finiment par addition. Elle doit aussi assimiler, structurer, consolider. \u00c0 d\u00e9faut, elle s\u2019expose \u00e0 une forme de dilution progressive de sa capacit\u00e9 d\u2019action.<\/p>\n\n\n\n<p class=\"wp-block-paragraph\">L\u2019histoire europ\u00e9enne montre que les menaces ext\u00e9rieures tendent \u00e0 renforcer les solidarit\u00e9s internes. Les crises internes, en revanche, sont souvent plus corrosives. Elles fragmentent, ralentissent, et finissent parfois par d\u00e9sagr\u00e9ger ce qu\u2019aucune pression ext\u00e9rieure n\u2019avait r\u00e9ussi \u00e0 briser.<\/p>\n\n\n\n<p class=\"wp-block-paragraph\">L\u2019Union europ\u00e9enne n\u2019est pas condamn\u00e9e. Mais elle est \u00e0 un moment charni\u00e8re. Continuer \u00e0 s\u2019\u00e9largir sans repenser ses fondements politiques reviendrait \u00e0 repousser les difficult\u00e9s plut\u00f4t qu\u2019\u00e0 les r\u00e9soudre.<\/p>\n\n\n\n<p class=\"wp-block-paragraph\">Et \u00e0 terme, le risque est clair : une Europe plus large, mais moins unie. Plus ambitieuse en apparence, mais plus fragile en r\u00e9alit\u00e9.<\/p>\n","protected":false},"excerpt":{"rendered":"<p>\u00c0 Bruxelles, le regard est fix\u00e9 \u00e0 l\u2019Est. La menace russe structure d\u00e9sormais une grande partie du discours politique europ\u00e9en. Elle est r\u00e9elle, s\u00e9rieuse, et impose des r\u00e9ponses. Mais \u00e0 force de scruter le danger ext\u00e9rieur, l\u2019Union europ\u00e9enne en oublie peut-\u00eatre de regarder celui qui grandit en son sein. Car le risque n\u2019est pas uniquement [&hellip;]<\/p>\n","protected":false},"author":1,"featured_media":0,"comment_status":"open","ping_status":"open","sticky":false,"template":"","format":"standard","meta":{"_monsterinsights_skip_tracking":false,"_uf_show_specific_survey":0,"_uf_disable_surveys":false,"footnotes":""},"categories":[55,41],"tags":[],"class_list":["post-2859","post","type-post","status-publish","format-standard","hentry","category-souverainisme-europeen","category-union-europeenne"],"_links":{"self":[{"href":"https:\/\/droitemoderniste.be\/index.php\/wp-json\/wp\/v2\/posts\/2859","targetHints":{"allow":["GET"]}}],"collection":[{"href":"https:\/\/droitemoderniste.be\/index.php\/wp-json\/wp\/v2\/posts"}],"about":[{"href":"https:\/\/droitemoderniste.be\/index.php\/wp-json\/wp\/v2\/types\/post"}],"author":[{"embeddable":true,"href":"https:\/\/droitemoderniste.be\/index.php\/wp-json\/wp\/v2\/users\/1"}],"replies":[{"embeddable":true,"href":"https:\/\/droitemoderniste.be\/index.php\/wp-json\/wp\/v2\/comments?post=2859"}],"version-history":[{"count":1,"href":"https:\/\/droitemoderniste.be\/index.php\/wp-json\/wp\/v2\/posts\/2859\/revisions"}],"predecessor-version":[{"id":2861,"href":"https:\/\/droitemoderniste.be\/index.php\/wp-json\/wp\/v2\/posts\/2859\/revisions\/2861"}],"wp:attachment":[{"href":"https:\/\/droitemoderniste.be\/index.php\/wp-json\/wp\/v2\/media?parent=2859"}],"wp:term":[{"taxonomy":"category","embeddable":true,"href":"https:\/\/droitemoderniste.be\/index.php\/wp-json\/wp\/v2\/categories?post=2859"},{"taxonomy":"post_tag","embeddable":true,"href":"https:\/\/droitemoderniste.be\/index.php\/wp-json\/wp\/v2\/tags?post=2859"}],"curies":[{"name":"wp","href":"https:\/\/api.w.org\/{rel}","templated":true}]}}