{"id":2856,"date":"2026-05-10T13:44:45","date_gmt":"2026-05-10T11:44:45","guid":{"rendered":"https:\/\/droitemoderniste.be\/?p=2856"},"modified":"2026-05-10T13:44:45","modified_gmt":"2026-05-10T11:44:45","slug":"le-vrai-risque-pour-leurope-nest-pas-linvasion-russe-mais-la-dilution-europeenne","status":"publish","type":"post","link":"https:\/\/droitemoderniste.be\/index.php\/2026\/05\/10\/le-vrai-risque-pour-leurope-nest-pas-linvasion-russe-mais-la-dilution-europeenne\/","title":{"rendered":"Le vrai risque pour l\u2019Europe n\u2019est pas l\u2019invasion russe, mais la dilution europ\u00e9enne"},"content":{"rendered":"\n<figure class=\"wp-block-image size-large\"><img loading=\"lazy\" decoding=\"async\" width=\"1024\" height=\"683\" src=\"https:\/\/droitemoderniste.be\/wp-content\/uploads\/2026\/05\/dilution-europeenne-1024x683.png\" alt=\"\" class=\"wp-image-2857\" srcset=\"https:\/\/droitemoderniste.be\/wp-content\/uploads\/2026\/05\/dilution-europeenne-1024x683.png 1024w, https:\/\/droitemoderniste.be\/wp-content\/uploads\/2026\/05\/dilution-europeenne-300x200.png 300w, https:\/\/droitemoderniste.be\/wp-content\/uploads\/2026\/05\/dilution-europeenne-768x512.png 768w, https:\/\/droitemoderniste.be\/wp-content\/uploads\/2026\/05\/dilution-europeenne.png 1536w\" sizes=\"auto, (max-width: 1024px) 100vw, 1024px\" \/><\/figure>\n\n\n\n<p class=\"wp-block-paragraph\">L\u2019Union europ\u00e9enne n\u2019est probablement pas menac\u00e9e d\u2019effondrement par les chars russes. Elle l\u2019est davantage par sa propre logique d\u2019expansion permanente.<\/p>\n\n\n\n<p class=\"wp-block-paragraph\">L\u2019histoire montre qu\u2019une puissance peut survivre \u00e0 des menaces ext\u00e9rieures si elle conserve :<\/p>\n\n\n\n<ul class=\"wp-block-list\">\n<li>une coh\u00e9sion politique,<\/li>\n\n\n\n<li>une capacit\u00e9 de d\u00e9cision,<\/li>\n\n\n\n<li>une solidarit\u00e9 interne,<\/li>\n\n\n\n<li>une identit\u00e9 strat\u00e9gique commune.<\/li>\n<\/ul>\n\n\n\n<p class=\"wp-block-paragraph\">Or c\u2019est pr\u00e9cis\u00e9ment ce que des \u00e9largissements successifs risquent d\u2019affaiblir.<\/p>\n\n\n\n<p class=\"wp-block-paragraph\"><strong>Une Union d\u00e9j\u00e0 difficile \u00e0 gouverner \u00e0 27<\/strong><\/p>\n\n\n\n<p class=\"wp-block-paragraph\">L\u2019UE peine d\u00e9j\u00e0 \u00e0 :<\/p>\n\n\n\n<ul class=\"wp-block-list\">\n<li>harmoniser ses politiques migratoires,<\/li>\n\n\n\n<li>d\u00e9finir une strat\u00e9gie \u00e9nerg\u00e9tique commune,<\/li>\n\n\n\n<li>parler d\u2019une seule voix en politique \u00e9trang\u00e8re,<\/li>\n\n\n\n<li>r\u00e9former ses institutions,<\/li>\n\n\n\n<li>voter rapidement sur des sujets strat\u00e9giques.<\/li>\n<\/ul>\n\n\n\n<p class=\"wp-block-paragraph\">Chaque \u00e9largissement augmente :<\/p>\n\n\n\n<ul class=\"wp-block-list\">\n<li>le nombre de v\u00e9tos potentiels,<\/li>\n\n\n\n<li>les divergences \u00e9conomiques,<\/li>\n\n\n\n<li>les diff\u00e9rences g\u00e9opolitiques,<\/li>\n\n\n\n<li>les conflits d\u2019int\u00e9r\u00eats nationaux.<\/li>\n<\/ul>\n\n\n\n<p class=\"wp-block-paragraph\">Une Europe \u00e0 35 ou 40 \u00c9tats pourrait devenir un espace paralys\u00e9 plut\u00f4t qu\u2019une puissance coh\u00e9rente.<\/p>\n\n\n\n<p class=\"wp-block-paragraph\"><strong>L\u2019\u00e9largissement change la nature m\u00eame de l\u2019UE<\/strong><\/p>\n\n\n\n<p class=\"wp-block-paragraph\">\u00c0 l\u2019origine, l\u2019int\u00e9gration europ\u00e9enne concernait des pays relativement comparables :<\/p>\n\n\n\n<ul class=\"wp-block-list\">\n<li>\u00e9conomiquement,<\/li>\n\n\n\n<li>administrativement,<\/li>\n\n\n\n<li>institutionnellement,<\/li>\n\n\n\n<li>culturellement.<\/li>\n<\/ul>\n\n\n\n<p class=\"wp-block-paragraph\">Les futures adh\u00e9sions envisag\u00e9es (Ukraine, Moldavie, Balkans occidentaux\u2026) introduisent :<\/p>\n\n\n\n<ul class=\"wp-block-list\">\n<li>des \u00e9carts de d\u00e9veloppement massifs,<\/li>\n\n\n\n<li>des tensions territoriales non r\u00e9solues,<\/li>\n\n\n\n<li>des syst\u00e8mes politiques parfois fragiles,<\/li>\n\n\n\n<li>des besoins financiers colossaux.<\/li>\n<\/ul>\n\n\n\n<p class=\"wp-block-paragraph\">Le risque n\u2019est pas seulement budg\u00e9taire : c\u2019est celui d\u2019une fragmentation politique durable.<\/p>\n\n\n\n<p class=\"wp-block-paragraph\"><strong>Plus l\u2019UE s\u2019\u00e9largit, moins elle s\u2019int\u00e8gre<\/strong><\/p>\n\n\n\n<p class=\"wp-block-paragraph\">L\u2019Union europ\u00e9enne fonctionne sur un \u00e9quilibre fragile :<\/p>\n\n\n\n<ul class=\"wp-block-list\">\n<li>ouverture,<\/li>\n\n\n\n<li>compromis,<\/li>\n\n\n\n<li>droit commun,<\/li>\n\n\n\n<li>transferts \u00e9conomiques,<\/li>\n\n\n\n<li>confiance mutuelle.<\/li>\n<\/ul>\n\n\n\n<p class=\"wp-block-paragraph\">Mais un \u00e9largissement trop rapide peut produire l\u2019effet inverse :<\/p>\n\n\n\n<ul class=\"wp-block-list\">\n<li>mont\u00e9e des nationalismes,<\/li>\n\n\n\n<li>rejet des transferts financiers,<\/li>\n\n\n\n<li>blocages institutionnels,<\/li>\n\n\n\n<li>fatigue d\u00e9mocratique des populations.<\/li>\n<\/ul>\n\n\n\n<p class=\"wp-block-paragraph\">Autrement dit : plus l\u2019UE cherche \u00e0 s\u2019\u00e9tendre, plus elle risque de perdre sa profondeur politique.<\/p>\n\n\n\n<p class=\"wp-block-paragraph\"><strong>Le danger russe est r\u00e9el\u2026 mais externe<\/strong><\/p>\n\n\n\n<p class=\"wp-block-paragraph\">La Russie repr\u00e9sente :<\/p>\n\n\n\n<ul class=\"wp-block-list\">\n<li>une menace s\u00e9curitaire,<\/li>\n\n\n\n<li>une puissance de d\u00e9stabilisation,<\/li>\n\n\n\n<li>un d\u00e9fi g\u00e9opolitique majeur.<\/li>\n<\/ul>\n\n\n\n<p class=\"wp-block-paragraph\">Mais une menace ext\u00e9rieure peut parfois renforcer l\u2019unit\u00e9 d\u2019un ensemble politique.<\/p>\n\n\n\n<p class=\"wp-block-paragraph\">\u00c0 l\u2019inverse, une d\u00e9sorganisation interne chronique peut lentement dissoudre :<\/p>\n\n\n\n<ul class=\"wp-block-list\">\n<li>l\u2019autorit\u00e9,<\/li>\n\n\n\n<li>la confiance,<\/li>\n\n\n\n<li>l\u2019efficacit\u00e9,<\/li>\n\n\n\n<li>le sentiment d\u2019appartenance.<\/li>\n<\/ul>\n\n\n\n<p class=\"wp-block-paragraph\">Le cynique pourra donc dire : \u00ab&nbsp;<em>la Russie peut blesser l\u2019Europe, mais l\u2019hyper-\u00e9largissement pourrait la rendre ingouvernable.<\/em>&nbsp;\u00bb<\/p>\n\n\n\n<p class=\"wp-block-paragraph\">La vraie question :<strong> l\u2019Union europ\u00e9enne veut-elle \u00eatre une puissance politique coh\u00e9rente, ou un vaste espace continental ouvert en permanence ?<\/strong><\/p>\n\n\n\n<p class=\"wp-block-paragraph\">Car au-del\u00e0 d\u2019un certain seuil, l\u2019\u00e9largissement peut entrer en contradiction avec :<\/p>\n\n\n\n<ul class=\"wp-block-list\">\n<li>la gouvernance,<\/li>\n\n\n\n<li>l\u2019int\u00e9gration,<\/li>\n\n\n\n<li>la souverainet\u00e9 commune,<\/li>\n\n\n\n<li>l\u2019efficacit\u00e9 strat\u00e9gique.<\/li>\n<\/ul>\n\n\n\n<p class=\"wp-block-paragraph\">Une union trop vaste peut devenir incapable d\u2019agir.<\/p>\n\n\n\n<p class=\"wp-block-paragraph\">Et une puissance incapable d\u2019agir finit par se dissoudre de l\u2019int\u00e9rieur.<\/p>\n\n\n\n<p class=\"wp-block-paragraph\">&nbsp;<strong>Les empires meurent rarement uniquement sous les coups de leurs ennemis. Ils meurent souvent d\u2019abord de leur propre surcharge<\/strong>.<\/p>\n","protected":false},"excerpt":{"rendered":"<p>L\u2019Union europ\u00e9enne n\u2019est probablement pas menac\u00e9e d\u2019effondrement par les chars russes. Elle l\u2019est davantage par sa propre logique d\u2019expansion permanente. L\u2019histoire montre qu\u2019une puissance peut survivre \u00e0 des menaces ext\u00e9rieures si elle conserve : Or c\u2019est pr\u00e9cis\u00e9ment ce que des \u00e9largissements successifs risquent d\u2019affaiblir. Une Union d\u00e9j\u00e0 difficile \u00e0 gouverner \u00e0 27 L\u2019UE peine d\u00e9j\u00e0 [&hellip;]<\/p>\n","protected":false},"author":1,"featured_media":0,"comment_status":"open","ping_status":"open","sticky":false,"template":"","format":"standard","meta":{"_monsterinsights_skip_tracking":false,"_uf_show_specific_survey":0,"_uf_disable_surveys":false,"footnotes":""},"categories":[55,41],"tags":[],"class_list":["post-2856","post","type-post","status-publish","format-standard","hentry","category-souverainisme-europeen","category-union-europeenne"],"_links":{"self":[{"href":"https:\/\/droitemoderniste.be\/index.php\/wp-json\/wp\/v2\/posts\/2856","targetHints":{"allow":["GET"]}}],"collection":[{"href":"https:\/\/droitemoderniste.be\/index.php\/wp-json\/wp\/v2\/posts"}],"about":[{"href":"https:\/\/droitemoderniste.be\/index.php\/wp-json\/wp\/v2\/types\/post"}],"author":[{"embeddable":true,"href":"https:\/\/droitemoderniste.be\/index.php\/wp-json\/wp\/v2\/users\/1"}],"replies":[{"embeddable":true,"href":"https:\/\/droitemoderniste.be\/index.php\/wp-json\/wp\/v2\/comments?post=2856"}],"version-history":[{"count":1,"href":"https:\/\/droitemoderniste.be\/index.php\/wp-json\/wp\/v2\/posts\/2856\/revisions"}],"predecessor-version":[{"id":2858,"href":"https:\/\/droitemoderniste.be\/index.php\/wp-json\/wp\/v2\/posts\/2856\/revisions\/2858"}],"wp:attachment":[{"href":"https:\/\/droitemoderniste.be\/index.php\/wp-json\/wp\/v2\/media?parent=2856"}],"wp:term":[{"taxonomy":"category","embeddable":true,"href":"https:\/\/droitemoderniste.be\/index.php\/wp-json\/wp\/v2\/categories?post=2856"},{"taxonomy":"post_tag","embeddable":true,"href":"https:\/\/droitemoderniste.be\/index.php\/wp-json\/wp\/v2\/tags?post=2856"}],"curies":[{"name":"wp","href":"https:\/\/api.w.org\/{rel}","templated":true}]}}