{"id":2851,"date":"2026-05-08T11:42:03","date_gmt":"2026-05-08T09:42:03","guid":{"rendered":"https:\/\/droitemoderniste.be\/?p=2851"},"modified":"2026-05-08T11:42:03","modified_gmt":"2026-05-08T09:42:03","slug":"une-europe-qui-devient-une-puissance-notre-choix","status":"publish","type":"post","link":"https:\/\/droitemoderniste.be\/index.php\/2026\/05\/08\/une-europe-qui-devient-une-puissance-notre-choix\/","title":{"rendered":"Une Europe qui devient une puissance : notre choix"},"content":{"rendered":"\n<figure class=\"wp-block-image size-full\"><img loading=\"lazy\" decoding=\"async\" width=\"719\" height=\"404\" src=\"https:\/\/droitemoderniste.be\/wp-content\/uploads\/2026\/05\/drapeaux-europeens.webp\" alt=\"\" class=\"wp-image-2853\" srcset=\"https:\/\/droitemoderniste.be\/wp-content\/uploads\/2026\/05\/drapeaux-europeens.webp 719w, https:\/\/droitemoderniste.be\/wp-content\/uploads\/2026\/05\/drapeaux-europeens-300x169.webp 300w\" sizes=\"auto, (max-width: 719px) 100vw, 719px\" \/><\/figure>\n\n\n\n<p class=\"wp-block-paragraph\">Depuis des d\u00e9cennies, l\u2019Europe h\u00e9site entre deux chemins.<br>D\u2019un c\u00f4t\u00e9, une simple coop\u00e9ration entre \u00c9tats \u2014 prudente, lente, parfois impuissante.<br>De l\u2019autre, le r\u00eave d\u2019un \u00c9tat f\u00e9d\u00e9ral uniforme \u2014 souvent d\u00e9connect\u00e9 des peuples.<\/p>\n\n\n\n<p class=\"wp-block-paragraph\">Et pendant que nous doutons\u2026 le monde avance sans nous.<\/p>\n\n\n\n<p class=\"wp-block-paragraph\">Les grandes puissances s\u2019affirment. Les blocs se renforcent. Les d\u00e9pendances s\u2019installent.<\/p>\n\n\n\n<p class=\"wp-block-paragraph\">La question n\u2019est plus th\u00e9orique.<br>Elle est existentielle.<\/p>\n\n\n\n<p class=\"wp-block-paragraph\"><strong>Voulons-nous encore d\u00e9cider de notre destin ?<\/strong><\/p>\n\n\n\n<h5 class=\"wp-block-heading\"><strong>REFUSER LE FAUX CHOIX<\/strong><\/h5>\n\n\n\n<p class=\"wp-block-paragraph\">On nous impose un dilemme :<\/p>\n\n\n\n<ul class=\"wp-block-list\">\n<li>soit une <strong>Europe des Nations<\/strong>, qui prot\u00e8ge les souverainet\u00e9s\u2026 mais \u00e9choue \u00e0 peser<\/li>\n\n\n\n<li>soit une <strong>Nation Europe<\/strong>, qui promet la puissance\u2026 mais inqui\u00e8te par son abstraction<\/li>\n<\/ul>\n\n\n\n<p class=\"wp-block-paragraph\">Ce choix est un pi\u00e8ge.<\/p>\n\n\n\n<p class=\"wp-block-paragraph\">Car une Europe faible ne prot\u00e8ge plus ses nations.<br>Et une Europe qui nie les nations perd son \u00e2me.<\/p>\n\n\n\n<p class=\"wp-block-paragraph\">Nous refusons cette opposition st\u00e9rile.<\/p>\n\n\n\n<h5 class=\"wp-block-heading\"><strong>NOTRE PROJET : UNE SOUVERAINET\u00c9 EUROP\u00c9ENNE \u00c0 DOUBLE NIVEAU<\/strong><\/h5>\n\n\n\n<p class=\"wp-block-paragraph\">Nous d\u00e9fendons une vision claire :<\/p>\n\n\n\n<p class=\"wp-block-paragraph\"><strong>Une Europe souveraine, fond\u00e9e sur des nations souveraines.<\/strong><\/p>\n\n\n\n<p class=\"wp-block-paragraph\">Cela signifie :<\/p>\n\n\n\n<ul class=\"wp-block-list\">\n<li>Des <strong>nations fortes<\/strong>, garantes de la d\u00e9mocratie, des identit\u00e9s, des cultures<\/li>\n\n\n\n<li>Une <strong>Europe puissante<\/strong>, capable d\u2019agir l\u00e0 o\u00f9 aucun \u00c9tat ne peut r\u00e9ussir seul<\/li>\n<\/ul>\n\n\n\n<p class=\"wp-block-paragraph\">Ce n\u2019est ni une dissolution, ni un repli.<br>C\u2019est une articulation.<\/p>\n\n\n\n<h5 class=\"wp-block-heading\"><strong>B\u00c2TIR LA PUISSANCE EUROP\u00c9ENNE<\/strong><\/h5>\n\n\n\n<p class=\"wp-block-paragraph\">Concr\u00e8tement, cela implique des choix courageux.<\/p>\n\n\n\n<h6 class=\"wp-block-heading\"><strong>Souverainet\u00e9 \u00e9conomique<\/strong><\/h6>\n\n\n\n<p class=\"wp-block-paragraph\">Produire en Europe. Prot\u00e9ger nos industries. Investir dans l\u2019innovation.<\/p>\n\n\n\n<h6 class=\"wp-block-heading\"><strong>Souverainet\u00e9 \u00e9nerg\u00e9tique<\/strong><\/h6>\n\n\n\n<p class=\"wp-block-paragraph\">Assurer notre ind\u00e9pendance avec un mix r\u00e9aliste, durable et europ\u00e9en.<\/p>\n\n\n\n<h6 class=\"wp-block-heading\"><strong>Souverainet\u00e9 num\u00e9rique<\/strong><\/h6>\n\n\n\n<p class=\"wp-block-paragraph\">Ma\u00eetriser nos donn\u00e9es, d\u00e9velopper nos technologies, r\u00e9duire nos d\u00e9pendances.<\/p>\n\n\n\n<h6 class=\"wp-block-heading\"><strong>Souverainet\u00e9 de d\u00e9fense<\/strong><\/h6>\n\n\n\n<p class=\"wp-block-paragraph\">Construire une capacit\u00e9 militaire cr\u00e9dible, autonome, au service de la paix.<\/p>\n\n\n\n<h5 class=\"wp-block-heading\"><strong>PR\u00c9SERVER CE QUE NOUS SOMMES<\/strong><\/h5>\n\n\n\n<p class=\"wp-block-paragraph\">Mais cette puissance ne doit jamais effacer ce qui fait l\u2019Europe.<\/p>\n\n\n\n<p class=\"wp-block-paragraph\">L\u2019Europe n\u2019est pas une page blanche.<br>C\u2019est une <strong>civilisation vivante<\/strong>, faite de peuples, de langues, d\u2019histoires.<\/p>\n\n\n\n<p class=\"wp-block-paragraph\">Nos nations ne sont pas un obstacle.<br>Elles sont notre richesse.<\/p>\n\n\n\n<p class=\"wp-block-paragraph\"><strong>L\u2019Europe ne doit pas remplacer les nations. Elle doit les prot\u00e9ger.<\/strong><\/p>\n\n\n\n<h5 class=\"wp-block-heading\"><strong>UNE EUROPE QUI D\u00c9CIDE<\/strong><\/h5>\n\n\n\n<p class=\"wp-block-paragraph\">Le vrai probl\u00e8me aujourd\u2019hui n\u2019est pas trop d\u2019Europe.<br>C\u2019est une Europe qui n\u2019ose pas d\u00e9cider.<\/p>\n\n\n\n<p class=\"wp-block-paragraph\">Nous voulons :<\/p>\n\n\n\n<ul class=\"wp-block-list\">\n<li>moins de blocages<\/li>\n\n\n\n<li>plus de clart\u00e9<\/li>\n\n\n\n<li>une capacit\u00e9 r\u00e9elle d\u2019action<\/li>\n<\/ul>\n\n\n\n<p class=\"wp-block-paragraph\">Une Europe qui agit quand c\u2019est n\u00e9cessaire.<br>Et qui laisse respirer quand c\u2019est pr\u00e9f\u00e9rable.<\/p>\n\n\n\n<h5 class=\"wp-block-heading\"><strong>NOTRE LIGNE : L\u2019AUDACE D\u2019UNE DROITE MODERNE<\/strong><\/h5>\n\n\n\n<p class=\"wp-block-paragraph\">Nous refusons :<\/p>\n\n\n\n<ul class=\"wp-block-list\">\n<li>le f\u00e9d\u00e9ralisme na\u00eff<\/li>\n\n\n\n<li>le nationalisme impuissant<\/li>\n<\/ul>\n\n\n\n<p class=\"wp-block-paragraph\">Nous choisissons une voie exigeante :<\/p>\n\n\n\n<p class=\"wp-block-paragraph\"><strong>Une Europe forte sans \u00eatre uniforme<\/strong><strong><br>Une Europe unie sans \u00eatre centralis\u00e9e<br>Une Europe souveraine sans \u00eatre hors-sol<\/strong><\/p>\n\n\n\n<h5 class=\"wp-block-heading\"><strong>CONCLUSION : NOTRE AVENIR, NOTRE RESPONSABILIT\u00c9<\/strong><\/h5>\n\n\n\n<p class=\"wp-block-paragraph\">L\u2019Europe n\u2019est pas condamn\u00e9e \u00e0 subir.<br>Elle peut redevenir une puissance d\u2019\u00e9quilibre, de libert\u00e9, de prosp\u00e9rit\u00e9.<\/p>\n\n\n\n<p class=\"wp-block-paragraph\">Mais cela exige une volont\u00e9 politique.<\/p>\n\n\n\n<p class=\"wp-block-paragraph\">Cela exige du courage.<\/p>\n\n\n\n<p class=\"wp-block-paragraph\">Et surtout, cela exige une vision.<\/p>\n\n\n\n<p class=\"wp-block-paragraph\"><strong>Notre avenir ne se d\u00e9cidera ni \u00e0 Washington, ni \u00e0 P\u00e9kin.<\/strong><strong><br>Il se d\u00e9cidera ici. Par nous. Pour nous.<\/strong><\/p>\n\n\n\n<p class=\"wp-block-paragraph\"><strong>Ensemble, construisons une Europe qui prot\u00e8ge, qui agit, et qui respecte.<\/strong><br><strong>Une Europe vraiment souveraine.<\/strong><\/p>\n","protected":false},"excerpt":{"rendered":"<p>Depuis des d\u00e9cennies, l\u2019Europe h\u00e9site entre deux chemins.D\u2019un c\u00f4t\u00e9, une simple coop\u00e9ration entre \u00c9tats \u2014 prudente, lente, parfois impuissante.De l\u2019autre, le r\u00eave d\u2019un \u00c9tat f\u00e9d\u00e9ral uniforme \u2014 souvent d\u00e9connect\u00e9 des peuples. Et pendant que nous doutons\u2026 le monde avance sans nous. Les grandes puissances s\u2019affirment. Les blocs se renforcent. Les d\u00e9pendances s\u2019installent. La question n\u2019est [&hellip;]<\/p>\n","protected":false},"author":1,"featured_media":0,"comment_status":"open","ping_status":"open","sticky":false,"template":"","format":"standard","meta":{"_monsterinsights_skip_tracking":false,"_uf_show_specific_survey":0,"_uf_disable_surveys":false,"footnotes":""},"categories":[55],"tags":[],"class_list":["post-2851","post","type-post","status-publish","format-standard","hentry","category-souverainisme-europeen"],"_links":{"self":[{"href":"https:\/\/droitemoderniste.be\/index.php\/wp-json\/wp\/v2\/posts\/2851","targetHints":{"allow":["GET"]}}],"collection":[{"href":"https:\/\/droitemoderniste.be\/index.php\/wp-json\/wp\/v2\/posts"}],"about":[{"href":"https:\/\/droitemoderniste.be\/index.php\/wp-json\/wp\/v2\/types\/post"}],"author":[{"embeddable":true,"href":"https:\/\/droitemoderniste.be\/index.php\/wp-json\/wp\/v2\/users\/1"}],"replies":[{"embeddable":true,"href":"https:\/\/droitemoderniste.be\/index.php\/wp-json\/wp\/v2\/comments?post=2851"}],"version-history":[{"count":1,"href":"https:\/\/droitemoderniste.be\/index.php\/wp-json\/wp\/v2\/posts\/2851\/revisions"}],"predecessor-version":[{"id":2854,"href":"https:\/\/droitemoderniste.be\/index.php\/wp-json\/wp\/v2\/posts\/2851\/revisions\/2854"}],"wp:attachment":[{"href":"https:\/\/droitemoderniste.be\/index.php\/wp-json\/wp\/v2\/media?parent=2851"}],"wp:term":[{"taxonomy":"category","embeddable":true,"href":"https:\/\/droitemoderniste.be\/index.php\/wp-json\/wp\/v2\/categories?post=2851"},{"taxonomy":"post_tag","embeddable":true,"href":"https:\/\/droitemoderniste.be\/index.php\/wp-json\/wp\/v2\/tags?post=2851"}],"curies":[{"name":"wp","href":"https:\/\/api.w.org\/{rel}","templated":true}]}}