{"id":2848,"date":"2026-05-07T14:03:56","date_gmt":"2026-05-07T12:03:56","guid":{"rendered":"https:\/\/droitemoderniste.be\/?p=2848"},"modified":"2026-05-07T14:03:56","modified_gmt":"2026-05-07T12:03:56","slug":"notre-credo-une-europe-souveraine-sans-etre-uniforme-une-puissance-commune-sans-effacer-les-nations","status":"publish","type":"post","link":"https:\/\/droitemoderniste.be\/index.php\/2026\/05\/07\/notre-credo-une-europe-souveraine-sans-etre-uniforme-une-puissance-commune-sans-effacer-les-nations\/","title":{"rendered":"Notre credo : une Europe souveraine sans \u00eatre uniforme, une puissance commune sans effacer les nations"},"content":{"rendered":"\n<figure class=\"wp-block-image size-large\"><img loading=\"lazy\" decoding=\"async\" width=\"1024\" height=\"683\" src=\"https:\/\/droitemoderniste.be\/wp-content\/uploads\/2026\/05\/credo-1024x683.png\" alt=\"\" class=\"wp-image-2849\" srcset=\"https:\/\/droitemoderniste.be\/wp-content\/uploads\/2026\/05\/credo-1024x683.png 1024w, https:\/\/droitemoderniste.be\/wp-content\/uploads\/2026\/05\/credo-300x200.png 300w, https:\/\/droitemoderniste.be\/wp-content\/uploads\/2026\/05\/credo-768x512.png 768w, https:\/\/droitemoderniste.be\/wp-content\/uploads\/2026\/05\/credo.png 1536w\" sizes=\"auto, (max-width: 1024px) 100vw, 1024px\" \/><\/figure>\n\n\n\n<p class=\"wp-block-paragraph\">Opposons deux visions profond\u00e9ment diff\u00e9rentes du projet europ\u00e9en, et chacune a ses implications concr\u00e8tes.<\/p>\n\n\n\n<h5 class=\"wp-block-heading\">1. <strong>\u201cEurope des Nations\u201d<\/strong><\/h5>\n\n\n\n<p class=\"wp-block-paragraph\">C\u2019est la vision classique, d\u00e9fendue notamment par des figures comme Charles de Gaulle :<\/p>\n\n\n\n<ul class=\"wp-block-list\">\n<li>Les \u00c9tats restent pleinement souverains<\/li>\n\n\n\n<li>L\u2019UE est une coop\u00e9ration entre nations<\/li>\n\n\n\n<li>Les d\u00e9cisions majeures restent nationales<br>\ud83d\udc49 Avantage : respect des identit\u00e9s et des d\u00e9mocraties nationales<br>\ud83d\udc49 Limite : lenteur, blocages, manque de puissance globale<\/li>\n<\/ul>\n\n\n\n<h5 class=\"wp-block-heading\">2. <strong>\u201cNation Europe\u201d<\/strong><\/h5>\n\n\n\n<p class=\"wp-block-paragraph\">L\u00e0, on change totalement d\u2019\u00e9chelle :<\/p>\n\n\n\n<ul class=\"wp-block-list\">\n<li>Une souverainet\u00e9 europ\u00e9enne unique<\/li>\n\n\n\n<li>Une forme de peuple europ\u00e9en (citoyennet\u00e9 renforc\u00e9e)<\/li>\n\n\n\n<li>Des institutions f\u00e9d\u00e9rales fortes<br>\ud83d\udc49 Avantage : puissance g\u00e9opolitique r\u00e9elle (face aux USA, Chine, etc.)<br>\ud83d\udc49 Limite : risque de dilution d\u00e9mocratique et culturelle si mal construit<\/li>\n<\/ul>\n\n\n\n<h5 class=\"wp-block-heading\">3. Le vrai enjeu : contradiction ou synth\u00e8se ?<\/h5>\n\n\n\n<p class=\"wp-block-paragraph\">Opposer frontalement les deux peut \u00eatre un pi\u00e8ge. Une \u201cNation Europe\u201d pure est aujourd\u2019hui politiquement irr\u00e9aliste. \u00c0 l\u2019inverse, une simple \u201cEurope des Nations\u201d est insuffisante dans un monde de blocs.<\/p>\n\n\n\n<p class=\"wp-block-paragraph\">Le <mark style=\"background-color:rgba(0, 0, 0, 0);color:#ff6900\" class=\"has-inline-color\">MDM<\/mark> propose la voie int\u00e9ressante et cr\u00e9dible, \u00a0une <strong>synth\u00e8se politiquement op\u00e9rante<\/strong> :<\/p>\n\n\n\n<p class=\"wp-block-paragraph\"><strong>Nous voulons&nbsp;: \u201cUne Europe puissance, fond\u00e9e sur des nations souveraines\u201d<\/strong><\/p>\n\n\n\n<p class=\"wp-block-paragraph\"><strong>Nous pr\u00eachons&nbsp;: \u201cUne souverainet\u00e9 europ\u00e9enne qui prot\u00e8ge les souverainet\u00e9s nationales\u201d<\/strong><\/p>\n\n\n\n<p class=\"wp-block-paragraph\"><strong>Nous voyons&nbsp;:<\/strong> <strong>\u201cL\u2019Europe comme civilisation politique, pas comme \u00c9tat uniforme\u201d<\/strong><\/p>\n\n\n\n<h5 class=\"wp-block-heading\">4. Ligne id\u00e9ologique forte (compatible avec notre concept de &nbsp;\u201csouverainisme \u00e9clair\u00e9\u201d)<\/h5>\n\n\n\n<p class=\"wp-block-paragraph\">Nous &nbsp;d\u00e9fendons &nbsp;une position assez originale :<\/p>\n\n\n\n<ul class=\"wp-block-list\">\n<li>Nous refusons le f\u00e9d\u00e9ralisme na\u00eff<\/li>\n\n\n\n<li>Nous refusons le nationalisme impuissant<\/li>\n\n\n\n<li>Nous voulons construire une <strong>souverainet\u00e9 \u00e0 double niveau<\/strong> :\n<ul class=\"wp-block-list\">\n<li>nationale (identit\u00e9, d\u00e9mocratie, culture)<\/li>\n\n\n\n<li>europ\u00e9enne (puissance, \u00e9conomie, d\u00e9fense, Tech)<\/li>\n<\/ul>\n<\/li>\n<\/ul>\n","protected":false},"excerpt":{"rendered":"<p>Opposons deux visions profond\u00e9ment diff\u00e9rentes du projet europ\u00e9en, et chacune a ses implications concr\u00e8tes. 1. \u201cEurope des Nations\u201d C\u2019est la vision classique, d\u00e9fendue notamment par des figures comme Charles de Gaulle : 2. \u201cNation Europe\u201d L\u00e0, on change totalement d\u2019\u00e9chelle : 3. Le vrai enjeu : contradiction ou synth\u00e8se ? Opposer frontalement les deux peut [&hellip;]<\/p>\n","protected":false},"author":1,"featured_media":0,"comment_status":"open","ping_status":"open","sticky":false,"template":"","format":"standard","meta":{"_monsterinsights_skip_tracking":false,"_uf_show_specific_survey":0,"_uf_disable_surveys":false,"footnotes":""},"categories":[55],"tags":[],"class_list":["post-2848","post","type-post","status-publish","format-standard","hentry","category-souverainisme-europeen"],"_links":{"self":[{"href":"https:\/\/droitemoderniste.be\/index.php\/wp-json\/wp\/v2\/posts\/2848","targetHints":{"allow":["GET"]}}],"collection":[{"href":"https:\/\/droitemoderniste.be\/index.php\/wp-json\/wp\/v2\/posts"}],"about":[{"href":"https:\/\/droitemoderniste.be\/index.php\/wp-json\/wp\/v2\/types\/post"}],"author":[{"embeddable":true,"href":"https:\/\/droitemoderniste.be\/index.php\/wp-json\/wp\/v2\/users\/1"}],"replies":[{"embeddable":true,"href":"https:\/\/droitemoderniste.be\/index.php\/wp-json\/wp\/v2\/comments?post=2848"}],"version-history":[{"count":1,"href":"https:\/\/droitemoderniste.be\/index.php\/wp-json\/wp\/v2\/posts\/2848\/revisions"}],"predecessor-version":[{"id":2850,"href":"https:\/\/droitemoderniste.be\/index.php\/wp-json\/wp\/v2\/posts\/2848\/revisions\/2850"}],"wp:attachment":[{"href":"https:\/\/droitemoderniste.be\/index.php\/wp-json\/wp\/v2\/media?parent=2848"}],"wp:term":[{"taxonomy":"category","embeddable":true,"href":"https:\/\/droitemoderniste.be\/index.php\/wp-json\/wp\/v2\/categories?post=2848"},{"taxonomy":"post_tag","embeddable":true,"href":"https:\/\/droitemoderniste.be\/index.php\/wp-json\/wp\/v2\/tags?post=2848"}],"curies":[{"name":"wp","href":"https:\/\/api.w.org\/{rel}","templated":true}]}}