{"id":2845,"date":"2026-05-06T09:55:13","date_gmt":"2026-05-06T07:55:13","guid":{"rendered":"https:\/\/droitemoderniste.be\/?p=2845"},"modified":"2026-05-06T09:55:13","modified_gmt":"2026-05-06T07:55:13","slug":"le-principal-obstacle-a-une-europe-vraiment-souveraine-est-identitaire","status":"publish","type":"post","link":"https:\/\/droitemoderniste.be\/index.php\/2026\/05\/06\/le-principal-obstacle-a-une-europe-vraiment-souveraine-est-identitaire\/","title":{"rendered":"Le principal obstacle \u00e0 une Europe vraiment souveraine est identitaire"},"content":{"rendered":"\n<figure class=\"wp-block-image size-large\"><img loading=\"lazy\" decoding=\"async\" width=\"1024\" height=\"683\" src=\"https:\/\/droitemoderniste.be\/wp-content\/uploads\/2026\/05\/Europe-souveraine-1024x683.png\" alt=\"\" class=\"wp-image-2846\" srcset=\"https:\/\/droitemoderniste.be\/wp-content\/uploads\/2026\/05\/Europe-souveraine-1024x683.png 1024w, https:\/\/droitemoderniste.be\/wp-content\/uploads\/2026\/05\/Europe-souveraine-300x200.png 300w, https:\/\/droitemoderniste.be\/wp-content\/uploads\/2026\/05\/Europe-souveraine-768x512.png 768w, https:\/\/droitemoderniste.be\/wp-content\/uploads\/2026\/05\/Europe-souveraine.png 1536w\" sizes=\"auto, (max-width: 1024px) 100vw, 1024px\" \/><\/figure>\n\n\n\n<p class=\"wp-block-paragraph\">L&rsquo;id\u00e9e d&rsquo;une Europe \u00ab vraiment souveraine \u00bb est un concept qui agite les chancelleries depuis des d\u00e9cennies. Pour qu\u2019elle passe du stade de projet politique \u00e0 celui de r\u00e9alit\u00e9 tangible, cela impliquerait une mutation profonde de ses structures actuelles.<\/p>\n\n\n\n<p class=\"wp-block-paragraph\">Voici \u00e0 quoi pourrait ressembler cette Europe, structur\u00e9e autour de ses trois piliers fondamentaux.<\/p>\n\n\n\n<h5 class=\"wp-block-heading\">1. Une D\u00e9fense Int\u00e9gr\u00e9e : L\u2019Autonomie Strat\u00e9gique<\/h5>\n\n\n\n<p class=\"wp-block-paragraph\">Une Europe souveraine ne d\u00e9pendrait plus du \u00ab\u00a0parapluie\u00a0\u00bb am\u00e9ricain (OTAN) pour sa s\u00e9curit\u00e9 imm\u00e9diate.<\/p>\n\n\n\n<ul class=\"wp-block-list\">\n<li><strong>Une Arm\u00e9e Europ\u00e9enne Unique :<\/strong> Au-del\u00e0 de la simple coop\u00e9ration, cela signifierait un commandement centralis\u00e9, une doctrine militaire commune et des forces capables d&rsquo;intervenir de fa\u00e7on autonome.<\/li>\n\n\n\n<li><strong>Dissuasion Nucl\u00e9aire :<\/strong> La question de l&rsquo;extension de la force de frappe fran\u00e7aise \u00e0 l&rsquo;\u00e9chelle du continent deviendrait centrale pour garantir une ind\u00e9pendance totale vis-\u00e0-vis des puissances ext\u00e9rieures.<\/li>\n\n\n\n<li><strong>Une Industrie de D\u00e9fense Unifi\u00e9e :<\/strong> Fin de la concurrence entre les constructeurs nationaux (Rafale vs Eurofighter). Le continent produirait ses propres avions, chars et syst\u00e8mes de cybers\u00e9curit\u00e9, garantissant une ind\u00e9pendance technologique totale.<\/li>\n<\/ul>\n\n\n\n<h5 class=\"wp-block-heading\">2. Des Institutions : Passer du Consensus \u00e0 la Puissance<\/h5>\n\n\n\n<p class=\"wp-block-paragraph\">Aujourd&rsquo;hui, l&rsquo;Europe est souvent paralys\u00e9e par la r\u00e8gle de l&rsquo;unanimit\u00e9. Une Europe souveraine exigerait une r\u00e9forme politique majeure.<\/p>\n\n\n\n<ul class=\"wp-block-list\">\n<li><strong>Fin du Droit de Veto :<\/strong> Les d\u00e9cisions de politique \u00e9trang\u00e8re et de fiscalit\u00e9 se prendraient \u00e0 la majorit\u00e9 qualifi\u00e9e, emp\u00eachant un seul \u00c9tat de bloquer l&rsquo;int\u00e9r\u00eat g\u00e9n\u00e9ral.<\/li>\n\n\n\n<li><strong>Un Ex\u00e9cutif Fort :<\/strong> Un \u00ab\u00a0Pr\u00e9sident de l&rsquo;Europe\u00a0\u00bb \u00e9lu ou un renforcement massif de la Commission, agissant comme un v\u00e9ritable gouvernement capable de parler d&rsquo;une seule voix face aux \u00c9tats-Unis ou \u00e0 la Chine.<\/li>\n\n\n\n<li><strong>L\u00e9gitimit\u00e9 D\u00e9mocratique :<\/strong> Pour que les citoyens acceptent ce transfert de souverainet\u00e9, le Parlement europ\u00e9en devrait disposer de pouvoirs accrus, notamment le droit d&rsquo;initiative l\u00e9gislative.<\/li>\n<\/ul>\n\n\n\n<h5 class=\"wp-block-heading\">3. Une \u00c9conomie : Le Protectionnisme de Puissance<\/h5>\n\n\n\n<p class=\"wp-block-paragraph\">La souverainet\u00e9 \u00e9conomique consisterait \u00e0 transformer le \u00ab\u00a0march\u00e9 ouvert\u00a0\u00bb en une \u00ab\u00a0forteresse industrielle\u00a0\u00bb.<\/p>\n\n\n\n<figure class=\"wp-block-table\"><table class=\"has-fixed-layout\"><thead><tr><td><strong>Domaine<\/strong><strong><\/strong><\/td><td><strong>Caract\u00e9ristiques d&rsquo;une Europe Souveraine<\/strong><strong><\/strong><\/td><\/tr><\/thead><tbody><tr><td><strong>Monnaie<\/strong><\/td><td>L&rsquo;Euro deviendrait une monnaie de r\u00e9serve mondiale capable de rivaliser avec le Dollar pour les transactions p\u00e9troli\u00e8res et technologiques.<\/td><\/tr><tr><td><strong>\u00c9nergie<\/strong><\/td><td>Une ind\u00e9pendance totale via un mix d\u00e9carbon\u00e9 (nucl\u00e9aire et renouvelables) et un r\u00e9seau interconnect\u00e9, supprimant la d\u00e9pendance aux hydrocarbures import\u00e9s.<\/td><\/tr><tr><td><strong>Technologie<\/strong><\/td><td>Cr\u00e9ation de g\u00e9ants du num\u00e9rique (Cloud, IA, Semi-conducteurs) pour ne plus d\u00e9pendre des infrastructures \u00e9trang\u00e8res (GAFAM).<\/td><\/tr><tr><td><strong>Commerce<\/strong><\/td><td>Application d&rsquo;une stricte r\u00e9ciprocit\u00e9 commerciale : l&rsquo;Europe n&rsquo;ouvrirait ses march\u00e9s qu&rsquo;aux pays respectant ses propres normes sociales et environnementales.<\/td><\/tr><\/tbody><\/table><\/figure>\n\n\n\n<h5 class=\"wp-block-heading\">Le d\u00e9fi de l&rsquo;identit\u00e9<\/h5>\n\n\n\n<p class=\"wp-block-paragraph\">Le principal obstacle \u00e0 ce sc\u00e9nario reste la <strong>diversit\u00e9 nationale<\/strong>. Une Europe souveraine demande aux \u00c9tats membres de renoncer \u00e0 une partie de leur histoire propre pour construire une puissance collective. C&rsquo;est le passage d&rsquo;une \u00ab\u00a0Europe des nations\u00a0\u00bb \u00e0 une \u00ab\u00a0Nation Europe\u00a0\u00bb, ou du moins \u00e0 un \u00c9tat f\u00e9d\u00e9ral puissant.<\/p>\n\n\n\n<p class=\"wp-block-paragraph\"><\/p>\n","protected":false},"excerpt":{"rendered":"<p>L&rsquo;id\u00e9e d&rsquo;une Europe \u00ab vraiment souveraine \u00bb est un concept qui agite les chancelleries depuis des d\u00e9cennies. Pour qu\u2019elle passe du stade de projet politique \u00e0 celui de r\u00e9alit\u00e9 tangible, cela impliquerait une mutation profonde de ses structures actuelles. Voici \u00e0 quoi pourrait ressembler cette Europe, structur\u00e9e autour de ses trois piliers fondamentaux. 1. Une [&hellip;]<\/p>\n","protected":false},"author":1,"featured_media":0,"comment_status":"open","ping_status":"open","sticky":false,"template":"","format":"standard","meta":{"_monsterinsights_skip_tracking":false,"_uf_show_specific_survey":0,"_uf_disable_surveys":false,"footnotes":""},"categories":[55],"tags":[],"class_list":["post-2845","post","type-post","status-publish","format-standard","hentry","category-souverainisme-europeen"],"_links":{"self":[{"href":"https:\/\/droitemoderniste.be\/index.php\/wp-json\/wp\/v2\/posts\/2845","targetHints":{"allow":["GET"]}}],"collection":[{"href":"https:\/\/droitemoderniste.be\/index.php\/wp-json\/wp\/v2\/posts"}],"about":[{"href":"https:\/\/droitemoderniste.be\/index.php\/wp-json\/wp\/v2\/types\/post"}],"author":[{"embeddable":true,"href":"https:\/\/droitemoderniste.be\/index.php\/wp-json\/wp\/v2\/users\/1"}],"replies":[{"embeddable":true,"href":"https:\/\/droitemoderniste.be\/index.php\/wp-json\/wp\/v2\/comments?post=2845"}],"version-history":[{"count":1,"href":"https:\/\/droitemoderniste.be\/index.php\/wp-json\/wp\/v2\/posts\/2845\/revisions"}],"predecessor-version":[{"id":2847,"href":"https:\/\/droitemoderniste.be\/index.php\/wp-json\/wp\/v2\/posts\/2845\/revisions\/2847"}],"wp:attachment":[{"href":"https:\/\/droitemoderniste.be\/index.php\/wp-json\/wp\/v2\/media?parent=2845"}],"wp:term":[{"taxonomy":"category","embeddable":true,"href":"https:\/\/droitemoderniste.be\/index.php\/wp-json\/wp\/v2\/categories?post=2845"},{"taxonomy":"post_tag","embeddable":true,"href":"https:\/\/droitemoderniste.be\/index.php\/wp-json\/wp\/v2\/tags?post=2845"}],"curies":[{"name":"wp","href":"https:\/\/api.w.org\/{rel}","templated":true}]}}