{"id":2842,"date":"2026-05-05T12:15:33","date_gmt":"2026-05-05T10:15:33","guid":{"rendered":"https:\/\/droitemoderniste.be\/?p=2842"},"modified":"2026-05-05T12:15:33","modified_gmt":"2026-05-05T10:15:33","slug":"les-europeens-veulent-ils-vraiment-payer-le-prix-de-la-puissance","status":"publish","type":"post","link":"https:\/\/droitemoderniste.be\/index.php\/2026\/05\/05\/les-europeens-veulent-ils-vraiment-payer-le-prix-de-la-puissance\/","title":{"rendered":"Les Europ\u00e9ens veulent-ils vraiment payer le prix de la puissance ?"},"content":{"rendered":"\n<figure class=\"wp-block-image size-large\"><img loading=\"lazy\" decoding=\"async\" width=\"683\" height=\"1024\" src=\"https:\/\/droitemoderniste.be\/wp-content\/uploads\/2026\/05\/Europe-puissance-683x1024.png\" alt=\"\" class=\"wp-image-2843\" srcset=\"https:\/\/droitemoderniste.be\/wp-content\/uploads\/2026\/05\/Europe-puissance-683x1024.png 683w, https:\/\/droitemoderniste.be\/wp-content\/uploads\/2026\/05\/Europe-puissance-200x300.png 200w, https:\/\/droitemoderniste.be\/wp-content\/uploads\/2026\/05\/Europe-puissance-768x1152.png 768w, https:\/\/droitemoderniste.be\/wp-content\/uploads\/2026\/05\/Europe-puissance.png 1024w\" sizes=\"auto, (max-width: 683px) 100vw, 683px\" \/><\/figure>\n\n\n\n<p class=\"wp-block-paragraph\">Le concept d&rsquo;une <strong>\u00ab Europe puissance \u00bb<\/strong> \u2014 une Union Europ\u00e9enne capable d\u2019agir de mani\u00e8re autonome sur la sc\u00e8ne internationale sans d\u00e9pendre syst\u00e9matiquement des \u00c9tats-Unis \u2014 est au c\u0153ur des d\u00e9bats g\u00e9opolitiques depuis des d\u00e9cennies.<\/p>\n\n\n\n<p class=\"wp-block-paragraph\">Entre id\u00e9al f\u00e9d\u00e9raliste et r\u00e9alit\u00e9 de terrain, voici une analyse des forces en pr\u00e9sence.<\/p>\n\n\n\n<h5 class=\"wp-block-heading\">1. Les fondements d&rsquo;une possible autonomie<\/h5>\n\n\n\n<p class=\"wp-block-paragraph\">L&rsquo;id\u00e9e que l&rsquo;Europe puisse devenir un acteur souverain repose sur des atouts concrets qui ne sont pas illusoires :<\/p>\n\n\n\n<ul class=\"wp-block-list\">\n<li><strong>Poids \u00e9conomique et normatif :<\/strong> L&rsquo;UE est le premier bloc commercial au monde. Elle exerce ce qu&rsquo;on appelle l&rsquo;<strong>\u00ab Effet Bruxelles \u00bb<\/strong> : sa capacit\u00e9 \u00e0 imposer ses normes (RGPD, environnement, chargeurs universels) au reste de la plan\u00e8te.<\/li>\n\n\n\n<li><strong>Souverainet\u00e9 technologique et industrielle :<\/strong> Des projets comme <strong>Airbus<\/strong>, <strong>Galileo<\/strong> (le GPS europ\u00e9en) ou les alliances sur les batteries et les semi-conducteurs prouvent que l&rsquo;Europe peut briser des monopoles ext\u00e9rieurs.<\/li>\n\n\n\n<li><strong>Changement de paradigme (le \u00ab r\u00e9veil \u00bb) :<\/strong> Depuis 2022 et le retour de la guerre sur le continent, la n\u00e9cessit\u00e9 d&rsquo;une d\u00e9fense commune n&rsquo;est plus une id\u00e9e abstraite. La cr\u00e9ation du Fonds europ\u00e9en de la d\u00e9fense montre une volont\u00e9 d&rsquo;int\u00e9gration militaire in\u00e9dite.<\/li>\n<\/ul>\n\n\n\n<h5 class=\"wp-block-heading\">2. Les obstacles : Pourquoi certains parlent d&rsquo;illusion<\/h5>\n\n\n\n<p class=\"wp-block-paragraph\">Si le projet pi\u00e9tine, c&rsquo;est en raison de limites structurelles profondes :<\/p>\n\n\n\n<h6 class=\"wp-block-heading\">A. La d\u00e9pendance s\u00e9curitaire (L&rsquo;OTAN)<\/h6>\n\n\n\n<p class=\"wp-block-paragraph\">La majorit\u00e9 des \u00c9tats membres, particuli\u00e8rement \u00e0 l&rsquo;Est, consid\u00e8rent que seule la garantie de s\u00e9curit\u00e9 am\u00e9ricaine (via l&rsquo;OTAN) est cr\u00e9dible face \u00e0 la Russie. Pour ces pays, l&rsquo;autonomie strat\u00e9gique fran\u00e7aise est parfois per\u00e7ue comme une tentative de domination de Paris ou, pire, comme un risque de d\u00e9sengagement des \u00c9tats-Unis.<\/p>\n\n\n\n<h6 class=\"wp-block-heading\">B. L&rsquo;absence d&rsquo;unit\u00e9 politique<\/h6>\n\n\n\n<p class=\"wp-block-paragraph\">L&rsquo;Europe n&rsquo;est pas un \u00c9tat, mais une union de <strong>27 int\u00e9r\u00eats nationaux<\/strong>.<\/p>\n\n\n\n<ul class=\"wp-block-list\">\n<li><strong>L&rsquo;\u00e9nergie :<\/strong> L&rsquo;Allemagne a longtemps privil\u00e9gi\u00e9 le gaz russe, tandis que la France misait sur le nucl\u00e9aire.<\/li>\n\n\n\n<li><strong>La diplomatie :<\/strong> Les positions divergent souvent sur les dossiers majeurs (Chine, Proche-Orient). Sans une voix unique, la \u00ab puissance \u00bb reste morcel\u00e9e.<\/li>\n<\/ul>\n\n\n\n<h6 class=\"wp-block-heading\">C. Le d\u00e9ficit de culture militaire<\/h6>\n\n\n\n<p class=\"wp-block-paragraph\">Contrairement aux \u00c9tats-Unis ou \u00e0 la Chine, l&rsquo;UE est construite sur un projet de paix et de commerce. Passer d&rsquo;une \u00ab puissance douce \u00bb (<em>Soft Power<\/em>) \u00e0 une \u00ab puissance dure \u00bb (<em>Hard Power<\/em>) demande des investissements massifs et une acceptation psychologique du rapport de force que tous les citoyens europ\u00e9ens ne partagent pas.<\/p>\n\n\n\n<h5 class=\"wp-block-heading\">3. Une troisi\u00e8me voie ?<\/h5>\n\n\n\n<p class=\"wp-block-paragraph\">Plut\u00f4t qu&rsquo;une alternative binaire (Puissance totale vs Illusion), la r\u00e9alit\u00e9 semble s&rsquo;orienter vers une <strong>autonomie s\u00e9lective<\/strong>.<\/p>\n\n\n\n<figure class=\"wp-block-table\"><table class=\"has-fixed-layout\"><thead><tr><td><strong>Domaine<\/strong><strong><\/strong><\/td><td><strong>\u00c9tat actuel<\/strong><strong><\/strong><\/td><td><strong>Potentiel de puissance<\/strong><strong><\/strong><\/td><\/tr><\/thead><tbody><tr><td><strong>\u00c9conomie<\/strong><\/td><td>Tr\u00e8s \u00e9lev\u00e9<\/td><td>D\u00e9j\u00e0 une superpuissance<\/td><\/tr><tr><td><strong>Technologie<\/strong><\/td><td>Moyen<\/td><td>En rattrapage (IA, Cloud)<\/td><\/tr><tr><td><strong>D\u00e9fense<\/strong><\/td><td>Faible<\/td><td>D\u00e9pendante de l&rsquo;OTAN<\/td><\/tr><tr><td><strong>Diplomatie<\/strong><\/td><td>Fragment\u00e9<\/td><td>Influence par le droit et l&rsquo;aide<\/td><\/tr><\/tbody><\/table><\/figure>\n\n\n\n<h5 class=\"wp-block-heading\">Conclusion<\/h5>\n\n\n\n<p class=\"wp-block-paragraph\">L&rsquo;Europe puissance n&rsquo;est pas une illusion si on la d\u00e9finit comme la capacit\u00e9 de <strong>choisir ses partenaires<\/strong> plut\u00f4t que de subir les d\u00e9cisions de Washington ou de P\u00e9kin. Cependant, elle reste un projet inabouti tant que l&rsquo;Europe n&rsquo;aura pas r\u00e9solu son paradoxe fondamental : vouloir peser dans le monde sans sacrifier une part de souverainet\u00e9 nationale au profit d&rsquo;un commandement centralis\u00e9.<\/p>\n\n\n\n<p class=\"wp-block-paragraph\"><strong>L&rsquo;autonomie n&rsquo;est pas un \u00e9tat de fait, c&rsquo;est un muscle qui s&rsquo;exerce.<\/strong> Plus l&rsquo;UE investit dans sa propre d\u00e9fense et ses technologies, plus l&rsquo;illusion s&rsquo;efface devant la r\u00e9alit\u00e9.<\/p>\n","protected":false},"excerpt":{"rendered":"<p>Le concept d&rsquo;une \u00ab Europe puissance \u00bb \u2014 une Union Europ\u00e9enne capable d\u2019agir de mani\u00e8re autonome sur la sc\u00e8ne internationale sans d\u00e9pendre syst\u00e9matiquement des \u00c9tats-Unis \u2014 est au c\u0153ur des d\u00e9bats g\u00e9opolitiques depuis des d\u00e9cennies. Entre id\u00e9al f\u00e9d\u00e9raliste et r\u00e9alit\u00e9 de terrain, voici une analyse des forces en pr\u00e9sence. 1. Les fondements d&rsquo;une possible autonomie [&hellip;]<\/p>\n","protected":false},"author":1,"featured_media":0,"comment_status":"open","ping_status":"open","sticky":false,"template":"","format":"standard","meta":{"_monsterinsights_skip_tracking":false,"_uf_show_specific_survey":0,"_uf_disable_surveys":false,"footnotes":""},"categories":[55],"tags":[],"class_list":["post-2842","post","type-post","status-publish","format-standard","hentry","category-souverainisme-europeen"],"_links":{"self":[{"href":"https:\/\/droitemoderniste.be\/index.php\/wp-json\/wp\/v2\/posts\/2842","targetHints":{"allow":["GET"]}}],"collection":[{"href":"https:\/\/droitemoderniste.be\/index.php\/wp-json\/wp\/v2\/posts"}],"about":[{"href":"https:\/\/droitemoderniste.be\/index.php\/wp-json\/wp\/v2\/types\/post"}],"author":[{"embeddable":true,"href":"https:\/\/droitemoderniste.be\/index.php\/wp-json\/wp\/v2\/users\/1"}],"replies":[{"embeddable":true,"href":"https:\/\/droitemoderniste.be\/index.php\/wp-json\/wp\/v2\/comments?post=2842"}],"version-history":[{"count":1,"href":"https:\/\/droitemoderniste.be\/index.php\/wp-json\/wp\/v2\/posts\/2842\/revisions"}],"predecessor-version":[{"id":2844,"href":"https:\/\/droitemoderniste.be\/index.php\/wp-json\/wp\/v2\/posts\/2842\/revisions\/2844"}],"wp:attachment":[{"href":"https:\/\/droitemoderniste.be\/index.php\/wp-json\/wp\/v2\/media?parent=2842"}],"wp:term":[{"taxonomy":"category","embeddable":true,"href":"https:\/\/droitemoderniste.be\/index.php\/wp-json\/wp\/v2\/categories?post=2842"},{"taxonomy":"post_tag","embeddable":true,"href":"https:\/\/droitemoderniste.be\/index.php\/wp-json\/wp\/v2\/tags?post=2842"}],"curies":[{"name":"wp","href":"https:\/\/api.w.org\/{rel}","templated":true}]}}