{"id":2839,"date":"2026-05-04T09:23:26","date_gmt":"2026-05-04T07:23:26","guid":{"rendered":"https:\/\/droitemoderniste.be\/?p=2839"},"modified":"2026-05-04T09:23:26","modified_gmt":"2026-05-04T07:23:26","slug":"a-quoi-ressemblerait-une-europe-vraiment-souveraine-armee-institutions-economie","status":"publish","type":"post","link":"https:\/\/droitemoderniste.be\/index.php\/2026\/05\/04\/a-quoi-ressemblerait-une-europe-vraiment-souveraine-armee-institutions-economie\/","title":{"rendered":"A quoi ressemblerait une Europe vraiment souveraine (arm\u00e9e, institutions, \u00e9conomie)?"},"content":{"rendered":"\n<figure class=\"wp-block-image size-large\"><img loading=\"lazy\" decoding=\"async\" width=\"1024\" height=\"683\" src=\"https:\/\/droitemoderniste.be\/wp-content\/uploads\/2026\/05\/souverainisme-europeen-1024x683.png\" alt=\"\" class=\"wp-image-2840\" srcset=\"https:\/\/droitemoderniste.be\/wp-content\/uploads\/2026\/05\/souverainisme-europeen-1024x683.png 1024w, https:\/\/droitemoderniste.be\/wp-content\/uploads\/2026\/05\/souverainisme-europeen-300x200.png 300w, https:\/\/droitemoderniste.be\/wp-content\/uploads\/2026\/05\/souverainisme-europeen-768x512.png 768w, https:\/\/droitemoderniste.be\/wp-content\/uploads\/2026\/05\/souverainisme-europeen.png 1536w\" sizes=\"auto, (max-width: 1024px) 100vw, 1024px\" \/><\/figure>\n\n\n\n<p class=\"wp-block-paragraph\">Une \u201cEurope vraiment souveraine\u201d ne serait pas juste une version un peu renforc\u00e9e de l\u2019actuelle Union europ\u00e9enne. Ce serait une transformation profonde \u2014 presque un changement de nature : on passerait d\u2019une union d\u2019\u00c9tats \u00e0 une <strong>puissance politique int\u00e9gr\u00e9e<\/strong>.<\/p>\n\n\n\n<h5 class=\"wp-block-heading\">1. Une arm\u00e9e europ\u00e9enne r\u00e9elle (et pas symbolique)<\/h5>\n\n\n\n<p class=\"wp-block-paragraph\">Aujourd\u2019hui, la s\u00e9curit\u00e9 repose largement sur l\u2019OTAN. Une Europe souveraine changerait cela.<\/p>\n\n\n\n<h6 class=\"wp-block-heading\">Concr\u00e8tement :<\/h6>\n\n\n\n<ul class=\"wp-block-list\">\n<li><strong>Commandement militaire unifi\u00e9<\/strong> (\u00e9quivalent d\u2019un \u201cPentagone europ\u00e9en\u201d)<\/li>\n\n\n\n<li><strong>Arm\u00e9e permanente europ\u00e9enne<\/strong> (pas juste coordination d\u2019arm\u00e9es nationales)<\/li>\n\n\n\n<li><strong>Industrie de d\u00e9fense int\u00e9gr\u00e9e<\/strong> (avions, drones, missiles 100 % europ\u00e9ens)<\/li>\n\n\n\n<li><strong>Capacit\u00e9 nucl\u00e9aire europ\u00e9enne<\/strong> (probablement autour de la dissuasion fran\u00e7aise mutualis\u00e9e)<\/li>\n<\/ul>\n\n\n\n<p class=\"wp-block-paragraph\">Objectif : pouvoir intervenir <strong>sans d\u00e9pendre des \u00c9tats-Unis<\/strong><\/p>\n\n\n\n<p class=\"wp-block-paragraph\">Probl\u00e8me majeur :<\/p>\n\n\n\n<ul class=\"wp-block-list\">\n<li>Qui d\u00e9cide d\u2019envoyer des soldats ?<\/li>\n\n\n\n<li>Un pays accepterait-il de mourir pour un autre ?<\/li>\n<\/ul>\n\n\n\n<h5 class=\"wp-block-heading\">2. Des institutions politiques beaucoup plus f\u00e9d\u00e9rales<\/h5>\n\n\n\n<p class=\"wp-block-paragraph\">Aujourd\u2019hui, l\u2019UE est un compromis. Une Europe souveraine serait plus proche d\u2019un \u00c9tat.<\/p>\n\n\n\n<h3 class=\"wp-block-heading\">Transformations cl\u00e9s :<\/h3>\n\n\n\n<ul class=\"wp-block-list\">\n<li><strong>Un ex\u00e9cutif fort<\/strong> (quasi-gouvernement europ\u00e9en)<\/li>\n\n\n\n<li>Un Parlement avec <strong>v\u00e9ritable pouvoir l\u00e9gislatif complet<\/strong><\/li>\n\n\n\n<li>Fin de l\u2019unanimit\u00e9 sur les sujets cl\u00e9s (diplomatie, d\u00e9fense)<\/li>\n\n\n\n<li><strong>Politique \u00e9trang\u00e8re unique<\/strong><\/li>\n<\/ul>\n\n\n\n<p class=\"wp-block-paragraph\">Une seule voix face \u00e0 :<\/p>\n\n\n\n<ul class=\"wp-block-list\">\n<li>la Chine<\/li>\n\n\n\n<li>la Russie<\/li>\n\n\n\n<li>les \u00c9tats-Unis<\/li>\n<\/ul>\n\n\n\n<p class=\"wp-block-paragraph\">Tension majeure :<\/p>\n\n\n\n<ul class=\"wp-block-list\">\n<li>perte de souverainet\u00e9 des \u00c9tats<\/li>\n\n\n\n<li>risque de rejet d\u00e9mocratique<\/li>\n<\/ul>\n\n\n\n<h5 class=\"wp-block-heading\">3. Une \u00e9conomie strat\u00e9giquement autonome<\/h5>\n\n\n\n<p class=\"wp-block-paragraph\">Pas une autarcie, mais une \u00e9conomie qui ne peut pas \u00eatre \u201cprise en otage\u201d.<\/p>\n\n\n\n<h6 class=\"wp-block-heading\">Les piliers :<\/h6>\n\n\n\n<h6 class=\"wp-block-heading\">\u00c9nergie<\/h6>\n\n\n\n<ul class=\"wp-block-list\">\n<li>ind\u00e9pendance vis-\u00e0-vis de fournisseurs instables<\/li>\n\n\n\n<li>mix : nucl\u00e9aire, renouvelables, stockage<\/li>\n<\/ul>\n\n\n\n<h6 class=\"wp-block-heading\">Industrie<\/h6>\n\n\n\n<ul class=\"wp-block-list\">\n<li>relocalisation partielle des secteurs critiques<\/li>\n\n\n\n<li>champions industriels europ\u00e9ens (tech, d\u00e9fense, sant\u00e9)<\/li>\n<\/ul>\n\n\n\n<h6 class=\"wp-block-heading\">Technologie<\/h6>\n\n\n\n<ul class=\"wp-block-list\">\n<li>semi-conducteurs europ\u00e9ens<\/li>\n\n\n\n<li><em>cloud <\/em>et IA souverains<\/li>\n\n\n\n<li>r\u00e9duction d\u00e9pendance aux g\u00e9ants am\u00e9ricains et chinois<\/li>\n<\/ul>\n\n\n\n<p class=\"wp-block-paragraph\">Objectif : \u00e9viter les vuln\u00e9rabilit\u00e9s syst\u00e9miques<\/p>\n\n\n\n<h5 class=\"wp-block-heading\">4. Une doctrine g\u00e9opolitique claire<\/h5>\n\n\n\n<p class=\"wp-block-paragraph\">Aujourd\u2019hui, l\u2019Europe h\u00e9site souvent. Une Europe souveraine devrait assumer une ligne.<\/p>\n\n\n\n<h6 class=\"wp-block-heading\">Cela implique :<\/h6>\n\n\n\n<ul class=\"wp-block-list\">\n<li>d\u00e9finir ses <strong>int\u00e9r\u00eats strat\u00e9giques propres<\/strong><\/li>\n\n\n\n<li>accepter le rapport de force (sanctions, puissance militaire)<\/li>\n\n\n\n<li>stabiliser son voisinage (Afrique, Moyen-Orient, Balkans)<\/li>\n<\/ul>\n\n\n\n<p class=\"wp-block-paragraph\">En clair : passer d\u2019une \u201cpuissance normative\u201d \u00e0 une <strong>puissance politique compl\u00e8te<\/strong><\/p>\n\n\n\n<h5 class=\"wp-block-heading\">5. Une identit\u00e9 politique europ\u00e9enne assum\u00e9e<\/h5>\n\n\n\n<p class=\"wp-block-paragraph\">C\u2019est le point le plus sous-estim\u00e9 \u2014 et le plus difficile.<\/p>\n\n\n\n<p class=\"wp-block-paragraph\">Une Europe souveraine n\u00e9cessiterait :<\/p>\n\n\n\n<ul class=\"wp-block-list\">\n<li>un <strong>sentiment d\u2019appartenance commun<\/strong><\/li>\n\n\n\n<li>une l\u00e9gitimit\u00e9 d\u00e9mocratique forte<\/li>\n\n\n\n<li>une acceptation du \u201cdestin partag\u00e9\u201d<\/li>\n<\/ul>\n\n\n\n<p class=\"wp-block-paragraph\">Sans cela, tout le reste reste fragile.<\/p>\n\n\n\n<h5 class=\"wp-block-heading\">6. Le co\u00fbt r\u00e9el (souvent oubli\u00e9)<\/h5>\n\n\n\n<p class=\"wp-block-paragraph\">Une telle transformation impliquerait :<\/p>\n\n\n\n<ul class=\"wp-block-list\">\n<li>hausse massive des budgets militaires<\/li>\n\n\n\n<li>transferts de souverainet\u00e9 importants<\/li>\n\n\n\n<li>conflits politiques internes<\/li>\n\n\n\n<li>possibles fractures entre \u00c9tats membres<\/li>\n<\/ul>\n\n\n\n<p class=\"wp-block-paragraph\">Ce n\u2019est pas un projet \u201ctechnique\u201d, c\u2019est un <strong>choix civilisationnel<\/strong><\/p>\n\n\n\n<h5 class=\"wp-block-heading\">Conclusion<\/h5>\n\n\n\n<p class=\"wp-block-paragraph\">Une Europe vraiment souveraine serait :<\/p>\n\n\n\n<p class=\"wp-block-paragraph\">\u27a1 <strong>Militairement autonome<\/strong><br>\u27a1 <strong>Politiquement int\u00e9gr\u00e9e<\/strong><br>\u27a1 <strong>\u00c9conomiquement r\u00e9siliente<\/strong><br>\u27a1 <strong>G\u00e9opolitiquement affirm\u00e9e<\/strong><\/p>\n\n\n\n<p class=\"wp-block-paragraph\">Mais surtout :<\/p>\n\n\n\n<p class=\"wp-block-paragraph\">Ce ne serait plus tout \u00e0 fait l\u2019Europe actuelle<br>Ce serait une forme de <strong>f\u00e9d\u00e9ration europ\u00e9enne<\/strong><\/p>\n\n\n\n<p class=\"wp-block-paragraph\">La vraie question n\u2019est donc pas seulement \u201c<em>est-ce possible ?<\/em>\u201d<br>mais :<\/p>\n\n\n\n<p class=\"wp-block-paragraph\">\u201c<em>Les Europ\u00e9ens veulent-ils vraiment payer le prix de la puissance ?<\/em>\u201d<\/p>\n","protected":false},"excerpt":{"rendered":"<p>Une \u201cEurope vraiment souveraine\u201d ne serait pas juste une version un peu renforc\u00e9e de l\u2019actuelle Union europ\u00e9enne. Ce serait une transformation profonde \u2014 presque un changement de nature : on passerait d\u2019une union d\u2019\u00c9tats \u00e0 une puissance politique int\u00e9gr\u00e9e. 1. Une arm\u00e9e europ\u00e9enne r\u00e9elle (et pas symbolique) Aujourd\u2019hui, la s\u00e9curit\u00e9 repose largement sur l\u2019OTAN. Une [&hellip;]<\/p>\n","protected":false},"author":1,"featured_media":0,"comment_status":"open","ping_status":"open","sticky":false,"template":"","format":"standard","meta":{"_monsterinsights_skip_tracking":false,"_uf_show_specific_survey":0,"_uf_disable_surveys":false,"footnotes":""},"categories":[55],"tags":[],"class_list":["post-2839","post","type-post","status-publish","format-standard","hentry","category-souverainisme-europeen"],"_links":{"self":[{"href":"https:\/\/droitemoderniste.be\/index.php\/wp-json\/wp\/v2\/posts\/2839","targetHints":{"allow":["GET"]}}],"collection":[{"href":"https:\/\/droitemoderniste.be\/index.php\/wp-json\/wp\/v2\/posts"}],"about":[{"href":"https:\/\/droitemoderniste.be\/index.php\/wp-json\/wp\/v2\/types\/post"}],"author":[{"embeddable":true,"href":"https:\/\/droitemoderniste.be\/index.php\/wp-json\/wp\/v2\/users\/1"}],"replies":[{"embeddable":true,"href":"https:\/\/droitemoderniste.be\/index.php\/wp-json\/wp\/v2\/comments?post=2839"}],"version-history":[{"count":1,"href":"https:\/\/droitemoderniste.be\/index.php\/wp-json\/wp\/v2\/posts\/2839\/revisions"}],"predecessor-version":[{"id":2841,"href":"https:\/\/droitemoderniste.be\/index.php\/wp-json\/wp\/v2\/posts\/2839\/revisions\/2841"}],"wp:attachment":[{"href":"https:\/\/droitemoderniste.be\/index.php\/wp-json\/wp\/v2\/media?parent=2839"}],"wp:term":[{"taxonomy":"category","embeddable":true,"href":"https:\/\/droitemoderniste.be\/index.php\/wp-json\/wp\/v2\/categories?post=2839"},{"taxonomy":"post_tag","embeddable":true,"href":"https:\/\/droitemoderniste.be\/index.php\/wp-json\/wp\/v2\/tags?post=2839"}],"curies":[{"name":"wp","href":"https:\/\/api.w.org\/{rel}","templated":true}]}}