{"id":2836,"date":"2026-05-03T10:34:10","date_gmt":"2026-05-03T08:34:10","guid":{"rendered":"https:\/\/droitemoderniste.be\/?p=2836"},"modified":"2026-05-03T10:34:10","modified_gmt":"2026-05-03T08:34:10","slug":"une-europe-puissance-reellement-autonome-est-elle-possible-ou-est-ce-une-illusion-strategique","status":"publish","type":"post","link":"https:\/\/droitemoderniste.be\/index.php\/2026\/05\/03\/une-europe-puissance-reellement-autonome-est-elle-possible-ou-est-ce-une-illusion-strategique\/","title":{"rendered":"Une \u00ab\u00a0Europe puissance\u00a0\u00bb r\u00e9ellement autonome est-elle possible ou est-ce une illusion strat\u00e9gique?"},"content":{"rendered":"\n<figure class=\"wp-block-image size-large\"><img loading=\"lazy\" decoding=\"async\" width=\"1024\" height=\"683\" src=\"https:\/\/droitemoderniste.be\/wp-content\/uploads\/2026\/05\/Europe-puissance-autonome-1024x683.png\" alt=\"\" class=\"wp-image-2837\" srcset=\"https:\/\/droitemoderniste.be\/wp-content\/uploads\/2026\/05\/Europe-puissance-autonome-1024x683.png 1024w, https:\/\/droitemoderniste.be\/wp-content\/uploads\/2026\/05\/Europe-puissance-autonome-300x200.png 300w, https:\/\/droitemoderniste.be\/wp-content\/uploads\/2026\/05\/Europe-puissance-autonome-768x512.png 768w, https:\/\/droitemoderniste.be\/wp-content\/uploads\/2026\/05\/Europe-puissance-autonome.png 1536w\" sizes=\"auto, (max-width: 1024px) 100vw, 1024px\" \/><\/figure>\n\n\n\n<p class=\"wp-block-paragraph\">La formule \u201cEurope puissance\u201d fait r\u00eaver\u2026 mais prise au sens d\u2019une <strong>autonomie strat\u00e9gique compl\u00e8te<\/strong>, elle fr\u00f4le aujourd\u2019hui l\u2019illusion. En revanche, une <strong>autonomie partielle et cr\u00e9dible<\/strong> est tout \u00e0 fait possible. Tout d\u00e9pend de ce qu\u2019on entend par \u201cautonome\u201d.<\/p>\n\n\n\n<h5 class=\"wp-block-heading\">1. L\u2019autonomie totale : un objectif peu r\u00e9aliste<\/h5>\n\n\n\n<p class=\"wp-block-paragraph\">Une Europe totalement ind\u00e9pendante \u2014 militaire, \u00e9nerg\u00e9tique, technologique et diplomatique \u2014 se heurte \u00e0 plusieurs obstacles structurels.<\/p>\n\n\n\n<h6 class=\"wp-block-heading\">Fragmentation politique<\/h6>\n\n\n\n<p class=\"wp-block-paragraph\">L\u2019Union europ\u00e9enne n\u2019est pas un \u00c9tat :<\/p>\n\n\n\n<ul class=\"wp-block-list\">\n<li>int\u00e9r\u00eats divergents (Est vs Ouest, Nord vs Sud)<\/li>\n\n\n\n<li>cultures strat\u00e9giques diff\u00e9rentes<\/li>\n\n\n\n<li>absence de politique \u00e9trang\u00e8re unifi\u00e9e forte<\/li>\n<\/ul>\n\n\n\n<p class=\"wp-block-paragraph\">Une puissance g\u00e9opolitique coh\u00e9rente n\u00e9cessite une <strong>volont\u00e9 politique centralis\u00e9e<\/strong>, qui fait d\u00e9faut.<\/p>\n\n\n\n<h6 class=\"wp-block-heading\">D\u00e9pendance s\u00e9curitaire<\/h6>\n\n\n\n<p class=\"wp-block-paragraph\">La s\u00e9curit\u00e9 europ\u00e9enne repose largement sur l\u2019OTAN :<\/p>\n\n\n\n<ul class=\"wp-block-list\">\n<li>dissuasion nucl\u00e9aire domin\u00e9e par les \u00c9tats-Unis<\/li>\n\n\n\n<li>capacit\u00e9s militaires cl\u00e9s (renseignement, logistique, projection)<\/li>\n<\/ul>\n\n\n\n<p class=\"wp-block-paragraph\">Sortir de cette d\u00e9pendance demanderait <strong>des d\u00e9cennies et des investissements massifs<\/strong>.<\/p>\n\n\n\n<h6 class=\"wp-block-heading\">Retards technologiques et industriels<\/h6>\n\n\n\n<p class=\"wp-block-paragraph\">Dans plusieurs domaines strat\u00e9giques (semi-conducteurs, cloud, d\u00e9fense) :<\/p>\n\n\n\n<ul class=\"wp-block-list\">\n<li>d\u00e9pendance aux \u00c9tats-Unis<\/li>\n\n\n\n<li>concurrence croissante de la Chine<\/li>\n<\/ul>\n\n\n\n<p class=\"wp-block-paragraph\">L\u2019autonomie compl\u00e8te supposerait une <strong>r\u00e9volution industrielle coordonn\u00e9e<\/strong>.<\/p>\n\n\n\n<h5 class=\"wp-block-heading\">2. Mais une autonomie partielle est r\u00e9aliste<\/h5>\n\n\n\n<p class=\"wp-block-paragraph\">L\u00e0 o\u00f9 \u00e7a devient int\u00e9ressant, c\u2019est qu\u2019une Europe plus puissante <strong>sans \u00eatre totalement ind\u00e9pendante<\/strong> est cr\u00e9dible.<\/p>\n\n\n\n<h6 class=\"wp-block-heading\">Autonomie strat\u00e9gique \u201cs\u00e9lective\u201d<\/h6>\n\n\n\n<p class=\"wp-block-paragraph\">L\u2019Europe peut viser :<\/p>\n\n\n\n<ul class=\"wp-block-list\">\n<li>souverainet\u00e9 \u00e9nerg\u00e9tique (diversification, renouvelables)<\/li>\n\n\n\n<li>base industrielle de d\u00e9fense renforc\u00e9e<\/li>\n\n\n\n<li>ind\u00e9pendance sur certaines technologies cl\u00e9s<\/li>\n<\/ul>\n\n\n\n<p class=\"wp-block-paragraph\">Pas tout contr\u00f4ler, mais <strong>ne plus \u00eatre vuln\u00e9rable sur l\u2019essentiel<\/strong>.<\/p>\n\n\n\n<h6 class=\"wp-block-heading\">Capacit\u00e9 d\u2019action r\u00e9gionale<\/h6>\n\n\n\n<p class=\"wp-block-paragraph\">Face \u00e0 des crises proches (Balkans, M\u00e9diterran\u00e9e, Afrique) :<\/p>\n\n\n\n<ul class=\"wp-block-list\">\n<li>l\u2019Europe peut agir sans d\u00e9pendre totalement des \u00c9tats-Unis<\/li>\n\n\n\n<li>d\u00e9velopper ses propres doctrines et moyens<\/li>\n<\/ul>\n\n\n\n<p class=\"wp-block-paragraph\">Une puissance <strong>r\u00e9gionale structurante<\/strong>, pas forc\u00e9ment globale.<\/p>\n\n\n\n<h6 class=\"wp-block-heading\">Puissance normative et \u00e9conomique<\/h6>\n\n\n\n<p class=\"wp-block-paragraph\">L\u2019Union europ\u00e9enne reste :<\/p>\n\n\n\n<ul class=\"wp-block-list\">\n<li>un g\u00e9ant commercial<\/li>\n\n\n\n<li>un standard-setter mondial (r\u00e9gulations, normes)<\/li>\n<\/ul>\n\n\n\n<p class=\"wp-block-paragraph\">Elle influence d\u00e9j\u00e0 le monde <strong>sans domination militaire classique<\/strong>.<\/p>\n\n\n\n<h5 class=\"wp-block-heading\">3. Le vrai dilemme : puissance vs mod\u00e8le europ\u00e9en<\/h5>\n\n\n\n<p class=\"wp-block-paragraph\">Une Europe pleinement autonome impliquerait :<\/p>\n\n\n\n<ul class=\"wp-block-list\">\n<li>plus de centralisation politique<\/li>\n\n\n\n<li>plus de d\u00e9penses militaires<\/li>\n\n\n\n<li>des choix g\u00e9opolitiques plus durs<\/li>\n<\/ul>\n\n\n\n<p class=\"wp-block-paragraph\">Ce qui entre parfois en tension avec :<\/p>\n\n\n\n<ul class=\"wp-block-list\">\n<li>les d\u00e9mocraties nationales<\/li>\n\n\n\n<li>les opinions publiques<\/li>\n\n\n\n<li>le mod\u00e8le social europ\u00e9en<\/li>\n<\/ul>\n\n\n\n<h5 class=\"wp-block-heading\">4. Conclusion<\/h5>\n\n\n\n<p class=\"wp-block-paragraph\">L\u2019\u201cEurope puissance\u201d <strong>totale<\/strong> est aujourd\u2019hui largement une illusion strat\u00e9gique.<br>Mais une \u201cEurope puissance <strong>relative<\/strong>\u201d est non seulement possible\u2026 mais d\u00e9j\u00e0 en construction.<\/p>\n\n\n\n<p class=\"wp-block-paragraph\">En r\u00e9alit\u00e9, la question n\u2019est pas :<\/p>\n\n\n\n<p class=\"wp-block-paragraph\">\u201c<em>L\u2019Europe peut-elle \u00eatre totalement autonome ?<\/em>\u201d<\/p>\n\n\n\n<p class=\"wp-block-paragraph\">Mais plut\u00f4t :<\/p>\n\n\n\n<p class=\"wp-block-paragraph\">\u201c<em>De quoi l\u2019Europe doit-elle absolument d\u00e9pendre\u2026 et de quoi ne doit-elle plus d\u00e9pendre ?<\/em>\u201d<\/p>\n\n\n\n<p class=\"wp-block-paragraph\"><\/p>\n","protected":false},"excerpt":{"rendered":"<p>La formule \u201cEurope puissance\u201d fait r\u00eaver\u2026 mais prise au sens d\u2019une autonomie strat\u00e9gique compl\u00e8te, elle fr\u00f4le aujourd\u2019hui l\u2019illusion. En revanche, une autonomie partielle et cr\u00e9dible est tout \u00e0 fait possible. Tout d\u00e9pend de ce qu\u2019on entend par \u201cautonome\u201d. 1. L\u2019autonomie totale : un objectif peu r\u00e9aliste Une Europe totalement ind\u00e9pendante \u2014 militaire, \u00e9nerg\u00e9tique, technologique et [&hellip;]<\/p>\n","protected":false},"author":1,"featured_media":0,"comment_status":"open","ping_status":"open","sticky":false,"template":"","format":"standard","meta":{"_monsterinsights_skip_tracking":false,"_uf_show_specific_survey":0,"_uf_disable_surveys":false,"footnotes":""},"categories":[55],"tags":[],"class_list":["post-2836","post","type-post","status-publish","format-standard","hentry","category-souverainisme-europeen"],"_links":{"self":[{"href":"https:\/\/droitemoderniste.be\/index.php\/wp-json\/wp\/v2\/posts\/2836","targetHints":{"allow":["GET"]}}],"collection":[{"href":"https:\/\/droitemoderniste.be\/index.php\/wp-json\/wp\/v2\/posts"}],"about":[{"href":"https:\/\/droitemoderniste.be\/index.php\/wp-json\/wp\/v2\/types\/post"}],"author":[{"embeddable":true,"href":"https:\/\/droitemoderniste.be\/index.php\/wp-json\/wp\/v2\/users\/1"}],"replies":[{"embeddable":true,"href":"https:\/\/droitemoderniste.be\/index.php\/wp-json\/wp\/v2\/comments?post=2836"}],"version-history":[{"count":1,"href":"https:\/\/droitemoderniste.be\/index.php\/wp-json\/wp\/v2\/posts\/2836\/revisions"}],"predecessor-version":[{"id":2838,"href":"https:\/\/droitemoderniste.be\/index.php\/wp-json\/wp\/v2\/posts\/2836\/revisions\/2838"}],"wp:attachment":[{"href":"https:\/\/droitemoderniste.be\/index.php\/wp-json\/wp\/v2\/media?parent=2836"}],"wp:term":[{"taxonomy":"category","embeddable":true,"href":"https:\/\/droitemoderniste.be\/index.php\/wp-json\/wp\/v2\/categories?post=2836"},{"taxonomy":"post_tag","embeddable":true,"href":"https:\/\/droitemoderniste.be\/index.php\/wp-json\/wp\/v2\/tags?post=2836"}],"curies":[{"name":"wp","href":"https:\/\/api.w.org\/{rel}","templated":true}]}}