{"id":2833,"date":"2026-05-02T10:20:57","date_gmt":"2026-05-02T08:20:57","guid":{"rendered":"https:\/\/droitemoderniste.be\/?p=2833"},"modified":"2026-05-02T10:20:57","modified_gmt":"2026-05-02T08:20:57","slug":"pourquoi-les-pays-deurope-centrale-et-orientale-rejettent-la-souverainete-europeenne-au-profit-dune-otan-renforcee","status":"publish","type":"post","link":"https:\/\/droitemoderniste.be\/index.php\/2026\/05\/02\/pourquoi-les-pays-deurope-centrale-et-orientale-rejettent-la-souverainete-europeenne-au-profit-dune-otan-renforcee\/","title":{"rendered":"Pourquoi les pays d&rsquo;Europe centrale et orientale rejettent la souverainet\u00e9 europ\u00e9enne au profit d&rsquo;une OTAN renforc\u00e9e\u00a0?"},"content":{"rendered":"\n<figure class=\"wp-block-image size-large\"><img loading=\"lazy\" decoding=\"async\" width=\"1024\" height=\"611\" src=\"https:\/\/droitemoderniste.be\/wp-content\/uploads\/2026\/05\/Souverainete-europeenne-vs-Otan-renforcee-1024x611.png\" alt=\"\" class=\"wp-image-2834\" srcset=\"https:\/\/droitemoderniste.be\/wp-content\/uploads\/2026\/05\/Souverainete-europeenne-vs-Otan-renforcee-1024x611.png 1024w, https:\/\/droitemoderniste.be\/wp-content\/uploads\/2026\/05\/Souverainete-europeenne-vs-Otan-renforcee-300x179.png 300w, https:\/\/droitemoderniste.be\/wp-content\/uploads\/2026\/05\/Souverainete-europeenne-vs-Otan-renforcee-768x458.png 768w, https:\/\/droitemoderniste.be\/wp-content\/uploads\/2026\/05\/Souverainete-europeenne-vs-Otan-renforcee-1536x916.png 1536w, https:\/\/droitemoderniste.be\/wp-content\/uploads\/2026\/05\/Souverainete-europeenne-vs-Otan-renforcee.png 1624w\" sizes=\"auto, (max-width: 1024px) 100vw, 1024px\" \/><\/figure>\n\n\n\n<p class=\"wp-block-paragraph\">Les pays d\u2019Europe centrale et orientale ne rejettent pas l\u2019Union europ\u00e9enne en tant que telle, mais ils privil\u00e9gient clairement un OTAN renforc\u00e9 comme garant ultime de leur survie face \u00e0 la Russie, et per\u00e7oivent la \u00ab souverainet\u00e9 europ\u00e9enne \u00bb en mati\u00e8re de d\u00e9fense comme trop incertaine, trop lente et potentiellement dangereuse si elle affaiblit le lien avec Washington.<\/p>\n\n\n\n<h6 class=\"wp-block-heading\">M\u00e9moire historique et peur existentielle de la Russie<\/h6>\n\n\n\n<p class=\"wp-block-paragraph\">Pour la Pologne, les pays baltes et une partie de l\u2019Europe centrale, la Russie reste l\u2019ennemi historique, au c\u0153ur m\u00eame de la construction de leur identit\u00e9 nationale, ce qui nourrit une perception de menace directe et existentielle. Leur g\u00e9ographie \u2013 fronti\u00e8re commune avec la Russie, la Bi\u00e9lorussie ou l\u2019Ukraine, vuln\u00e9rabilit\u00e9 du couloir de Suwa\u0142ki \u2013 renforce cette obsession de la d\u00e9fense territoriale face \u00e0 une invasion potentielle. Dans ce contexte, ils privil\u00e9gient une garantie de s\u00e9curit\u00e9 maximale et imm\u00e9diatement cr\u00e9dible plut\u00f4t qu\u2019un projet encore inachev\u00e9 d\u2019autonomie strat\u00e9gique europ\u00e9enne.<\/p>\n\n\n\n<h6 class=\"wp-block-heading\">Cr\u00e9dibilit\u00e9 militaire de l\u2019OTAN vs faiblesses de la d\u00e9fense europ\u00e9enne<\/h6>\n\n\n\n<p class=\"wp-block-paragraph\">Depuis 2017, la pr\u00e9sence avanc\u00e9e renforc\u00e9e de l\u2019OTAN \u2013 bataillons multinationaux stationn\u00e9s dans les pays baltes et en Pologne \u2013 est tr\u00e8s populaire dans la r\u00e9gion, car elle met fin au sentiment d\u2019\u00eatre des \u00ab membres de second rang \u00bb et mat\u00e9rialise la solidarit\u00e9 des alli\u00e9s. Les gouvernements d\u2019Europe centrale et orientale sont fortement r\u00e9ticents \u00e0 revenir au statu quo ante, c\u2019est\u2011\u00e0\u2011dire \u00e0 une absence de troupes de l\u2019OTAN sur leur territoire. \u00c0 l\u2019inverse, la guerre d\u2019Ukraine a mis en lumi\u00e8re l\u2019impr\u00e9paration des Europ\u00e9ens, le morcellement de leurs capacit\u00e9s et leurs divergences de visions strat\u00e9giques, ce qui fragilise la cr\u00e9dibilit\u00e9 d\u2019une d\u00e9fense strictement europ\u00e9enne \u00e0 court terme.<\/p>\n\n\n\n<h6 class=\"wp-block-heading\">Une culture strat\u00e9gique \u00ab atlantis\u00e9e \u00bb<\/h6>\n\n\n\n<p class=\"wp-block-paragraph\">Plusieurs analyses d\u00e9crivent deux visions qui s\u2019opposent : une \u00ab Europe atlantis\u00e9e \u00bb, regroupant les pays de l\u2019est et du nord qui voient dans l\u2019int\u00e9gration technologique et doctrinale avec les \u00c9tats\u2011Unis la meilleure garantie face \u00e0 Moscou, et une \u00ab Europe de l\u2019autonomie \u00bb port\u00e9e surtout par Paris. La Pologne illustre ce choix : r\u00e9armement massif, achats de F\u201135, syst\u00e8mes Patriot, int\u00e9gration \u00e0 l\u2019\u00e9cosyst\u00e8me am\u00e9ricain \u2013 tout cela renforce le flanc oriental de l\u2019OTAN, mais affaiblit en m\u00eame temps la perspective d\u2019une d\u00e9fense europ\u00e9enne int\u00e9gr\u00e9e et souveraine. Pour ces \u00c9tats, la culture strat\u00e9gique reste fondamentalement atlantiste : on fait confiance \u00e0 une alliance militaire dirig\u00e9e par les \u00c9tats\u2011Unis plut\u00f4t qu\u2019\u00e0 un projet europ\u00e9en encore flou.<\/p>\n\n\n\n<h6 class=\"wp-block-heading\">Crainte de perdre le parapluie am\u00e9ricain<\/h6>\n\n\n\n<p class=\"wp-block-paragraph\">La plupart des pays de l\u2019UE craignent que la \u00ab d\u00e9fense europ\u00e9enne \u00bb soit per\u00e7ue \u00e0 Washington comme une alternative \u00e0 l\u2019OTAN, ce qui risquerait d\u2019irriter les \u00c9tats\u2011Unis et d\u2019\u00e9loigner leur principale garantie s\u00e9curitaire. Ce risque est jug\u00e9 d\u2019autant plus inacceptable en Europe centrale et orientale que leur s\u00e9curit\u00e9 d\u00e9pend directement de la pr\u00e9sence am\u00e9ricaine sur le continent, notamment depuis que l\u2019aide d\u00e9cr\u00e8te, les pr\u00e9sences avanc\u00e9es et la dissuasion nucl\u00e9aire am\u00e9ricaine sont au c\u0153ur de la posture alli\u00e9e envers la Russie. Beaucoup d\u2019\u00c9tats europ\u00e9ens, surtout \u00e0 l\u2019est, consid\u00e8rent donc qu\u2019il faut \u00e9viter toute initiative de souverainet\u00e9 europ\u00e9enne qui pourrait acc\u00e9l\u00e9rer un d\u00e9sengagement des \u00c9tats\u2011Unis, comme le rappelle aussi le d\u00e9bat sur \u00ab l\u2019autonomie strat\u00e9gique \u00bb au sein de l\u2019UE.<\/p>\n\n\n\n<h6 class=\"wp-block-heading\">L\u2019UE pour la prosp\u00e9rit\u00e9, l\u2019OTAN pour la s\u00e9curit\u00e9<\/h6>\n\n\n\n<p class=\"wp-block-paragraph\">Historiquement, dans les pays candidats d\u2019Europe centrale et balte, l\u2019opinion publique a exprim\u00e9 un \u00ab double d\u00e9sir \u00bb : prosp\u00e9rit\u00e9 via l\u2019UE et s\u00e9curit\u00e9 via l\u2019OTAN, les deux organisations \u00e9tant per\u00e7ues comme compl\u00e9mentaires et non substituables. Aujourd\u2019hui encore, l\u2019Union est vue comme un projet de prosp\u00e9rit\u00e9, d\u2019int\u00e9gration \u00e9conomique et de normes, alors que la d\u00e9fense du territoire reste confi\u00e9e \u00e0 l\u2019Alliance atlantique, d\u2019autant plus que les perceptions de menace et les ressources militaires sont tr\u00e8s h\u00e9t\u00e9rog\u00e8nes entre \u00c9tats membres. Les dirigeants d\u2019Europe centrale et orientale n\u2019\u00ab abandonnent \u00bb donc pas l\u2019Europe, mais jugent que, tant que l\u2019UE n\u2019a ni capacit\u00e9s militaires suffisantes ni consensus strat\u00e9gique, la priorit\u00e9 doit rester \u00e0 un OTAN renforc\u00e9 plut\u00f4t qu\u2019\u00e0 une souverainet\u00e9 europ\u00e9enne incertaine face \u00e0 Moscou.<\/p>\n\n\n\n<p class=\"wp-block-paragraph\">L\u2019adh\u00e9sion de l\u2019Ukraine ne fera que renforcer le rejet de la souverainet\u00e9 europ\u00e9enne, d\u2019autant plus que le poids de l\u2019Ukraine fera pencher la balance g\u00e9opolitique de l&rsquo;UE du c\u00f4t\u00e9 des pays membres d\u2019Europe centrale et orientale. Les pays fondateurs (ceux d\u2019Europe occidentale) ne seront plus que des figurants \u00e0 qui les nouveaux membres continueront \u00e0 tondre la laine sur leur dos.<\/p>\n","protected":false},"excerpt":{"rendered":"<p>Les pays d\u2019Europe centrale et orientale ne rejettent pas l\u2019Union europ\u00e9enne en tant que telle, mais ils privil\u00e9gient clairement un OTAN renforc\u00e9 comme garant ultime de leur survie face \u00e0 la Russie, et per\u00e7oivent la \u00ab souverainet\u00e9 europ\u00e9enne \u00bb en mati\u00e8re de d\u00e9fense comme trop incertaine, trop lente et potentiellement dangereuse si elle affaiblit le [&hellip;]<\/p>\n","protected":false},"author":1,"featured_media":0,"comment_status":"open","ping_status":"open","sticky":false,"template":"","format":"standard","meta":{"_monsterinsights_skip_tracking":false,"_uf_show_specific_survey":0,"_uf_disable_surveys":false,"footnotes":""},"categories":[6,55,39],"tags":[],"class_list":["post-2833","post","type-post","status-publish","format-standard","hentry","category-otan","category-souverainisme-europeen","category-ukraine"],"_links":{"self":[{"href":"https:\/\/droitemoderniste.be\/index.php\/wp-json\/wp\/v2\/posts\/2833","targetHints":{"allow":["GET"]}}],"collection":[{"href":"https:\/\/droitemoderniste.be\/index.php\/wp-json\/wp\/v2\/posts"}],"about":[{"href":"https:\/\/droitemoderniste.be\/index.php\/wp-json\/wp\/v2\/types\/post"}],"author":[{"embeddable":true,"href":"https:\/\/droitemoderniste.be\/index.php\/wp-json\/wp\/v2\/users\/1"}],"replies":[{"embeddable":true,"href":"https:\/\/droitemoderniste.be\/index.php\/wp-json\/wp\/v2\/comments?post=2833"}],"version-history":[{"count":1,"href":"https:\/\/droitemoderniste.be\/index.php\/wp-json\/wp\/v2\/posts\/2833\/revisions"}],"predecessor-version":[{"id":2835,"href":"https:\/\/droitemoderniste.be\/index.php\/wp-json\/wp\/v2\/posts\/2833\/revisions\/2835"}],"wp:attachment":[{"href":"https:\/\/droitemoderniste.be\/index.php\/wp-json\/wp\/v2\/media?parent=2833"}],"wp:term":[{"taxonomy":"category","embeddable":true,"href":"https:\/\/droitemoderniste.be\/index.php\/wp-json\/wp\/v2\/categories?post=2833"},{"taxonomy":"post_tag","embeddable":true,"href":"https:\/\/droitemoderniste.be\/index.php\/wp-json\/wp\/v2\/tags?post=2833"}],"curies":[{"name":"wp","href":"https:\/\/api.w.org\/{rel}","templated":true}]}}