{"id":2830,"date":"2026-05-01T11:10:30","date_gmt":"2026-05-01T09:10:30","guid":{"rendered":"https:\/\/droitemoderniste.be\/?p=2830"},"modified":"2026-05-01T11:10:30","modified_gmt":"2026-05-01T09:10:30","slug":"nous-croyons-nous-voulons-nous-sommes","status":"publish","type":"post","link":"https:\/\/droitemoderniste.be\/index.php\/2026\/05\/01\/nous-croyons-nous-voulons-nous-sommes\/","title":{"rendered":"\u00ab\u00a0Nous croyons\u00a0\u00bb, \u00ab\u00a0Nous voulons\u00a0\u00bb, \u00ab\u00a0Nous sommes\u00a0\u00bb&#8230;"},"content":{"rendered":"\n<figure class=\"wp-block-image size-full\"><img loading=\"lazy\" decoding=\"async\" width=\"376\" height=\"212\" src=\"https:\/\/droitemoderniste.be\/wp-content\/uploads\/2026\/05\/bebe.webp\" alt=\"\" class=\"wp-image-2831\" srcset=\"https:\/\/droitemoderniste.be\/wp-content\/uploads\/2026\/05\/bebe.webp 376w, https:\/\/droitemoderniste.be\/wp-content\/uploads\/2026\/05\/bebe-300x169.webp 300w\" sizes=\"auto, (max-width: 376px) 100vw, 376px\" \/><\/figure>\n\n\n\n<p class=\"wp-block-paragraph\">Mesdames et Messieurs, Chers amis du Mouvement Droite Moderniste,<\/p>\n\n\n\n<p class=\"wp-block-paragraph\">Aujourd\u2019hui n\u2019est pas un jour comme les autres.<br>Aujourd\u2019hui, <strong>nous sommes sur le point d\u2019\u00e9crire une page neuve de l\u2019histoire politique belge<\/strong>.<br>Aujourd\u2019hui, <strong>nous affirmons qu\u2019une nouvelle force est n\u00e9e<\/strong>.<\/p>\n\n\n\n<p class=\"wp-block-paragraph\">Car <strong>il est temps<\/strong>.<br>Il est temps de d\u00e9passer les vieux clivages.<br>Il est temps de refuser les solutions us\u00e9es.<br>Il est temps d\u2019ouvrir un chemin que personne n\u2019avait encore os\u00e9 tracer.<\/p>\n\n\n\n<p class=\"wp-block-paragraph\">Ce chemin, c\u2019est celui du <strong>Mouvement Droite Moderniste<\/strong>.<\/p>\n\n\n\n<p class=\"wp-block-paragraph\"><strong>\u00ab Nous croyons \u00bb<\/strong><\/p>\n\n\n\n<p class=\"wp-block-paragraph\"><strong>Nous croyons<\/strong> que la Belgique m\u00e9rite une droite qui innove sans se renier.<br><strong>Nous croyons<\/strong> qu\u2019un pays ne progresse que s\u2019il assume son identit\u00e9.<br><strong>Nous croyons<\/strong> que la modernit\u00e9 n\u2019a de sens que si elle repose sur des racines solides.<br><strong>Nous croyons<\/strong> que la libert\u00e9 a besoin d\u2019un \u00c9tat strat\u00e8ge.<br><strong>Nous croyons<\/strong> que l\u2019\u00e9cologie doit \u00eatre un moteur, pas un obstacle.<br><strong>Nous croyons<\/strong> qu\u2019une immigration totalement ma\u00eetris\u00e9e est une condition de la coh\u00e9sion nationale.<br><strong>Nous croyons<\/strong> que la justice doit \u00eatre rapide, ferme et humaine.<br><strong>Nous croyons<\/strong> que l\u2019Europe doit prot\u00e9ger, pas s\u2019excuser.<br><strong>Nous croyons<\/strong> que le progr\u00e8s n\u2019est pas une option : c\u2019est un devoir.<\/p>\n\n\n\n<p class=\"wp-block-paragraph\">Et parce que <strong>nous croyons<\/strong>,<br><strong>nous agissons<\/strong>.<\/p>\n\n\n\n<p class=\"wp-block-paragraph\"><strong>\u00ab Nous voulons \u00bb<\/strong><\/p>\n\n\n\n<p class=\"wp-block-paragraph\"><strong>Nous voulons<\/strong> une Belgique plus forte, plus s\u00fbre, plus confiante.<br><strong>Nous voulons<\/strong> une \u00e9conomie dynamique, port\u00e9e par l\u2019innovation et l\u2019audace.<br><strong>Nous voulons<\/strong> une transition \u00e9cologique optimiste, fond\u00e9e sur la science et la cr\u00e9ativit\u00e9.<br><strong>Nous voulons<\/strong> un patriotisme civique qui rassemble et qui \u00e9l\u00e8ve.<br><strong>Nous voulons<\/strong> une soci\u00e9t\u00e9 qui prot\u00e8ge les plus vuln\u00e9rables, humains comme animaux.<br><strong>Nous voulons<\/strong> une Europe souveraine, capable de d\u00e9fendre ses int\u00e9r\u00eats.<br><strong>Nous voulons<\/strong> une droite moderne, exigeante, responsable.<\/p>\n\n\n\n<p class=\"wp-block-paragraph\">Et parce que <strong>nous voulons<\/strong>,<br><strong>nous avan\u00e7ons<\/strong>.<\/p>\n\n\n\n<p class=\"wp-block-paragraph\"><strong>\u00ab Nous sommes \u00bb<\/strong><\/p>\n\n\n\n<p class=\"wp-block-paragraph\"><strong>Nous sommes<\/strong> la droite de l\u2019avenir.<br><strong>Nous sommes<\/strong> la synth\u00e8se entre libert\u00e9 et justice.<br><strong>Nous sommes<\/strong> la rencontre entre innovation et tradition.<br><strong>Nous sommes<\/strong> le mouvement de l\u2019\u00c9tat strat\u00e8ge et de la soci\u00e9t\u00e9 confiante.<br><strong>Nous sommes<\/strong> les h\u00e9ritiers des valeurs qui ont construit la Belgique,<br>et les pionniers de celles qui la feront grandir.<\/p>\n\n\n\n<p class=\"wp-block-paragraph\"><strong>Nous sommes le Mouvement Droite Moderniste.<\/strong><\/p>\n\n\n\n<p class=\"wp-block-paragraph\">Chers amis, Voici venir l\u2019instant o\u00f9 une id\u00e9e devient un projet, o\u00f9 un projet devient un mouvement, o\u00f9 un mouvement devient une force.<\/p>\n\n\n\n<p class=\"wp-block-paragraph\"><strong>Une force pour r\u00e9concilier.<\/strong><br><strong>Une force pour transformer.<\/strong><br><strong>Une force pour oser.<\/strong><\/p>\n\n\n\n<p class=\"wp-block-paragraph\">Parce que oui :<br><strong>l\u2019audace d\u2019une droite moderne<\/strong>, c\u2019est maintenant.<br>Et cette audace, c\u2019est vous.<br>C\u2019est nous.<br>C\u2019est le MDM.<\/p>\n\n\n\n<p class=\"wp-block-paragraph\"><a href=\"https:\/\/www.facebook.com\/groups\/1258323105852241\">https:\/\/www.facebook.com\/groups\/1258323105852241<\/a><\/p>\n","protected":false},"excerpt":{"rendered":"<p>Mesdames et Messieurs, Chers amis du Mouvement Droite Moderniste, Aujourd\u2019hui n\u2019est pas un jour comme les autres.Aujourd\u2019hui, nous sommes sur le point d\u2019\u00e9crire une page neuve de l\u2019histoire politique belge.Aujourd\u2019hui, nous affirmons qu\u2019une nouvelle force est n\u00e9e. Car il est temps.Il est temps de d\u00e9passer les vieux clivages.Il est temps de refuser les solutions us\u00e9es.Il [&hellip;]<\/p>\n","protected":false},"author":1,"featured_media":0,"comment_status":"open","ping_status":"open","sticky":false,"template":"","format":"standard","meta":{"_monsterinsights_skip_tracking":false,"_uf_show_specific_survey":0,"_uf_disable_surveys":false,"footnotes":""},"categories":[34],"tags":[],"class_list":["post-2830","post","type-post","status-publish","format-standard","hentry","category-mouvement-droite-moderniste"],"_links":{"self":[{"href":"https:\/\/droitemoderniste.be\/index.php\/wp-json\/wp\/v2\/posts\/2830","targetHints":{"allow":["GET"]}}],"collection":[{"href":"https:\/\/droitemoderniste.be\/index.php\/wp-json\/wp\/v2\/posts"}],"about":[{"href":"https:\/\/droitemoderniste.be\/index.php\/wp-json\/wp\/v2\/types\/post"}],"author":[{"embeddable":true,"href":"https:\/\/droitemoderniste.be\/index.php\/wp-json\/wp\/v2\/users\/1"}],"replies":[{"embeddable":true,"href":"https:\/\/droitemoderniste.be\/index.php\/wp-json\/wp\/v2\/comments?post=2830"}],"version-history":[{"count":1,"href":"https:\/\/droitemoderniste.be\/index.php\/wp-json\/wp\/v2\/posts\/2830\/revisions"}],"predecessor-version":[{"id":2832,"href":"https:\/\/droitemoderniste.be\/index.php\/wp-json\/wp\/v2\/posts\/2830\/revisions\/2832"}],"wp:attachment":[{"href":"https:\/\/droitemoderniste.be\/index.php\/wp-json\/wp\/v2\/media?parent=2830"}],"wp:term":[{"taxonomy":"category","embeddable":true,"href":"https:\/\/droitemoderniste.be\/index.php\/wp-json\/wp\/v2\/categories?post=2830"},{"taxonomy":"post_tag","embeddable":true,"href":"https:\/\/droitemoderniste.be\/index.php\/wp-json\/wp\/v2\/tags?post=2830"}],"curies":[{"name":"wp","href":"https:\/\/api.w.org\/{rel}","templated":true}]}}