{"id":2826,"date":"2026-04-29T15:07:47","date_gmt":"2026-04-29T13:07:47","guid":{"rendered":"https:\/\/droitemoderniste.be\/?p=2826"},"modified":"2026-04-29T15:07:47","modified_gmt":"2026-04-29T13:07:47","slug":"nous-defendons-un-patriotisme-civique-apaise-et-rassembleur","status":"publish","type":"post","link":"https:\/\/droitemoderniste.be\/index.php\/2026\/04\/29\/nous-defendons-un-patriotisme-civique-apaise-et-rassembleur\/","title":{"rendered":"\u00ab\u00a0Nous d\u00e9fendons un patriotisme civique, apais\u00e9 et rassembleur\u00a0\u00bb"},"content":{"rendered":"\n<figure class=\"wp-block-image size-full\"><img loading=\"lazy\" decoding=\"async\" width=\"275\" height=\"184\" src=\"https:\/\/droitemoderniste.be\/wp-content\/uploads\/2026\/04\/perle-noire.jpg\" alt=\"\" class=\"wp-image-2827\"\/><\/figure>\n\n\n\n<p class=\"wp-block-paragraph\">Mesdames et Messieurs,<br>Chers compatriotes,<\/p>\n\n\n\n<p class=\"wp-block-paragraph\">En ce jour, nous posons ensemble un acte fondateur : celui de rassembler les forces vives de notre pays autour d\u2019un projet nouveau, exigeant et profond\u00e9ment responsable.<br>Ce projet, c\u2019est celui du <strong><mark style=\"background-color:rgba(0, 0, 0, 0);color:#ff6900\" class=\"has-inline-color\">Mouvement Droite Moderniste<\/mark><\/strong>.<\/p>\n\n\n\n<p class=\"wp-block-paragraph\">Le <mark style=\"background-color:rgba(0, 0, 0, 0);color:#ff6900\" class=\"has-inline-color\">MDM<\/mark> na\u00eet d\u2019une conviction simple : la Belgique a besoin d\u2019une force politique capable de conjuguer <strong>l\u2019h\u00e9ritage et l\u2019avenir<\/strong>, la m\u00e9moire et l\u2019innovation, la fiert\u00e9 nationale et l\u2019ouverture au monde.<br>Nous refusons de choisir entre ce que nous avons \u00e9t\u00e9 et ce que nous devons devenir.<br>C\u2019est pourquoi nous proclamons : <strong>\u00ab Racines fortes, regard neuf \u00bb.<\/strong><\/p>\n\n\n\n<p class=\"wp-block-paragraph\">Notre singularit\u00e9 se trouve d\u2019abord dans notre vision de la Nation.<br>Nous d\u00e9fendons un <strong>patriotisme civique<\/strong>, apais\u00e9 et rassembleur.<br>Un patriotisme qui n\u2019exclut personne mais qui donne \u00e0 chacun un cadre, un horizon, une continuit\u00e9.<br>Nous voulons une Belgique forte, non par la contrainte, mais par l\u2019adh\u00e9sion.<\/p>\n\n\n\n<p class=\"wp-block-paragraph\">Nous portons \u00e9galement une conception renouvel\u00e9e de l\u2019action publique.<br>Le <mark style=\"background-color:rgba(0, 0, 0, 0);color:#ff6900\" class=\"has-inline-color\">MDM<\/mark> croit en la libert\u00e9 \u00e9conomique, mais aussi en la n\u00e9cessit\u00e9 d\u2019un <strong>\u00c9tat strat\u00e8ge<\/strong>, capable d\u2019orienter, de r\u00e9guler, de prot\u00e9ger les secteurs vitaux de notre prosp\u00e9rit\u00e9.<br>Nous pr\u00f4nons un <strong>dirigisme mod\u00e9r\u00e9<\/strong>, fond\u00e9 non sur l\u2019id\u00e9ologie mais sur l\u2019efficacit\u00e9 et la coh\u00e9sion nationale.<\/p>\n\n\n\n<p class=\"wp-block-paragraph\">Notre mouvement d\u00e9fend une \u00e9cologie qui ne culpabilise pas : une \u00e9cologie <strong>optimiste<\/strong> (l&rsquo;\u00e9cosophie du <mark style=\"background-color:rgba(0, 0, 0, 0);color:#ff6900\" class=\"has-inline-color\">MDM<\/mark>), confi\u00e9e au progr\u00e8s, \u00e0 la science, \u00e0 l\u2019ing\u00e9niosit\u00e9 humaine.<br>Car nous sommes convaincus que la pr\u00e9servation de notre plan\u00e8te exige l\u2019innovation plut\u00f4t que la d\u00e9croissance.<\/p>\n\n\n\n<p class=\"wp-block-paragraph\">Nous assumons une politique migratoire <strong>ma\u00eetris\u00e9e, juste et humaine<\/strong>, fond\u00e9e sur la responsabilit\u00e9 et la dignit\u00e9.<br>Nous affirmons que la coh\u00e9sion sociale n\u2019est pas n\u00e9gociable.<br>Et nous sommes le seul mouvement de droite \u00e0 int\u00e9grer, au c\u0153ur m\u00eame de notre projet, une v\u00e9ritable exigence \u00e9thique en mati\u00e8re de <strong>bien-\u00eatre animal<\/strong>.<\/p>\n\n\n\n<p class=\"wp-block-paragraph\">Enfin, notre attachement \u00e0 la d\u00e9mocratie, \u00e0 la la\u00efcit\u00e9, \u00e0 l\u2019Europe et \u00e0 l\u2019\u00c9tat de droit se conjugue avec une volont\u00e9 claire : celle de d\u00e9fendre les int\u00e9r\u00eats de la Belgique avec lucidit\u00e9, souverainet\u00e9 et constance.<\/p>\n\n\n\n<p class=\"wp-block-paragraph\">Ainsi se d\u00e9finit la singularit\u00e9 du <mark style=\"background-color:rgba(0, 0, 0, 0);color:#ff6900\" class=\"has-inline-color\">Mouvement Droite Moderniste<\/mark> :<br>une droite <strong>moderne<\/strong>,<br><strong>humaniste<\/strong>,<br><strong>civique<\/strong>,<br><strong>technologique<\/strong>,<br>et profond\u00e9ment <strong>responsable<\/strong>.<\/p>\n\n\n\n<p class=\"wp-block-paragraph\">Une droite qui ne c\u00e8de ni \u00e0 la nostalgie ni au dogmatisme.<br>Une droite qui refuse les antagonismes st\u00e9riles entre progr\u00e8s et identit\u00e9, entre justice et libert\u00e9, entre \u00e9cologie et prosp\u00e9rit\u00e9.<\/p>\n\n\n\n<p class=\"wp-block-paragraph\">Mesdames et Messieurs,<br>Nous ne sommes pas un simple parti de plus.<br>Nous sommes la <strong>synth\u00e8se nouvelle<\/strong> dont la Belgique avait besoin.<br>Nous sommes l\u2019audace tranquille, la volont\u00e9 r\u00e9formatrice, la d\u00e9fense exigeante du bien commun.<\/p>\n\n\n\n<p class=\"wp-block-paragraph\">Le <mark style=\"background-color:rgba(0, 0, 0, 0);color:#ff6900\" class=\"has-inline-color\">MDM<\/mark> ouvre un chemin.<br>Un chemin pour une Belgique plus forte, plus juste, plus durable.<br>Un chemin que nous vous invitons, solennellement et avec confiance, \u00e0 emprunter \u00e0 nos c\u00f4t\u00e9s.<\/p>\n\n\n\n<p class=\"wp-block-paragraph\"><\/p>\n","protected":false},"excerpt":{"rendered":"<p>Mesdames et Messieurs,Chers compatriotes, En ce jour, nous posons ensemble un acte fondateur : celui de rassembler les forces vives de notre pays autour d\u2019un projet nouveau, exigeant et profond\u00e9ment responsable.Ce projet, c\u2019est celui du Mouvement Droite Moderniste. Le MDM na\u00eet d\u2019une conviction simple : la Belgique a besoin d\u2019une force politique capable de conjuguer [&hellip;]<\/p>\n","protected":false},"author":1,"featured_media":0,"comment_status":"open","ping_status":"open","sticky":false,"template":"","format":"standard","meta":{"_monsterinsights_skip_tracking":false,"_uf_show_specific_survey":0,"_uf_disable_surveys":false,"footnotes":""},"categories":[34],"tags":[],"class_list":["post-2826","post","type-post","status-publish","format-standard","hentry","category-mouvement-droite-moderniste"],"_links":{"self":[{"href":"https:\/\/droitemoderniste.be\/index.php\/wp-json\/wp\/v2\/posts\/2826","targetHints":{"allow":["GET"]}}],"collection":[{"href":"https:\/\/droitemoderniste.be\/index.php\/wp-json\/wp\/v2\/posts"}],"about":[{"href":"https:\/\/droitemoderniste.be\/index.php\/wp-json\/wp\/v2\/types\/post"}],"author":[{"embeddable":true,"href":"https:\/\/droitemoderniste.be\/index.php\/wp-json\/wp\/v2\/users\/1"}],"replies":[{"embeddable":true,"href":"https:\/\/droitemoderniste.be\/index.php\/wp-json\/wp\/v2\/comments?post=2826"}],"version-history":[{"count":1,"href":"https:\/\/droitemoderniste.be\/index.php\/wp-json\/wp\/v2\/posts\/2826\/revisions"}],"predecessor-version":[{"id":2828,"href":"https:\/\/droitemoderniste.be\/index.php\/wp-json\/wp\/v2\/posts\/2826\/revisions\/2828"}],"wp:attachment":[{"href":"https:\/\/droitemoderniste.be\/index.php\/wp-json\/wp\/v2\/media?parent=2826"}],"wp:term":[{"taxonomy":"category","embeddable":true,"href":"https:\/\/droitemoderniste.be\/index.php\/wp-json\/wp\/v2\/categories?post=2826"},{"taxonomy":"post_tag","embeddable":true,"href":"https:\/\/droitemoderniste.be\/index.php\/wp-json\/wp\/v2\/tags?post=2826"}],"curies":[{"name":"wp","href":"https:\/\/api.w.org\/{rel}","templated":true}]}}