{"id":2823,"date":"2026-04-28T12:08:50","date_gmt":"2026-04-28T10:08:50","guid":{"rendered":"https:\/\/droitemoderniste.be\/?p=2823"},"modified":"2026-04-28T12:08:50","modified_gmt":"2026-04-28T10:08:50","slug":"mieux-vaut-une-recession-courte-quun-iran-nucleaire","status":"publish","type":"post","link":"https:\/\/droitemoderniste.be\/index.php\/2026\/04\/28\/mieux-vaut-une-recession-courte-quun-iran-nucleaire\/","title":{"rendered":"Mieux vaut une r\u00e9cession courte qu&rsquo;un Iran nucl\u00e9aire !"},"content":{"rendered":"\n<figure class=\"wp-block-image size-full\"><img loading=\"lazy\" decoding=\"async\" width=\"299\" height=\"168\" src=\"https:\/\/droitemoderniste.be\/wp-content\/uploads\/2026\/04\/IranUSA.jpg\" alt=\"\" class=\"wp-image-2824\"\/><\/figure>\n\n\n\n<p class=\"wp-block-paragraph\">En nous centrant sur l\u2019id\u00e9e que la s\u00e9curit\u00e9 strat\u00e9gique (notamment nucl\u00e9aire) prime sur les co\u00fbts \u00e9conomiques \u00e0 court terme, nous estimons que Donald Trump a eu raison d&rsquo;intervenir en Iran.<\/p>\n\n\n\n<p class=\"wp-block-paragraph\"><strong>1. La priorit\u00e9 absolue : emp\u00eacher une prolif\u00e9ration nucl\u00e9aire<\/strong><\/p>\n\n\n\n<p class=\"wp-block-paragraph\">M\u00eame les analyses critiques reconnaissent un point fondamental :<\/p>\n\n\n\n<p class=\"wp-block-paragraph\">L\u2019Iran reste le seul \u00c9tat non dot\u00e9 de l\u2019arme nucl\u00e9aire enrichissant de l\u2019uranium \u00e0 des niveaux tr\u00e8s \u00e9lev\u00e9s (\u224860%), ce qui constitue une inqui\u00e9tude majeure de prolif\u00e9ration.<\/p>\n\n\n\n<p class=\"wp-block-paragraph\">Cela signifie que l\u2019Iran se situe \u00e0 un seuil technologique critique.<\/p>\n\n\n\n<p class=\"wp-block-paragraph\">Le passage \u00e0 l\u2019arme nucl\u00e9aire ne serait pas imm\u00e9diat\u2026 mais potentiellement rapide en cas de d\u00e9cision politique.<\/p>\n\n\n\n<p class=\"wp-block-paragraph\">On ne peut pas attendre qu\u2019un pays hostile franchisse le seuil nucl\u00e9aire pour agir.<\/p>\n\n\n\n<p class=\"wp-block-paragraph\"><strong>2. Une logique de pr\u00e9vention plut\u00f4t que de r\u00e9action<\/strong><\/p>\n\n\n\n<p class=\"wp-block-paragraph\">L\u2019intervention de Trump s\u2019inscrit dans une doctrine classique de s\u00e9curit\u00e9 : agir avant que la menace ne devienne irr\u00e9versible.<\/p>\n\n\n\n<p class=\"wp-block-paragraph\">Une fois un \u00c9tat dot\u00e9 de l\u2019arme nucl\u00e9aire toute intervention devient quasi impossible (ex : Cor\u00e9e du Nord): le rapport de force change durablement.<\/p>\n\n\n\n<p class=\"wp-block-paragraph\">Donc, le co\u00fbt d\u2019une intervention aujourd\u2019hui est potentiellement inf\u00e9rieur au co\u00fbt d\u2019un Iran nucl\u00e9aire demain.<\/p>\n\n\n\n<p class=\"wp-block-paragraph\"><strong>3. L\u2019\u00e9chec des alternatives diplomatiques<\/strong><\/p>\n\n\n\n<p class=\"wp-block-paragraph\">Des ann\u00e9es de n\u00e9gociations et de sanctions n\u2019ont pas stopp\u00e9 les ambitions iraniennes.<\/p>\n\n\n\n<p class=\"wp-block-paragraph\">M\u00eame aujourd\u2019hui, l\u2019Iran refuse de renoncer clairement \u00e0 son programme nucl\u00e9aire.<\/p>\n\n\n\n<p class=\"wp-block-paragraph\">Les propositions iraniennes visent \u00e0 repousser la question nucl\u00e9aire, pas \u00e0 la r\u00e9gler.<\/p>\n\n\n\n<p class=\"wp-block-paragraph\">Ainsi, quand la diplomatie \u00e9choue, la contrainte devient le seul levier cr\u00e9dible.<\/p>\n\n\n\n<p class=\"wp-block-paragraph\"><strong>4. Restaurer la cr\u00e9dibilit\u00e9 strat\u00e9gique des \u00c9tats-Unis<\/strong><\/p>\n\n\n\n<p class=\"wp-block-paragraph\">Une puissance qui n\u2019agit pas face \u00e0 une menace perd en cr\u00e9dibilit\u00e9.<\/p>\n\n\n\n<p class=\"wp-block-paragraph\">L\u2019intervention envoie un signal :<\/p>\n\n\n\n<p class=\"wp-block-paragraph\">aux adversaires \u2192 les lignes rouges sont r\u00e9elles<\/p>\n\n\n\n<p class=\"wp-block-paragraph\">aux alli\u00e9s \u2192 les engagements de s\u00e9curit\u00e9 sont fiables<\/p>\n\n\n\n<p class=\"wp-block-paragraph\">Dans un monde multipolaire (Russie, Chine, Iran) : ne pas agir peut \u00eatre per\u00e7u comme une faiblesse structurelle.<\/p>\n\n\n\n<p class=\"wp-block-paragraph\"><strong>5. Le calcul \u00e9conomique : un co\u00fbt \u00e9lev\u00e9, mais rationnel<\/strong><\/p>\n\n\n\n<p class=\"wp-block-paragraph\">Oui, la guerre provoque hausse du p\u00e9trole, inflation mondiale et perturbations commerciales.<\/p>\n\n\n\n<p class=\"wp-block-paragraph\">Mais il faut comparer avec un sc\u00e9nario alternatif :<\/p>\n\n\n\n<p class=\"wp-block-paragraph\">Un Iran nucl\u00e9aire pourrait provoquer une course aux armements au Moyen-Orient, une instabilit\u00e9 permanente sur les march\u00e9s \u00e9nerg\u00e9tiques et un risque accru de guerre majeure.<\/p>\n\n\n\n<p class=\"wp-block-paragraph\">Or, une guerre impliquant un acteur nucl\u00e9aire aurait un co\u00fbt \u00e9conomique bien sup\u00e9rieur et durable.<\/p>\n\n\n\n<p class=\"wp-block-paragraph\">Les perturbations actuelles sont un \u201cco\u00fbt d\u2019assurance\u201d contre un risque bien plus grave<\/p>\n\n\n\n<p class=\"wp-block-paragraph\"><strong>6. La logique du \u201cmoindre mal\u201d<\/strong><\/p>\n\n\n\n<p class=\"wp-block-paragraph\">Voici le dilemme que les Etats-Unis et Isra\u00ebl affrontent pour nous tous :<\/p>\n\n\n\n<p class=\"wp-block-paragraph\">Soit une crise \u00e9conomique et un conflit limit\u00e9 aujourd\u2019hui,<\/p>\n\n\n\n<p class=\"wp-block-paragraph\">Soit un Iran nucl\u00e9aire, une instabilit\u00e9 chronique et un risque de guerre majeure demain.<\/p>\n\n\n\n<p class=\"wp-block-paragraph\">Remercions le pr\u00e9sident Trump d&rsquo;avoir choisi le sc\u00e9nario le moins dangereux \u00e0 long terme.<\/p>\n\n\n\n<p class=\"wp-block-paragraph\"><strong>7. Un pr\u00e9c\u00e9dent historique implicite<\/strong><\/p>\n\n\n\n<p class=\"wp-block-paragraph\">Les grandes puissances ont souvent agi ainsi : emp\u00eacher la prolif\u00e9ration nucl\u00e9aire est une constante strat\u00e9gique et les \u00c9tats acceptent r\u00e9guli\u00e8rement des co\u00fbts \u00e9conomiques pour \u00e9viter un basculement strat\u00e9gique.<\/p>\n\n\n\n<p class=\"wp-block-paragraph\">Ici, l\u2019intervention combin\u00e9e des Etats-Unis et d&rsquo;Isra\u00ebl s\u2019inscrit dans cette logique : pr\u00e9server un \u00e9quilibre global avant qu\u2019il ne soit trop tard.<\/p>\n\n\n\n<p class=\"wp-block-paragraph\">Notre point de vue est que Donald Trump n\u2019a pas agi par opportunisme, mais selon une logique de s\u00e9curit\u00e9 classique : emp\u00eacher une menace strat\u00e9gique avant qu\u2019elle ne devienne incontr\u00f4lable.<\/p>\n\n\n\n<p class=\"wp-block-paragraph\">Oui, les cons\u00e9quences \u00e9conomiques sont r\u00e9elles, mais elles restent temporaires et r\u00e9versibles.<\/p>\n\n\n\n<p class=\"wp-block-paragraph\">Alors qu&rsquo;une prolif\u00e9ration nucl\u00e9aire serait, elle, durable et potentiellement irr\u00e9versible.<\/p>\n\n\n\n<p class=\"wp-block-paragraph\">En r\u00e9sum\u00e9 le choix n\u2019est pas entre guerre et stabilit\u00e9 \u2014 mais entre un choc aujourd\u2019hui et un danger bien plus grave demain.<\/p>\n\n\n\n<p class=\"wp-block-paragraph\"><\/p>\n","protected":false},"excerpt":{"rendered":"<p>En nous centrant sur l\u2019id\u00e9e que la s\u00e9curit\u00e9 strat\u00e9gique (notamment nucl\u00e9aire) prime sur les co\u00fbts \u00e9conomiques \u00e0 court terme, nous estimons que Donald Trump a eu raison d&rsquo;intervenir en Iran. 1. La priorit\u00e9 absolue : emp\u00eacher une prolif\u00e9ration nucl\u00e9aire M\u00eame les analyses critiques reconnaissent un point fondamental : L\u2019Iran reste le seul \u00c9tat non dot\u00e9 [&hellip;]<\/p>\n","protected":false},"author":1,"featured_media":0,"comment_status":"open","ping_status":"open","sticky":false,"template":"","format":"standard","meta":{"_monsterinsights_skip_tracking":false,"_uf_show_specific_survey":0,"_uf_disable_surveys":false,"footnotes":""},"categories":[56],"tags":[],"class_list":["post-2823","post","type-post","status-publish","format-standard","hentry","category-iran"],"_links":{"self":[{"href":"https:\/\/droitemoderniste.be\/index.php\/wp-json\/wp\/v2\/posts\/2823","targetHints":{"allow":["GET"]}}],"collection":[{"href":"https:\/\/droitemoderniste.be\/index.php\/wp-json\/wp\/v2\/posts"}],"about":[{"href":"https:\/\/droitemoderniste.be\/index.php\/wp-json\/wp\/v2\/types\/post"}],"author":[{"embeddable":true,"href":"https:\/\/droitemoderniste.be\/index.php\/wp-json\/wp\/v2\/users\/1"}],"replies":[{"embeddable":true,"href":"https:\/\/droitemoderniste.be\/index.php\/wp-json\/wp\/v2\/comments?post=2823"}],"version-history":[{"count":1,"href":"https:\/\/droitemoderniste.be\/index.php\/wp-json\/wp\/v2\/posts\/2823\/revisions"}],"predecessor-version":[{"id":2825,"href":"https:\/\/droitemoderniste.be\/index.php\/wp-json\/wp\/v2\/posts\/2823\/revisions\/2825"}],"wp:attachment":[{"href":"https:\/\/droitemoderniste.be\/index.php\/wp-json\/wp\/v2\/media?parent=2823"}],"wp:term":[{"taxonomy":"category","embeddable":true,"href":"https:\/\/droitemoderniste.be\/index.php\/wp-json\/wp\/v2\/categories?post=2823"},{"taxonomy":"post_tag","embeddable":true,"href":"https:\/\/droitemoderniste.be\/index.php\/wp-json\/wp\/v2\/tags?post=2823"}],"curies":[{"name":"wp","href":"https:\/\/api.w.org\/{rel}","templated":true}]}}