{"id":2820,"date":"2026-04-26T10:59:12","date_gmt":"2026-04-26T08:59:12","guid":{"rendered":"https:\/\/droitemoderniste.be\/?p=2820"},"modified":"2026-04-26T10:59:12","modified_gmt":"2026-04-26T08:59:12","slug":"voulons-nous-rester-une-puissance-ou-devenir-un-souvenir","status":"publish","type":"post","link":"https:\/\/droitemoderniste.be\/index.php\/2026\/04\/26\/voulons-nous-rester-une-puissance-ou-devenir-un-souvenir\/","title":{"rendered":"\u00ab\u00a0Voulons-nous rester une puissance&#8230; ou devenir un souvenir ?\u00a0\u00bb"},"content":{"rendered":"\n<figure class=\"wp-block-image size-full\"><img loading=\"lazy\" decoding=\"async\" width=\"720\" height=\"613\" src=\"https:\/\/droitemoderniste.be\/wp-content\/uploads\/2026\/04\/9345a5fe-e403-495c-ac81-20c9f0389565-original.jpeg\" alt=\"\" class=\"wp-image-2821\" srcset=\"https:\/\/droitemoderniste.be\/wp-content\/uploads\/2026\/04\/9345a5fe-e403-495c-ac81-20c9f0389565-original.jpeg 720w, https:\/\/droitemoderniste.be\/wp-content\/uploads\/2026\/04\/9345a5fe-e403-495c-ac81-20c9f0389565-original-300x255.jpeg 300w\" sizes=\"auto, (max-width: 720px) 100vw, 720px\" \/><\/figure>\n\n\n\n<p class=\"wp-block-paragraph\">Mesdames, Messieurs,<br>Chers amis,<br>Chers Europ\u00e9ens,<\/p>\n\n\n\n<p class=\"wp-block-paragraph\">Il y a des moments dans l\u2019histoire o\u00f9 un peuple doit choisir entre le confort du silence\u2026 et le courage de la v\u00e9rit\u00e9.<\/p>\n\n\n\n<p class=\"wp-block-paragraph\">Nous vivons l\u2019un de ces moments.<\/p>\n\n\n\n<p class=\"wp-block-paragraph\">Depuis trop longtemps, l\u2019Europe doute d\u2019elle-m\u00eame.<br>Depuis trop longtemps, l\u2019Europe h\u00e9site.<br>Depuis trop longtemps, l\u2019Europe regarde le monde changer sans d\u00e9cider de la place qu\u2019elle veut y occuper.<\/p>\n\n\n\n<p class=\"wp-block-paragraph\">Et pourtant, nous sommes le continent des r\u00e9volutions industrielles,<br>le continent des grandes id\u00e9es,<br>le continent des nations qui ont fa\u00e7onn\u00e9 l\u2019histoire moderne.<\/p>\n\n\n\n<p class=\"wp-block-paragraph\">Mais aujourd\u2019hui, une question simple se pose :<\/p>\n\n\n\n<p class=\"wp-block-paragraph\"><strong>Voulons-nous rester une puissance\u2026 ou devenir un souvenir ?<\/strong><\/p>\n\n\n\n<p class=\"wp-block-paragraph\">Le <mark style=\"background-color:rgba(0, 0, 0, 0);color:#ff6900\" class=\"has-inline-color\">Mouvement Droite Moderniste<\/mark> est n\u00e9 pour r\u00e9pondre \u00e0 cette question.<\/p>\n\n\n\n<p class=\"wp-block-paragraph\">Nous ne sommes pas un parti de plus.<br>Nous sommes le d\u00e9but d\u2019un courant politique europ\u00e9en nouveau.<\/p>\n\n\n\n<p class=\"wp-block-paragraph\">Un courant qui dit une chose simple :<\/p>\n\n\n\n<p class=\"wp-block-paragraph\"><strong>L\u2019Europe ne doit pas choisir entre tradition et modernit\u00e9.<br>Elle doit unir les deux.<\/strong><\/p>\n\n\n\n<p class=\"wp-block-paragraph\">C\u2019est cela, notre vision :<\/p>\n\n\n\n<p class=\"wp-block-paragraph\"><strong>Racines fortes, regard neuf.<\/strong><\/p>\n\n\n\n<p class=\"wp-block-paragraph\">Des racines fortes dans notre civilisation, dans nos nations, dans notre mod\u00e8le social et industriel.<br>Un regard neuf sur le monde qui vient : un monde de puissance, de technologie, de comp\u00e9tition \u00e9conomique.<\/p>\n\n\n\n<p class=\"wp-block-paragraph\">Car disons-le clairement :<\/p>\n\n\n\n<p class=\"wp-block-paragraph\"><strong>Le XXIe si\u00e8cle sera industriel, \u00e9nerg\u00e9tique et strat\u00e9gique.<br>Et les continents qui ne l\u2019auront pas compris dispara\u00eetront de l\u2019histoire.<\/strong><\/p>\n\n\n\n<p class=\"wp-block-paragraph\">Aujourd\u2019hui, l\u2019Europe est menac\u00e9e non pas par un manque de talents,<br>mais par un manque de courage politique.<\/p>\n\n\n\n<p class=\"wp-block-paragraph\">Nos industries ferment.<br>Nos entrepreneurs partent.<br>Nos travailleurs doutent.<\/p>\n\n\n\n<p class=\"wp-block-paragraph\">Et pourquoi ?<\/p>\n\n\n\n<p class=\"wp-block-paragraph\">Parce que trop souvent, la politique europ\u00e9enne a pr\u00e9f\u00e9r\u00e9 la posture \u00e0 la strat\u00e9gie.<\/p>\n\n\n\n<p class=\"wp-block-paragraph\">Mais l\u2019histoire ne r\u00e9compense pas les postures.<\/p>\n\n\n\n<p class=\"wp-block-paragraph\"><strong>L\u2019histoire r\u00e9compense les nations qui d\u00e9fendent leurs int\u00e9r\u00eats avec lucidit\u00e9.<\/strong><\/p>\n\n\n\n<p class=\"wp-block-paragraph\">C\u2019est l\u00e0 que commence notre doctrine :<br>le <strong>souverainisme \u00e9clair\u00e9<\/strong>.<\/p>\n\n\n\n<p class=\"wp-block-paragraph\">Le souverainisme \u00e9clair\u00e9 n\u2019est pas le repli.<br>Le souverainisme \u00e9clair\u00e9 n\u2019est pas la peur du monde.<\/p>\n\n\n\n<p class=\"wp-block-paragraph\">Le souverainisme \u00e9clair\u00e9 est la maturit\u00e9 politique d\u2019un continent qui comprend enfin ceci :<\/p>\n\n\n\n<p class=\"wp-block-paragraph\"><strong>Si vous ne d\u00e9fendez pas vos int\u00e9r\u00eats, quelqu\u2019un d\u2019autre le fera \u00e0 votre place.<\/strong><\/p>\n\n\n\n<p class=\"wp-block-paragraph\">Et aujourd\u2019hui, l\u2019int\u00e9r\u00eat vital de l\u2019Europe est clair :<\/p>\n\n\n\n<p class=\"wp-block-paragraph\"><strong>retrouver sa puissance industrielle.<\/strong><\/p>\n\n\n\n<p class=\"wp-block-paragraph\">Car une Europe d\u00e9sindustrialis\u00e9e n\u2019est plus une puissance.<br>Une Europe d\u00e9pendante n\u2019est plus libre.<br>Une Europe fragile ne peut plus prot\u00e9ger son peuple.<\/p>\n\n\n\n<p class=\"wp-block-paragraph\">C\u2019est pourquoi nous disons avec force :<\/p>\n\n\n\n<p class=\"wp-block-paragraph\"><strong>Le modernisme \u00e9conomique est la nouvelle fronti\u00e8re politique de l\u2019Europe.<\/strong><\/p>\n\n\n\n<p class=\"wp-block-paragraph\">Produire en Europe.<br>Innover en Europe.<br>R\u00e9industrialiser l\u2019Europe.<\/p>\n\n\n\n<p class=\"wp-block-paragraph\">Et pour cela, nous devons avoir le courage de regarder la r\u00e9alit\u00e9 en face.<\/p>\n\n\n\n<p class=\"wp-block-paragraph\">La premi\u00e8re r\u00e9alit\u00e9 est simple :<\/p>\n\n\n\n<p class=\"wp-block-paragraph\"><strong>L\u2019\u00e9nergie est le c\u0153ur de la puissance industrielle.<\/strong><\/p>\n\n\n\n<p class=\"wp-block-paragraph\">Sans \u00e9nergie comp\u00e9titive, il n\u2019y a pas d\u2019industrie forte.<br>Sans industrie forte, il n\u2019y a pas de souverainet\u00e9.<\/p>\n\n\n\n<p class=\"wp-block-paragraph\">C\u2019est pourquoi nous d\u00e9fendons une r\u00e9volution \u00e9nerg\u00e9tique europ\u00e9enne :<br>nucl\u00e9aire de nouvelle g\u00e9n\u00e9ration, innovation technologique, strat\u00e9gie industrielle continentale.<\/p>\n\n\n\n<p class=\"wp-block-paragraph\">Mais le courage politique exige aussi autre chose :<\/p>\n\n\n\n<p class=\"wp-block-paragraph\"><strong>ouvrir les d\u00e9bats que d\u2019autres veulent interdire.<\/strong><\/p>\n\n\n\n<p class=\"wp-block-paragraph\">Et je le dis ici, dans ce moment fondateur :<\/p>\n\n\n\n<p class=\"wp-block-paragraph\">Si l\u2019avenir industriel de l\u2019Europe l\u2019exige,<br>si l\u2019emploi de millions d\u2019Europ\u00e9ens est en jeu,<br>si la puissance de notre continent est menac\u00e9e,<\/p>\n\n\n\n<p class=\"wp-block-paragraph\">alors oui,<\/p>\n\n\n\n<p class=\"wp-block-paragraph\"><strong>l\u2019Europe devra \u00eatre capable de rouvrir des discussions \u00e9conomiques et \u00e9nerg\u00e9tiques avec la Russie lorsque les conditions politiques et diplomatiques le permettront.<\/strong><\/p>\n\n\n\n<p class=\"wp-block-paragraph\">Parce que la politique n\u2019est pas un concours de puret\u00e9 morale.<\/p>\n\n\n\n<p class=\"wp-block-paragraph\"><strong>La politique est l\u2019art de garantir l\u2019avenir d\u2019un peuple.<\/strong><\/p>\n\n\n\n<p class=\"wp-block-paragraph\">Et l\u2019Europe doit redevenir une puissance qui agit,<br>une puissance qui n\u00e9gocie,<br>une puissance qui d\u00e9cide.<\/p>\n\n\n\n<p class=\"wp-block-paragraph\">Mes amis,<\/p>\n\n\n\n<p class=\"wp-block-paragraph\">Je veux que ce jour soit retenu.<\/p>\n\n\n\n<p class=\"wp-block-paragraph\">Je veux que ce congr\u00e8s soit le moment o\u00f9 l\u2019on dira, dans quelques ann\u00e9es :<\/p>\n\n\n\n<p class=\"wp-block-paragraph\"><strong>C\u2019est ici qu\u2019est n\u00e9e une nouvelle droite europ\u00e9enne.<br>Une droite lucide.<br>Une droite moderne.<br>Une droite qui a os\u00e9 dire ce que beaucoup pensaient d\u00e9j\u00e0.<\/strong><\/p>\n\n\n\n<p class=\"wp-block-paragraph\">Car regardez autour de nous :<br>les peuples europ\u00e9ens attendent une direction.<\/p>\n\n\n\n<p class=\"wp-block-paragraph\">Ils sentent que le monde change.<br>Ils sentent que leur avenir industriel est en jeu.<br>Ils sentent que l\u2019Europe doit redevenir forte.<\/p>\n\n\n\n<p class=\"wp-block-paragraph\">Et nous leur disons aujourd\u2019hui :<\/p>\n\n\n\n<p class=\"wp-block-paragraph\"><strong>Oui, une autre voie existe.<\/strong><\/p>\n\n\n\n<p class=\"wp-block-paragraph\">Une voie qui refuse le d\u00e9clin.<br>Une voie qui refuse la peur du d\u00e9bat.<br>Une voie qui assume la puissance europ\u00e9enne.<\/p>\n\n\n\n<p class=\"wp-block-paragraph\">Le <mark style=\"background-color:rgba(0, 0, 0, 0);color:#ff6900\" class=\"has-inline-color\">Mouvement Droite Moderniste<\/mark> est cette voie.<\/p>\n\n\n\n<p class=\"wp-block-paragraph\">Et je vous le dis avec conviction :<\/p>\n\n\n\n<p class=\"wp-block-paragraph\">Les id\u00e9es que l\u2019on juge audacieuses aujourd\u2019hui<br>sont souvent celles qui deviennent \u00e9videntes demain.<\/p>\n\n\n\n<p class=\"wp-block-paragraph\">Alors ayons ce courage.<\/p>\n\n\n\n<p class=\"wp-block-paragraph\">Le courage de penser l\u2019Europe comme une puissance.<br>Le courage de d\u00e9fendre nos travailleurs.<br>Le courage de b\u00e2tir une nouvelle \u00e8re industrielle.<\/p>\n\n\n\n<p class=\"wp-block-paragraph\">Car au fond, une seule chose compte dans l\u2019histoire :<\/p>\n\n\n\n<p class=\"wp-block-paragraph\"><strong>avoir \u00e9t\u00e9 du c\u00f4t\u00e9 de l\u2019avenir.<\/strong><\/p>\n\n\n\n<p class=\"wp-block-paragraph\">Et l\u2019avenir de l\u2019Europe commence maintenant.<\/p>\n\n\n\n<p class=\"wp-block-paragraph\">Merci.<\/p>\n","protected":false},"excerpt":{"rendered":"<p>Mesdames, Messieurs,Chers amis,Chers Europ\u00e9ens, Il y a des moments dans l\u2019histoire o\u00f9 un peuple doit choisir entre le confort du silence\u2026 et le courage de la v\u00e9rit\u00e9. Nous vivons l\u2019un de ces moments. Depuis trop longtemps, l\u2019Europe doute d\u2019elle-m\u00eame.Depuis trop longtemps, l\u2019Europe h\u00e9site.Depuis trop longtemps, l\u2019Europe regarde le monde changer sans d\u00e9cider de la place [&hellip;]<\/p>\n","protected":false},"author":1,"featured_media":0,"comment_status":"open","ping_status":"open","sticky":false,"template":"","format":"standard","meta":{"_monsterinsights_skip_tracking":false,"_uf_show_specific_survey":0,"_uf_disable_surveys":false,"footnotes":""},"categories":[34],"tags":[],"class_list":["post-2820","post","type-post","status-publish","format-standard","hentry","category-mouvement-droite-moderniste"],"_links":{"self":[{"href":"https:\/\/droitemoderniste.be\/index.php\/wp-json\/wp\/v2\/posts\/2820","targetHints":{"allow":["GET"]}}],"collection":[{"href":"https:\/\/droitemoderniste.be\/index.php\/wp-json\/wp\/v2\/posts"}],"about":[{"href":"https:\/\/droitemoderniste.be\/index.php\/wp-json\/wp\/v2\/types\/post"}],"author":[{"embeddable":true,"href":"https:\/\/droitemoderniste.be\/index.php\/wp-json\/wp\/v2\/users\/1"}],"replies":[{"embeddable":true,"href":"https:\/\/droitemoderniste.be\/index.php\/wp-json\/wp\/v2\/comments?post=2820"}],"version-history":[{"count":1,"href":"https:\/\/droitemoderniste.be\/index.php\/wp-json\/wp\/v2\/posts\/2820\/revisions"}],"predecessor-version":[{"id":2822,"href":"https:\/\/droitemoderniste.be\/index.php\/wp-json\/wp\/v2\/posts\/2820\/revisions\/2822"}],"wp:attachment":[{"href":"https:\/\/droitemoderniste.be\/index.php\/wp-json\/wp\/v2\/media?parent=2820"}],"wp:term":[{"taxonomy":"category","embeddable":true,"href":"https:\/\/droitemoderniste.be\/index.php\/wp-json\/wp\/v2\/categories?post=2820"},{"taxonomy":"post_tag","embeddable":true,"href":"https:\/\/droitemoderniste.be\/index.php\/wp-json\/wp\/v2\/tags?post=2820"}],"curies":[{"name":"wp","href":"https:\/\/api.w.org\/{rel}","templated":true}]}}