{"id":2813,"date":"2026-04-22T12:49:02","date_gmt":"2026-04-22T10:49:02","guid":{"rendered":"https:\/\/droitemoderniste.be\/?p=2813"},"modified":"2026-04-22T12:49:02","modified_gmt":"2026-04-22T10:49:02","slug":"le-mdm-la-rupture-necessaire","status":"publish","type":"post","link":"https:\/\/droitemoderniste.be\/index.php\/2026\/04\/22\/le-mdm-la-rupture-necessaire\/","title":{"rendered":"Le MDM, la rupture n\u00e9cessaire"},"content":{"rendered":"\n<figure class=\"wp-block-image size-large\"><img loading=\"lazy\" decoding=\"async\" width=\"1024\" height=\"682\" src=\"https:\/\/droitemoderniste.be\/wp-content\/uploads\/2026\/04\/GettyImages-476804107-1024x682.jpg\" alt=\"\" class=\"wp-image-2814\" srcset=\"https:\/\/droitemoderniste.be\/wp-content\/uploads\/2026\/04\/GettyImages-476804107-1024x682.jpg 1024w, https:\/\/droitemoderniste.be\/wp-content\/uploads\/2026\/04\/GettyImages-476804107-300x200.jpg 300w, https:\/\/droitemoderniste.be\/wp-content\/uploads\/2026\/04\/GettyImages-476804107-768x512.jpg 768w, https:\/\/droitemoderniste.be\/wp-content\/uploads\/2026\/04\/GettyImages-476804107.jpg 1390w\" sizes=\"auto, (max-width: 1024px) 100vw, 1024px\" \/><figcaption class=\"wp-element-caption\">Korean boy jumping off platform into lake<\/figcaption><\/figure>\n\n\n\n<p class=\"wp-block-paragraph\">Mesdames et Messieurs,<br>Il faut le dire clairement : <strong>la Belgique \u00e9touffe<\/strong>.<\/p>\n\n\n\n<p class=\"wp-block-paragraph\">Elle \u00e9touffe sous <strong>les demi-mesures<\/strong>,<br>sous <strong>les compromis mous<\/strong>,<br>sous <strong>les politiques qui n\u2019osent plus rien<\/strong>,<br>sous <strong>les responsables qui ne prennent plus de responsabilit\u00e9s<\/strong>.<\/p>\n\n\n\n<p class=\"wp-block-paragraph\">Pendant que le monde avance, la Belgique recule.<br>Pendant que nos voisins r\u00e9forment, nous h\u00e9sitons.<br>Pendant que les enjeux grandissent, nos dirigeants rapetissent.<\/p>\n\n\n\n<p class=\"wp-block-paragraph\">Et il y a une raison \u00e0 cela :<br><strong>Les partis traditionnels ont renonc\u00e9.<\/strong><\/p>\n\n\n\n<p class=\"wp-block-paragraph\"><strong>Nous ne sommes pas comme eux<\/strong><\/p>\n\n\n\n<p class=\"wp-block-paragraph\">\u00c9colo pr\u00f4ne la d\u00e9croissance, la punition, la culpabilit\u00e9.<br>Le MR jongle entre lib\u00e9ralisme et opportunisme en changeant de discours selon la salle.<br>Les Engag\u00e9s parlent d\u2019humanisme pendant que le pays se d\u00e9lite.<br>D\u00e9FI d\u00e9fend la la\u00efcit\u00e9 mais recule au premier froncement de sourcil.<br>La gauche, elle, a abandonn\u00e9 toute notion de responsabilit\u00e9.<br>Et l\u2019extr\u00eame droite se nourrit du chaos sans proposer une seule solution r\u00e9aliste.<\/p>\n\n\n\n<p class=\"wp-block-paragraph\"><strong>Tous ont \u00e9chou\u00e9.<br>Tous ont \u00e9t\u00e9 au pouvoir.<br>Tous ont particip\u00e9 \u00e0 l\u2019immobilisme belge.<\/strong><\/p>\n\n\n\n<p class=\"wp-block-paragraph\"><strong>Le <mark style=\"background-color:rgba(0, 0, 0, 0);color:#ff6900\" class=\"has-inline-color\">MDM<\/mark> arrive pour rompre. Pas pour arranger.<\/strong><\/p>\n\n\n\n<p class=\"wp-block-paragraph\">Nous ne sommes pas l\u00e0 pour rafistoler le vieux syst\u00e8me.<br>Nous sommes l\u00e0 pour <strong>le remplacer<\/strong>.<\/p>\n\n\n\n<p class=\"wp-block-paragraph\">Nous ne sommes pas l\u00e0 pour plaire aux commentateurs.<br>Nous sommes l\u00e0 pour <strong>rendre la Belgique plus forte, plus s\u00fbre, plus coh\u00e9rente<\/strong>.<\/p>\n\n\n\n<p class=\"wp-block-paragraph\">Nous assumons ce que les autres n\u2019osent plus dire :<\/p>\n\n\n\n<ul class=\"wp-block-list\">\n<li>La Belgique a besoin d\u2019un <strong>\u00c9tat strat\u00e8ge<\/strong>, pas d\u2019un \u00c9tat spectateur.<\/li>\n\n\n\n<li>La Belgique a besoin d\u2019une <strong>immigration contr\u00f4l\u00e9e<\/strong>, pas d\u2019une immigration subie.<\/li>\n\n\n\n<li>La Belgique a besoin d\u2019une <strong>\u00e9cologie ambitieuse<\/strong>, pas punitive.<\/li>\n\n\n\n<li>La Belgique a besoin d\u2019un <strong>patriotisme civique<\/strong>, pas d\u2019un relativisme permanent.<\/li>\n\n\n\n<li>La Belgique a besoin d\u2019une <strong>justice efficace<\/strong>, pas d\u2019une bureaucratie qui s\u2019excuse.<\/li>\n\n\n\n<li>La Belgique a besoin d\u2019un <strong>souverainisme \u00e9clair\u00e9<\/strong>, pas d\u2019une Europe molle et h\u00e9sitante.<\/li>\n<\/ul>\n\n\n\n<p class=\"wp-block-paragraph\"><strong>Ce que nous disons, nous le ferons.<br>Ce que nous promettons, nous l\u2019appliquerons.<br>Ce que nous d\u00e9fendons, nous l\u2019assumons.<\/strong><\/p>\n\n\n\n<p class=\"wp-block-paragraph\"><strong>La rupture <mark style=\"background-color:rgba(0, 0, 0, 0);color:#ff6900\" class=\"has-inline-color\">MDM<\/mark><\/strong><\/p>\n\n\n\n<p class=\"wp-block-paragraph\">Le <mark style=\"background-color:rgba(0, 0, 0, 0);color:#ff6900\" class=\"has-inline-color\">MDM<\/mark> est le seul mouvement qui ose dire :<\/p>\n\n\n\n<ul class=\"wp-block-list\">\n<li>qu\u2019il faut prot\u00e9ger nos secteurs strat\u00e9giques,<\/li>\n\n\n\n<li>qu\u2019il faut d\u00e9fendre nos valeurs avant de s\u2019excuser,<\/li>\n\n\n\n<li>qu\u2019il faut choisir l\u2019innovation plut\u00f4t que la d\u00e9croissance,<\/li>\n\n\n\n<li>qu\u2019il faut privil\u00e9gier l\u2019int\u00e9gration plut\u00f4t que le laxisme,<\/li>\n\n\n\n<li>qu\u2019il faut parler de m\u00e9rite plut\u00f4t que de victimisation,<\/li>\n\n\n\n<li>qu\u2019il faut d\u00e9fendre la nation belge sans trembler.<\/li>\n<\/ul>\n\n\n\n<p class=\"wp-block-paragraph\">Les autres partis sont coinc\u00e9s dans leurs contradictions.<br>Nous, <strong>nous tranchons<\/strong>.<\/p>\n\n\n\n<p class=\"wp-block-paragraph\">Les autres s\u2019excusent de vouloir r\u00e9former.<br>Nous, <strong>nous assumons<\/strong>.<\/p>\n\n\n\n<p class=\"wp-block-paragraph\">Les autres craignent d&rsquo;\u00eatre critiqu\u00e9s.<br>Nous, <strong>nous craignons seulement l\u2019inaction<\/strong>.<\/p>\n\n\n\n<p class=\"wp-block-paragraph\"><strong>L\u2019audace ou le d\u00e9clin : il n\u2019y a plus de juste milieu<\/strong><\/p>\n\n\n\n<p class=\"wp-block-paragraph\">Soyons honn\u00eates :<br>La Belgique n\u2019a plus le luxe de l\u2019h\u00e9sitation.<br>Elle doit choisir.<\/p>\n\n\n\n<p class=\"wp-block-paragraph\">\u27a1 <strong>Le statu quo<\/strong>, c\u2019est la lente d\u00e9gradation.<br>\u27a1 <strong>La rupture<\/strong>, c\u2019est le <mark style=\"background-color:rgba(0, 0, 0, 0);color:#ff6900\" class=\"has-inline-color\">MDM<\/mark>.<\/p>\n\n\n\n<p class=\"wp-block-paragraph\">Nous ne sommes pas un parti de plus.<br>Nous sommes la force qui dit :<br><strong>Stop \u00e0 la confusion.<br>Stop \u00e0 la r\u00e9signation.<br>Stop \u00e0 l\u2019effacement.<\/strong><\/p>\n\n\n\n<p class=\"wp-block-paragraph\">Nous sommes le parti de la clart\u00e9, de la volont\u00e9, de la responsabilit\u00e9.<\/p>\n\n\n\n<p class=\"wp-block-paragraph\">Nous sommes le parti du <strong>progr\u00e8s enracin\u00e9<\/strong>.<br>Nous sommes le parti de <strong>l\u2019\u00c9tat strat\u00e8ge<\/strong>.<br>Nous sommes le parti de <strong>la Belgique fi\u00e8re<\/strong>.<\/p>\n\n\n\n<p class=\"wp-block-paragraph\">Nous sommes le parti qui n\u2019a plus peur de dire que les choses doivent changer \u2014 <strong>radicalement et maintenant<\/strong>.<\/p>\n\n\n\n<p class=\"wp-block-paragraph\"><strong>Conclusion<\/strong><\/p>\n\n\n\n<p class=\"wp-block-paragraph\">La Belgique a essay\u00e9 tout le reste.<br>Il est temps d\u2019essayer <strong>le courage<\/strong>.<br>Il est temps d\u2019essayer <strong>la modernit\u00e9 assum\u00e9e<\/strong>.<br>Il est temps d\u2019essayer <strong>le <mark style=\"background-color:rgba(0, 0, 0, 0);color:#ff6900\" class=\"has-inline-color\">MDM<\/mark><\/strong>.<\/p>\n\n\n\n<p class=\"wp-block-paragraph\">Nous sommes <strong>l\u2019audace d\u2019une droite moderne<\/strong>.<br>Et nous allons changer ce pays.<\/p>\n","protected":false},"excerpt":{"rendered":"<p>Mesdames et Messieurs,Il faut le dire clairement : la Belgique \u00e9touffe. Elle \u00e9touffe sous les demi-mesures,sous les compromis mous,sous les politiques qui n\u2019osent plus rien,sous les responsables qui ne prennent plus de responsabilit\u00e9s. Pendant que le monde avance, la Belgique recule.Pendant que nos voisins r\u00e9forment, nous h\u00e9sitons.Pendant que les enjeux grandissent, nos dirigeants rapetissent. Et [&hellip;]<\/p>\n","protected":false},"author":1,"featured_media":0,"comment_status":"open","ping_status":"open","sticky":false,"template":"","format":"standard","meta":{"_monsterinsights_skip_tracking":false,"_uf_show_specific_survey":0,"_uf_disable_surveys":false,"footnotes":""},"categories":[43,34],"tags":[],"class_list":["post-2813","post","type-post","status-publish","format-standard","hentry","category-modernisme-politique","category-mouvement-droite-moderniste"],"_links":{"self":[{"href":"https:\/\/droitemoderniste.be\/index.php\/wp-json\/wp\/v2\/posts\/2813","targetHints":{"allow":["GET"]}}],"collection":[{"href":"https:\/\/droitemoderniste.be\/index.php\/wp-json\/wp\/v2\/posts"}],"about":[{"href":"https:\/\/droitemoderniste.be\/index.php\/wp-json\/wp\/v2\/types\/post"}],"author":[{"embeddable":true,"href":"https:\/\/droitemoderniste.be\/index.php\/wp-json\/wp\/v2\/users\/1"}],"replies":[{"embeddable":true,"href":"https:\/\/droitemoderniste.be\/index.php\/wp-json\/wp\/v2\/comments?post=2813"}],"version-history":[{"count":1,"href":"https:\/\/droitemoderniste.be\/index.php\/wp-json\/wp\/v2\/posts\/2813\/revisions"}],"predecessor-version":[{"id":2815,"href":"https:\/\/droitemoderniste.be\/index.php\/wp-json\/wp\/v2\/posts\/2813\/revisions\/2815"}],"wp:attachment":[{"href":"https:\/\/droitemoderniste.be\/index.php\/wp-json\/wp\/v2\/media?parent=2813"}],"wp:term":[{"taxonomy":"category","embeddable":true,"href":"https:\/\/droitemoderniste.be\/index.php\/wp-json\/wp\/v2\/categories?post=2813"},{"taxonomy":"post_tag","embeddable":true,"href":"https:\/\/droitemoderniste.be\/index.php\/wp-json\/wp\/v2\/tags?post=2813"}],"curies":[{"name":"wp","href":"https:\/\/api.w.org\/{rel}","templated":true}]}}