{"id":2806,"date":"2026-04-15T12:43:25","date_gmt":"2026-04-15T10:43:25","guid":{"rendered":"https:\/\/droitemoderniste.be\/?p=2806"},"modified":"2026-04-15T12:43:25","modified_gmt":"2026-04-15T10:43:25","slug":"la-belgique-pivot-maritime-discret-mais-essentiel","status":"publish","type":"post","link":"https:\/\/droitemoderniste.be\/index.php\/2026\/04\/15\/la-belgique-pivot-maritime-discret-mais-essentiel\/","title":{"rendered":"La Belgique, pivot maritime discret mais essentiel"},"content":{"rendered":"\n<figure class=\"wp-block-image size-large\"><img loading=\"lazy\" decoding=\"async\" width=\"1024\" height=\"683\" src=\"https:\/\/droitemoderniste.be\/wp-content\/uploads\/2026\/04\/dragueurs-de-mines-belges-Iran-1024x683.png\" alt=\"\" class=\"wp-image-2807\" srcset=\"https:\/\/droitemoderniste.be\/wp-content\/uploads\/2026\/04\/dragueurs-de-mines-belges-Iran-1024x683.png 1024w, https:\/\/droitemoderniste.be\/wp-content\/uploads\/2026\/04\/dragueurs-de-mines-belges-Iran-300x200.png 300w, https:\/\/droitemoderniste.be\/wp-content\/uploads\/2026\/04\/dragueurs-de-mines-belges-Iran-768x512.png 768w, https:\/\/droitemoderniste.be\/wp-content\/uploads\/2026\/04\/dragueurs-de-mines-belges-Iran.png 1536w\" sizes=\"auto, (max-width: 1024px) 100vw, 1024px\" \/><\/figure>\n\n\n\n<p class=\"wp-block-paragraph\">Dans un monde o\u00f9 les tensions g\u00e9opolitiques menacent les art\u00e8res vitales du commerce mondial, le d\u00e9troit d&rsquo;Ormuz incarne un enjeu strat\u00e9gique majeur. Avec 20% du p\u00e9trole mondial transitant par cette voie \u00e9troite, toute perturbation \u2013 mines pos\u00e9es par des acteurs hostiles comme les Houthis ou l&rsquo;Iran \u2013 pourrait d\u00e9clencher une crise \u00e9nerg\u00e9tique sans pr\u00e9c\u00e9dent. Au c\u0153ur de cette \u00e9quation, la Belgique, avec sa marine sp\u00e9cialis\u00e9e dans le dragage de mines, d\u00e9tient une carte ma\u00eetresse souvent sous-estim\u00e9e. Rejoindre une coalition navale internationale de libert\u00e9 de navigation dans le d\u00e9troit d&rsquo;Ormuz ne serait pas un simple geste symbolique : ce serait l&rsquo;occasion pour notre pays de d\u00e9montrer au monde son r\u00f4le pivot dans la s\u00e9curit\u00e9 maritime europ\u00e9enne, malgr\u00e9 une marine modeste en tonnage mais d&rsquo;une expertise in\u00e9gal\u00e9e.<\/p>\n\n\n\n<p class=\"wp-block-paragraph\"><strong>Une expertise unique au service de la libert\u00e9 des mers<\/strong><\/p>\n\n\n\n<p class=\"wp-block-paragraph\">La Composante Marine belge excelle dans la lutte antimines, un domaine o\u00f9 elle figure parmi les leaders mondiaux. Nos nouveaux chasseurs de mines de la classe City \u2013 comme le M940 Oostende, mis en service r\u00e9cemment \u2013 int\u00e8grent des technologies de pointe : drones immerg\u00e9s, sonars avanc\u00e9s et syst\u00e8mes de neutralisation \u00e0 distance. Ces navires, issus du programme rMCM belgo-n\u00e9erlandais, sont con\u00e7us pour op\u00e9rer dans des eaux peu profondes et encombr\u00e9es, pr\u00e9cis\u00e9ment comme le d\u00e9troit d&rsquo;Ormuz, o\u00f9 les mines magn\u00e9tiques ou acoustiques constituent la menace principale. Contrairement \u00e0 des fr\u00e9gates polyvalentes ou porte-avions, notre sp\u00e9cialisation niche r\u00e9pond \u00e0 un besoin critique que peu de marines ma\u00eetrisent aussi bien. Participer \u00e0 une coalition \u2013 aux c\u00f4t\u00e9s de la France, des Pays-Bas ou du Royaume-Uni \u2013 permettrait \u00e0 la Belgique de s\u00e9curiser concr\u00e8tement les flux \u00e9nerg\u00e9tiques, prot\u00e9geant non seulement l&rsquo;Europe mais l&rsquo;\u00e9conomie mondiale.<\/p>\n\n\n\n<p class=\"wp-block-paragraph\"><strong>Un prestige g\u00e9opolitique amplifi\u00e9 sur la sc\u00e8ne internationale<\/strong><\/p>\n\n\n\n<p class=\"wp-block-paragraph\">Malgr\u00e9 sa petite taille, la Belgique gagnerait un prestige immense de cette mission. Aux yeux des \u00c9tats-Unis, qui orchestrent souvent ces coalitions, notre engagement signalerait une fiabilit\u00e9 europ\u00e9enne face aux d\u00e9fis globaux, renfor\u00e7ant nos liens transatlantiques au sein de l&rsquo;OTAN. En Europe, il consoliderait notre stature : Bruxelles, d\u00e9j\u00e0 capitale politique de l&rsquo;UE, deviendrait aussi un acteur naval incontournable, prouvant que la d\u00e9fense collective ne repose pas seulement sur les grandes puissances. Plus largement, aux yeux du reste du monde \u2013 du Japon d\u00e9pendant du p\u00e9trole du Golfe \u00e0 l&rsquo;Inde ou \u00e0 la Chine \u2013 la Belgique appara\u00eetrait comme un garant impartial de la libert\u00e9 de navigation, un \u00ab\u00a0nettoyeur des mers\u00a0\u00bb essentiel dans une \u00e8re de fragmentation g\u00e9opolitique. Ce r\u00f4le pivot \u00e9l\u00e8verait notre diplomatie, souvent per\u00e7ue comme neutre et consensuelle, au rang de contribution op\u00e9rationnelle tangible.<\/p>\n\n\n\n<p class=\"wp-block-paragraph\"><strong>Au-del\u00e0 du prestige : des int\u00e9r\u00eats vitaux en jeu<\/strong><\/p>\n\n\n\n<p class=\"wp-block-paragraph\">Cette participation n&rsquo;est pas qu&rsquo;une question d&rsquo;image. La fermeture d&rsquo;Ormuz, m\u00eame temporaire, frapperait durement notre \u00e9conomie ouverte : hausse des prix du p\u00e9trole, inflation galopante et perturbations des cha\u00eenes d&rsquo;approvisionnement. En s\u00e9curisant ces eaux, la Belgique d\u00e9fendrait ses propres int\u00e9r\u00eats tout en assumant sa responsabilit\u00e9 europ\u00e9enne. Les risques existent \u2013 zone tendue, co\u00fbts op\u00e9rationnels \u2013 mais ils sont ma\u00eetrisables dans un cadre multinational, avec un mandat clair limit\u00e9 au d\u00e9minage et \u00e0 la surveillance.<\/p>\n\n\n\n<p class=\"wp-block-paragraph\">Il est temps pour le gouvernement belge de franchir le pas. D\u00e9ployer nos dragueurs \u00e0 Ormuz, c&rsquo;est transformer une sp\u00e9cialit\u00e9 technique en levier g\u00e9opolitique. C&rsquo;est affirmer que la Belgique, petite par la taille, est grande par son impact. Le monde entier le remarquerait \u2013 et nous en tirerions une influence durable.<\/p>\n\n\n\n<p class=\"wp-block-paragraph\"><\/p>\n\n\n\n<p class=\"wp-block-paragraph\"><\/p>\n\n\n\n<p class=\"wp-block-paragraph\">#D\u00e9fense #G\u00e9opolitique #D\u00e9fense nationale #S\u00e9curit\u00e9 maritime europ\u00e9enne<\/p>\n\n\n\n<p class=\"wp-block-paragraph\">#Marine belge #D\u00e9troit d&rsquo;Ormuz #S\u00e9curit\u00e9 maritime# OTAN# D\u00e9minage naval #G\u00e9opolitique #Coalition Internationale<\/p>\n\n\n\n<p class=\"wp-block-paragraph\"><\/p>\n","protected":false},"excerpt":{"rendered":"<p>Dans un monde o\u00f9 les tensions g\u00e9opolitiques menacent les art\u00e8res vitales du commerce mondial, le d\u00e9troit d&rsquo;Ormuz incarne un enjeu strat\u00e9gique majeur. Avec 20% du p\u00e9trole mondial transitant par cette voie \u00e9troite, toute perturbation \u2013 mines pos\u00e9es par des acteurs hostiles comme les Houthis ou l&rsquo;Iran \u2013 pourrait d\u00e9clencher une crise \u00e9nerg\u00e9tique sans pr\u00e9c\u00e9dent. Au [&hellip;]<\/p>\n","protected":false},"author":1,"featured_media":0,"comment_status":"open","ping_status":"open","sticky":false,"template":"","format":"standard","meta":{"_monsterinsights_skip_tracking":false,"_uf_show_specific_survey":0,"_uf_disable_surveys":false,"footnotes":""},"categories":[7,6,55],"tags":[],"class_list":["post-2806","post","type-post","status-publish","format-standard","hentry","category-defense","category-otan","category-souverainisme-europeen"],"_links":{"self":[{"href":"https:\/\/droitemoderniste.be\/index.php\/wp-json\/wp\/v2\/posts\/2806","targetHints":{"allow":["GET"]}}],"collection":[{"href":"https:\/\/droitemoderniste.be\/index.php\/wp-json\/wp\/v2\/posts"}],"about":[{"href":"https:\/\/droitemoderniste.be\/index.php\/wp-json\/wp\/v2\/types\/post"}],"author":[{"embeddable":true,"href":"https:\/\/droitemoderniste.be\/index.php\/wp-json\/wp\/v2\/users\/1"}],"replies":[{"embeddable":true,"href":"https:\/\/droitemoderniste.be\/index.php\/wp-json\/wp\/v2\/comments?post=2806"}],"version-history":[{"count":1,"href":"https:\/\/droitemoderniste.be\/index.php\/wp-json\/wp\/v2\/posts\/2806\/revisions"}],"predecessor-version":[{"id":2808,"href":"https:\/\/droitemoderniste.be\/index.php\/wp-json\/wp\/v2\/posts\/2806\/revisions\/2808"}],"wp:attachment":[{"href":"https:\/\/droitemoderniste.be\/index.php\/wp-json\/wp\/v2\/media?parent=2806"}],"wp:term":[{"taxonomy":"category","embeddable":true,"href":"https:\/\/droitemoderniste.be\/index.php\/wp-json\/wp\/v2\/categories?post=2806"},{"taxonomy":"post_tag","embeddable":true,"href":"https:\/\/droitemoderniste.be\/index.php\/wp-json\/wp\/v2\/tags?post=2806"}],"curies":[{"name":"wp","href":"https:\/\/api.w.org\/{rel}","templated":true}]}}