{"id":2799,"date":"2026-04-13T11:32:21","date_gmt":"2026-04-13T09:32:21","guid":{"rendered":"https:\/\/droitemoderniste.be\/?p=2799"},"modified":"2026-04-13T11:32:21","modified_gmt":"2026-04-13T09:32:21","slug":"leurope-ne-doit-pas-se-diluer","status":"publish","type":"post","link":"https:\/\/droitemoderniste.be\/index.php\/2026\/04\/13\/leurope-ne-doit-pas-se-diluer\/","title":{"rendered":"L&rsquo;Europe ne doit pas se diluer"},"content":{"rendered":"\n<figure class=\"wp-block-image size-large\"><img loading=\"lazy\" decoding=\"async\" width=\"683\" height=\"1024\" src=\"https:\/\/droitemoderniste.be\/wp-content\/uploads\/2026\/04\/Ne-diluons-pas-UE-683x1024.png\" alt=\"\" class=\"wp-image-2800\" srcset=\"https:\/\/droitemoderniste.be\/wp-content\/uploads\/2026\/04\/Ne-diluons-pas-UE-683x1024.png 683w, https:\/\/droitemoderniste.be\/wp-content\/uploads\/2026\/04\/Ne-diluons-pas-UE-200x300.png 200w, https:\/\/droitemoderniste.be\/wp-content\/uploads\/2026\/04\/Ne-diluons-pas-UE-768x1152.png 768w, https:\/\/droitemoderniste.be\/wp-content\/uploads\/2026\/04\/Ne-diluons-pas-UE.png 1024w\" sizes=\"auto, (max-width: 683px) 100vw, 683px\" \/><\/figure>\n\n\n\n<p class=\"wp-block-paragraph\">Mesdames, Messieurs,<\/p>\n\n\n\n<p class=\"wp-block-paragraph\">L\u2019Europe que nous aimons, l\u2019Europe que nous d\u00e9fendons, n\u2019est pas une simple addition de territoires. Elle est un projet de civilisation, un espace de prosp\u00e9rit\u00e9, d\u2019\u00e9quilibre et de puissance.<\/p>\n\n\n\n<p class=\"wp-block-paragraph\">Et pourtant, aujourd\u2019hui, une question essentielle se pose :<br><strong>peut-on continuer \u00e0 \u00e9largir l\u2019Union europ\u00e9enne sans en fragiliser les fondations ?<\/strong><\/p>\n\n\n\n<h5 class=\"wp-block-heading\">L\u2019erreur du pr\u00e9c\u00e9dent : apprendre de 2004<\/h5>\n\n\n\n<p class=\"wp-block-paragraph\">L\u2019\u00e9largissement de l&rsquo;Union europ\u00e9enne de 2004 fut un moment historique. Mais il fut aussi une le\u00e7on.<\/p>\n\n\n\n<p class=\"wp-block-paragraph\">Nous avons int\u00e9gr\u00e9 des nations courageuses, comme la Pologne ou la Roumanie, sans adapter suffisamment nos institutions, sans anticiper les d\u00e9s\u00e9quilibres.<\/p>\n\n\n\n<p class=\"wp-block-paragraph\">R\u00e9sultat :<\/p>\n\n\n\n<ul class=\"wp-block-list\">\n<li>Une convergence \u00e9conomique incompl\u00e8te<\/li>\n\n\n\n<li>Des fractures territoriales persistantes<\/li>\n\n\n\n<li>Une d\u00e9sindustrialisation silencieuse dans certaines r\u00e9gions de l\u2019Ouest<\/li>\n<\/ul>\n\n\n\n<p class=\"wp-block-paragraph\">Nous avons \u00e9largi vite. Trop vite.<\/p>\n\n\n\n<h5 class=\"wp-block-heading\">Une Europe \u00e0 deux vitesses\u2026 devenue structurelle<\/h5>\n\n\n\n<p class=\"wp-block-paragraph\">Aujourd\u2019hui, l\u2019Union europ\u00e9enne n\u2019avance plus au m\u00eame rythme.<\/p>\n\n\n\n<p class=\"wp-block-paragraph\">Entre une Allemagne industrielle et une Europe orientale encore en rattrapage, les \u00e9carts demeurent.<\/p>\n\n\n\n<p class=\"wp-block-paragraph\">Et ces \u00e9carts produisent :<\/p>\n\n\n\n<ul class=\"wp-block-list\">\n<li>du dumping social,<\/li>\n\n\n\n<li>des tensions politiques,<\/li>\n\n\n\n<li>et une d\u00e9fiance croissante des peuples.<\/li>\n<\/ul>\n\n\n\n<p class=\"wp-block-paragraph\">Une Europe divis\u00e9e n\u2019est plus une Europe forte.<\/p>\n\n\n\n<h5 class=\"wp-block-heading\">Le choc d\u00e9mographique silencieux<\/h5>\n\n\n\n<p class=\"wp-block-paragraph\">Nous avons ouvert nos fronti\u00e8res internes sans strat\u00e9gie d\u00e9mographique.<\/p>\n\n\n\n<p class=\"wp-block-paragraph\">R\u00e9sultat :<\/p>\n\n\n\n<ul class=\"wp-block-list\">\n<li>Les forces vives de l\u2019Est ont quitt\u00e9 leurs pays<\/li>\n\n\n\n<li>Des nations comme la Bulgarie ou la Roumanie se sont affaiblies<\/li>\n\n\n\n<li>Et l\u2019Ouest a absorb\u00e9 sans toujours int\u00e9grer<\/li>\n<\/ul>\n\n\n\n<p class=\"wp-block-paragraph\">Ce n\u2019est pas une victoire europ\u00e9enne.<br>C\u2019est un d\u00e9s\u00e9quilibre organis\u00e9.<\/p>\n\n\n\n<h5 class=\"wp-block-heading\">Les \u00e9largissements \u00e0 venir : un saut dans l\u2019inconnu<\/h5>\n\n\n\n<p class=\"wp-block-paragraph\">Et aujourd\u2019hui, certains veulent recommencer. Pire : acc\u00e9l\u00e9rer.<\/p>\n\n\n\n<p class=\"wp-block-paragraph\">Avec des pays comme :<\/p>\n\n\n\n<ul class=\"wp-block-list\">\n<li>Ukraine<\/li>\n\n\n\n<li>Moldavie<\/li>\n\n\n\n<li>ou encore la Serbie<\/li>\n<\/ul>\n\n\n\n<p class=\"wp-block-paragraph\">Mais regardons la r\u00e9alit\u00e9 en face :<\/p>\n\n\n\n<ul class=\"wp-block-list\">\n<li>\u00c9carts \u00e9conomiques encore plus massifs<\/li>\n\n\n\n<li>Instabilit\u00e9s politiques persistantes<\/li>\n\n\n\n<li>Co\u00fbts de reconstruction colossaux<\/li>\n<\/ul>\n\n\n\n<p class=\"wp-block-paragraph\">Int\u00e9grer aujourd\u2019hui, c\u2019est importer demain des fragilit\u00e9s majeures.<\/p>\n\n\n\n<h5 class=\"wp-block-heading\">Une Europe ingouvernable ?<\/h5>\n\n\n\n<p class=\"wp-block-paragraph\">Chaque \u00e9largissement rend l\u2019Union plus complexe.<\/p>\n\n\n\n<p class=\"wp-block-paragraph\">Plus d\u2019\u00c9tats, c\u2019est :<\/p>\n\n\n\n<ul class=\"wp-block-list\">\n<li>plus de blocages,<\/li>\n\n\n\n<li>plus de veto,<\/li>\n\n\n\n<li>moins de d\u00e9cisions.<\/li>\n<\/ul>\n\n\n\n<p class=\"wp-block-paragraph\">Une Europe \u00e0 35 ou 40 membres serait une Europe paralys\u00e9e.<\/p>\n\n\n\n<p class=\"wp-block-paragraph\">Et une Europe paralys\u00e9e est une Europe qui dispara\u00eet sur la sc\u00e8ne mondiale.<\/p>\n\n\n\n<h5 class=\"wp-block-heading\">Notre ligne : une Europe qui prot\u00e8ge et qui construit<\/h5>\n\n\n\n<p class=\"wp-block-paragraph\">Au <mark style=\"background-color:rgba(0, 0, 0, 0);color:#ff6900\" class=\"has-inline-color\">Mouvement Droite Moderniste<\/mark>, nous refusons le faux choix entre fermeture et fuite en avant.<\/p>\n\n\n\n<p class=\"wp-block-paragraph\">Nous portons une ligne claire :<\/p>\n\n\n\n<p class=\"wp-block-paragraph\"><strong>Pas d\u2019\u00e9largissement sans consolidation.<\/strong><\/p>\n\n\n\n<p class=\"wp-block-paragraph\">Cela signifie :<\/p>\n\n\n\n<ul class=\"wp-block-list\">\n<li>R\u00e9former les institutions avant toute nouvelle adh\u00e9sion<\/li>\n\n\n\n<li>Exiger une convergence \u00e9conomique r\u00e9elle, pas th\u00e9orique<\/li>\n\n\n\n<li>Prot\u00e9ger les \u00e9quilibres sociaux et industriels europ\u00e9ens<\/li>\n\n\n\n<li>Assumer une Europe puissance, pas une Europe dilu\u00e9e<\/li>\n<\/ul>\n\n\n\n<h5 class=\"wp-block-heading\">Conclusion : choisir la solidit\u00e9 plut\u00f4t que la dispersion<\/h5>\n\n\n\n<p class=\"wp-block-paragraph\">L\u2019Europe n\u2019a pas vocation \u00e0 \u00eatre infinie.<br>Elle a vocation \u00e0 \u00eatre coh\u00e9rente, forte et durable.<\/p>\n\n\n\n<p class=\"wp-block-paragraph\"><strong>\u00c9largir sans limite, c\u2019est affaiblir sans retour.<\/strong><br><strong>Construire avec exigence, c\u2019est garantir notre avenir.<\/strong><\/p>\n\n\n\n<p class=\"wp-block-paragraph\">Notre responsabilit\u00e9 historique est simple :<br><strong>faire une Europe qui tient debout, pas une Europe qui s\u2019\u00e9tend \u00e0 vide.<\/strong><\/p>\n","protected":false},"excerpt":{"rendered":"<p>Mesdames, Messieurs, L\u2019Europe que nous aimons, l\u2019Europe que nous d\u00e9fendons, n\u2019est pas une simple addition de territoires. Elle est un projet de civilisation, un espace de prosp\u00e9rit\u00e9, d\u2019\u00e9quilibre et de puissance. Et pourtant, aujourd\u2019hui, une question essentielle se pose :peut-on continuer \u00e0 \u00e9largir l\u2019Union europ\u00e9enne sans en fragiliser les fondations ? L\u2019erreur du pr\u00e9c\u00e9dent : [&hellip;]<\/p>\n","protected":false},"author":1,"featured_media":0,"comment_status":"open","ping_status":"open","sticky":false,"template":"","format":"standard","meta":{"_monsterinsights_skip_tracking":false,"_uf_show_specific_survey":0,"_uf_disable_surveys":false,"footnotes":""},"categories":[55,41],"tags":[],"class_list":["post-2799","post","type-post","status-publish","format-standard","hentry","category-souverainisme-europeen","category-union-europeenne"],"_links":{"self":[{"href":"https:\/\/droitemoderniste.be\/index.php\/wp-json\/wp\/v2\/posts\/2799","targetHints":{"allow":["GET"]}}],"collection":[{"href":"https:\/\/droitemoderniste.be\/index.php\/wp-json\/wp\/v2\/posts"}],"about":[{"href":"https:\/\/droitemoderniste.be\/index.php\/wp-json\/wp\/v2\/types\/post"}],"author":[{"embeddable":true,"href":"https:\/\/droitemoderniste.be\/index.php\/wp-json\/wp\/v2\/users\/1"}],"replies":[{"embeddable":true,"href":"https:\/\/droitemoderniste.be\/index.php\/wp-json\/wp\/v2\/comments?post=2799"}],"version-history":[{"count":1,"href":"https:\/\/droitemoderniste.be\/index.php\/wp-json\/wp\/v2\/posts\/2799\/revisions"}],"predecessor-version":[{"id":2801,"href":"https:\/\/droitemoderniste.be\/index.php\/wp-json\/wp\/v2\/posts\/2799\/revisions\/2801"}],"wp:attachment":[{"href":"https:\/\/droitemoderniste.be\/index.php\/wp-json\/wp\/v2\/media?parent=2799"}],"wp:term":[{"taxonomy":"category","embeddable":true,"href":"https:\/\/droitemoderniste.be\/index.php\/wp-json\/wp\/v2\/categories?post=2799"},{"taxonomy":"post_tag","embeddable":true,"href":"https:\/\/droitemoderniste.be\/index.php\/wp-json\/wp\/v2\/tags?post=2799"}],"curies":[{"name":"wp","href":"https:\/\/api.w.org\/{rel}","templated":true}]}}