{"id":2796,"date":"2026-04-11T11:08:56","date_gmt":"2026-04-11T09:08:56","guid":{"rendered":"https:\/\/droitemoderniste.be\/?p=2796"},"modified":"2026-04-11T11:08:56","modified_gmt":"2026-04-11T09:08:56","slug":"elargir-lue-a-tout-prix-le-suicide-strategique-de-leurope","status":"publish","type":"post","link":"https:\/\/droitemoderniste.be\/index.php\/2026\/04\/11\/elargir-lue-a-tout-prix-le-suicide-strategique-de-leurope\/","title":{"rendered":"\u00c9largir l&rsquo;UE \u00e0 tout prix? Le suicide strat\u00e9gique de l&rsquo;Europe"},"content":{"rendered":"\n<figure class=\"wp-block-image size-large\"><img loading=\"lazy\" decoding=\"async\" width=\"683\" height=\"1024\" src=\"https:\/\/droitemoderniste.be\/wp-content\/uploads\/2026\/04\/elargissement-desintegration-683x1024.png\" alt=\"\" class=\"wp-image-2797\" srcset=\"https:\/\/droitemoderniste.be\/wp-content\/uploads\/2026\/04\/elargissement-desintegration-683x1024.png 683w, https:\/\/droitemoderniste.be\/wp-content\/uploads\/2026\/04\/elargissement-desintegration-200x300.png 200w, https:\/\/droitemoderniste.be\/wp-content\/uploads\/2026\/04\/elargissement-desintegration-768x1152.png 768w, https:\/\/droitemoderniste.be\/wp-content\/uploads\/2026\/04\/elargissement-desintegration.png 1024w\" sizes=\"auto, (max-width: 683px) 100vw, 683px\" \/><\/figure>\n\n\n\n<p class=\"wp-block-paragraph\"><em>Ukraine, Balkans, Moldavie : sous les bons sentiments g\u00e9opolitiques se cache un projet de d\u00e9sint\u00e9gration \u00e9conomique, d\u00e9mographique et institutionnelle. Il est temps de dire la v\u00e9rit\u00e9 aux Belges.<\/em><\/p>\n\n\n\n<p class=\"wp-block-paragraph\">On nous le r\u00e9p\u00e8te comme un mantra : l\u2019\u00e9largissement de l\u2019Union europ\u00e9enne est un imp\u00e9ratif historique, une n\u00e9cessit\u00e9 g\u00e9opolitique, un devoir moral. Ukraine, Moldavie, G\u00e9orgie, Balkans occidentaux : la Commission promet une Union \u00e0 34, voire 36 membres d\u2019ici 2030. Derri\u00e8re cette rh\u00e9torique triomphaliste se cache pourtant une r\u00e9alit\u00e9 que personne n\u2019ose nommer : ce \u00ab grand bond en avant \u00bb risque d\u2019\u00eatre le plus grand bond en arri\u00e8re de l\u2019histoire europ\u00e9enne.<\/p>\n\n\n\n<p class=\"wp-block-paragraph\">Pour la Belgique, \u00c9tat fondateur, puissance commerciale et si\u00e8ge des institutions, les cons\u00e9quences seraient disproportionn\u00e9es. Il est temps d\u2019examiner froidement les faits.<\/p>\n\n\n\n<p class=\"wp-block-paragraph\"><strong>1. Une Union paralys\u00e9e par ses propres vetos<\/strong><\/p>\n\n\n\n<p class=\"wp-block-paragraph\">Passer de 27 \u00e0 36 membres, c\u2019est multiplier par trois le risque de blocage institutionnel. Dans une Union o\u00f9 la fiscalit\u00e9, la politique \u00e9trang\u00e8re et l\u2019adh\u00e9sion elle-m\u00eame requi\u00e8rent l\u2019unanimit\u00e9, chaque nouveau membre d\u00e9tient une arme de veto absolu. On a d\u00e9j\u00e0 vu la Hongrie paralyser pendant des mois le soutien \u00e0 l\u2019Ukraine ; imaginez d\u00e9sormais dix, douze \u00c9tats aux int\u00e9r\u00eats divergents, aux histoires conflictuelles, aux d\u00e9pendances \u00e9nerg\u00e9tiques oppos\u00e9es.<\/p>\n\n\n\n<p class=\"wp-block-paragraph\">Le r\u00e9sultat est math\u00e9matique : soit l\u2019UE devient une coquille vide, incapable de d\u00e9cider, soit elle doit abandonner ce qui reste de souverainet\u00e9 nationale au profit d\u2019un f\u00e9d\u00e9ralisme impos\u00e9, sans mandat d\u00e9mocratique clair. Pour la Belgique, d\u00e9j\u00e0 fragile sur le plan communautaire, cette perspective est particuli\u00e8rement dangereuse : comment expliquer aux Flamands et aux Wallons que leur destin fiscal et migratoire sera d\u00e9sormais soumis au veto de l\u2019Albanie ou de la Bosnie ?<\/p>\n\n\n\n<p class=\"wp-block-paragraph\"><strong>2. Un choc budg\u00e9taire sans pr\u00e9c\u00e9dent<\/strong><\/p>\n\n\n\n<p class=\"wp-block-paragraph\">La Commission minimise le co\u00fbt : quelques points de PIB, dit-elle. La r\u00e9alit\u00e9 est plus brutale. Une \u00e9tude r\u00e9cente montre qu\u2019un \u00e9largissement \u00e0 36 membres entra\u00eenerait une baisse m\u00e9canique de 24% des fonds de coh\u00e9sion pour la Pologne et l\u2019Italie, et de 18% des aides agricoles pour la France et l\u2019Espagne. La Belgique, contributeur net, ne sera pas \u00e9pargn\u00e9e : moins de retours pour nos agriculteurs, nos PME et nos r\u00e9gions en reconversion, et davantage de transferts vers des pays dont le PIB par habitant repr\u00e9sente le quart du n\u00f4tre.<\/p>\n\n\n\n<p class=\"wp-block-paragraph\">Ajoutez \u00e0 cela la reconstruction de l\u2019Ukraine, estim\u00e9e \u00e0 500 milliards d\u2019euros, et la modernisation de ses infrastructures, de son agriculture et de son \u00c9tat de droit. Qui paiera ? Les contribuables belges, bien s\u00fbr. Dans un contexte de dette publique d\u00e9j\u00e0 \u00e9lev\u00e9e et de pression fiscale record, cet \u00e9largissement est une cure d\u2019aust\u00e9rit\u00e9 d\u00e9guis\u00e9e.<\/p>\n\n\n\n<p class=\"wp-block-paragraph\"><strong>3. D\u00e9localisations, dumping social et effondrement agricole<\/strong><\/p>\n\n\n\n<p class=\"wp-block-paragraph\">L\u2019histoire ne ment pas. L\u2019\u00e9largissement de 2004 a d\u00e9j\u00e0 acc\u00e9l\u00e9r\u00e9 les d\u00e9localisations industrielles vers l\u2019Est, fragilisant nos bassins d\u2019emploi. Que se passera-t-il avec l\u2019Ukraine, dont les salaires sont six fois inf\u00e9rieurs \u00e0 la moyenne europ\u00e9enne, ou avec les Balkans, o\u00f9 le co\u00fbt du travail est d\u00e9risoire ?<\/p>\n\n\n\n<p class=\"wp-block-paragraph\">Nos PME, d\u00e9j\u00e0 sous pression, devront choisir : suivre ou dispara\u00eetre. Nos agriculteurs, \u00e9touff\u00e9s par les normes environnementales et la concurrence extra-europ\u00e9enne, feront face \u00e0 l\u2019arriv\u00e9e massive de c\u00e9r\u00e9ales ukrainiennes ultra-comp\u00e9titives, produites avec des normes sanitaires et environnementales bien moins contraignantes. Le r\u00e9sultat ? Une nouvelle vague de faillites dans nos campagnes et une d\u00e9pendance accrue aux importations \u00e0 bas co\u00fbt.<\/p>\n\n\n\n<p class=\"wp-block-paragraph\"><strong>4. Importer des guerres, pas la paix<\/strong><\/p>\n\n\n\n<p class=\"wp-block-paragraph\">On nous vend l\u2019\u00e9largissement comme un projet de paix. C\u2019est l\u2019inverse : c\u2019est l\u2019importation de conflits gel\u00e9s et de zones de guerre au c\u0153ur m\u00eame de l\u2019Union. En adh\u00e9rant, l\u2019Ukraine, la Moldavie et la G\u00e9orgie importent leurs fronti\u00e8res contest\u00e9es, leurs s\u00e9paratismes arm\u00e9s et leurs tensions avec la Russie. Les Balkans occidentaux ne sont pas en meilleure posture : la Bosnie est une poudri\u00e8re ethnique, le Kosovo n\u2019est pas reconnu par cinq \u00c9tats membres, et la Serbie joue un jeu d\u2019\u00e9quilibriste entre Moscou et Bruxelles.<\/p>\n\n\n\n<p class=\"wp-block-paragraph\">Demain, l\u2019UE devra d\u00e9fendre militairement ces fronti\u00e8res, avec une arm\u00e9e europ\u00e9enne qui n\u2019existe pas, et une OTAN dont les priorit\u00e9s sont ailleurs. La Belgique, d\u00e9j\u00e0 engag\u00e9e sur plusieurs th\u00e9\u00e2tres ext\u00e9rieurs, devra-t-elle envoyer ses soldats dans le Donbass ou en Transnistrie ?<\/p>\n\n\n\n<p class=\"wp-block-paragraph\"><strong>5. Un hiver d\u00e9mographique aggrav\u00e9<\/strong><\/p>\n\n\n\n<p class=\"wp-block-paragraph\">Enfin, parlons d\u00e9mographie. Les pays candidats sont d\u00e9j\u00e0 en d\u00e9clin : la Moldavie a perdu la moiti\u00e9 de sa population depuis 1990, l\u2019Ukraine un tiers, et les Balkans se vident de leurs jeunes. Leur adh\u00e9sion ne fera qu\u2019acc\u00e9l\u00e9rer l\u2019exode vers l\u2019Ouest, vidant ces \u00c9tats de leur force vive et augmentant la pression migratoire sur nos villes.<\/p>\n\n\n\n<p class=\"wp-block-paragraph\">L\u2019UE, d\u00e9j\u00e0 en \u00ab hiver d\u00e9mographique \u00bb depuis 2015, importera de nouveaux foyers de d\u00e9population structurelle, tout en devenant la principale zone de transit pour les flux migratoires venus d\u2019Asie centrale et du Caucase. R\u00e9sultat : plus de tensions sociales, plus de pression sur nos syst\u00e8mes de protection sociale, et moins de coh\u00e9sion nationale.<\/p>\n\n\n\n<p class=\"wp-block-paragraph\"><strong>Conclusion : stop ou encore ?<\/strong><\/p>\n\n\n\n<p class=\"wp-block-paragraph\">Il n\u2019est pas trop tard pour dire la v\u00e9rit\u00e9. L\u2019\u00e9largissement n\u2019est pas une fatalit\u00e9. Il existe d\u2019autres voies : partenariats strat\u00e9giques, unions \u00e9conomiques sectorielles, int\u00e9gration graduelle sans adh\u00e9sion pleine et enti\u00e8re. Ces formules permettraient de stabiliser nos voisins sans sacrifier la souverainet\u00e9, la prosp\u00e9rit\u00e9 et la s\u00e9curit\u00e9 des Belges.<\/p>\n\n\n\n<p class=\"wp-block-paragraph\">Continuer sur cette voie, c\u2019est choisir le suicide strat\u00e9gique : une Union paralys\u00e9e, appauvrie, divis\u00e9e et expos\u00e9e aux conflits de ses voisins. La Belgique, \u00c9tat fondateur et c\u0153ur battant de l\u2019Europe, a le devoir de dire non \u00e0 ce projet de d\u00e9sint\u00e9gration. L\u2019histoire ne nous pardonnerait pas d\u2019avoir sacrifi\u00e9 l\u2019Europe r\u00e9elle sur l\u2019autel d\u2019un id\u00e9alisme aveugle.<\/p>\n","protected":false},"excerpt":{"rendered":"<p>Ukraine, Balkans, Moldavie : sous les bons sentiments g\u00e9opolitiques se cache un projet de d\u00e9sint\u00e9gration \u00e9conomique, d\u00e9mographique et institutionnelle. Il est temps de dire la v\u00e9rit\u00e9 aux Belges. On nous le r\u00e9p\u00e8te comme un mantra : l\u2019\u00e9largissement de l\u2019Union europ\u00e9enne est un imp\u00e9ratif historique, une n\u00e9cessit\u00e9 g\u00e9opolitique, un devoir moral. Ukraine, Moldavie, G\u00e9orgie, Balkans occidentaux [&hellip;]<\/p>\n","protected":false},"author":1,"featured_media":0,"comment_status":"open","ping_status":"open","sticky":false,"template":"","format":"standard","meta":{"_monsterinsights_skip_tracking":false,"_uf_show_specific_survey":0,"_uf_disable_surveys":false,"footnotes":""},"categories":[55,41],"tags":[],"class_list":["post-2796","post","type-post","status-publish","format-standard","hentry","category-souverainisme-europeen","category-union-europeenne"],"_links":{"self":[{"href":"https:\/\/droitemoderniste.be\/index.php\/wp-json\/wp\/v2\/posts\/2796","targetHints":{"allow":["GET"]}}],"collection":[{"href":"https:\/\/droitemoderniste.be\/index.php\/wp-json\/wp\/v2\/posts"}],"about":[{"href":"https:\/\/droitemoderniste.be\/index.php\/wp-json\/wp\/v2\/types\/post"}],"author":[{"embeddable":true,"href":"https:\/\/droitemoderniste.be\/index.php\/wp-json\/wp\/v2\/users\/1"}],"replies":[{"embeddable":true,"href":"https:\/\/droitemoderniste.be\/index.php\/wp-json\/wp\/v2\/comments?post=2796"}],"version-history":[{"count":1,"href":"https:\/\/droitemoderniste.be\/index.php\/wp-json\/wp\/v2\/posts\/2796\/revisions"}],"predecessor-version":[{"id":2798,"href":"https:\/\/droitemoderniste.be\/index.php\/wp-json\/wp\/v2\/posts\/2796\/revisions\/2798"}],"wp:attachment":[{"href":"https:\/\/droitemoderniste.be\/index.php\/wp-json\/wp\/v2\/media?parent=2796"}],"wp:term":[{"taxonomy":"category","embeddable":true,"href":"https:\/\/droitemoderniste.be\/index.php\/wp-json\/wp\/v2\/categories?post=2796"},{"taxonomy":"post_tag","embeddable":true,"href":"https:\/\/droitemoderniste.be\/index.php\/wp-json\/wp\/v2\/tags?post=2796"}],"curies":[{"name":"wp","href":"https:\/\/api.w.org\/{rel}","templated":true}]}}