{"id":2790,"date":"2026-04-09T10:54:48","date_gmt":"2026-04-09T08:54:48","guid":{"rendered":"https:\/\/droitemoderniste.be\/?p=2790"},"modified":"2026-04-09T10:54:48","modified_gmt":"2026-04-09T08:54:48","slug":"leurope-ne-mourra-pas-dun-manque-de-valeurs-elle-pourrait-mourir-dun-manque-de-courage-politique","status":"publish","type":"post","link":"https:\/\/droitemoderniste.be\/index.php\/2026\/04\/09\/leurope-ne-mourra-pas-dun-manque-de-valeurs-elle-pourrait-mourir-dun-manque-de-courage-politique\/","title":{"rendered":"L&rsquo;Europe ne mourra pas d&rsquo;un manque de valeurs. Elle pourrait mourir d&rsquo;un manque de courage politique"},"content":{"rendered":"\n<figure class=\"wp-block-image size-full\"><img loading=\"lazy\" decoding=\"async\" width=\"290\" height=\"174\" src=\"https:\/\/droitemoderniste.be\/wp-content\/uploads\/2026\/04\/alliance-transatlantique.jpg\" alt=\"\" class=\"wp-image-2791\"\/><\/figure>\n\n\n\n<p class=\"wp-block-paragraph\">Mesdames, Messieurs,<br>Chers militants du Mouvement Droite Moderniste,<\/p>\n\n\n\n<p class=\"wp-block-paragraph\">L\u2019histoire politique est simple :<br>les nations qui avancent sont celles qui ont des dirigeants courageux.<br>Les nations qui d\u00e9clinent sont celles qui ont des dirigeants prudents\u2026 au mauvais moment.<\/p>\n\n\n\n<p class=\"wp-block-paragraph\">Aujourd\u2019hui, l\u2019Europe est \u00e0 la crois\u00e9e des chemins.<\/p>\n\n\n\n<p class=\"wp-block-paragraph\">Et je veux le dire clairement :<\/p>\n\n\n\n<p class=\"wp-block-paragraph\"><strong>L\u2019Europe ne mourra pas d\u2019un manque de valeurs.<br>Elle pourrait mourir d\u2019un manque de courage politique.<\/strong><\/p>\n\n\n\n<p class=\"wp-block-paragraph\">Notre industrie recule.<br>Nos entreprises \u00e9touffent sous les co\u00fbts \u00e9nerg\u00e9tiques.<br>Nos travailleurs voient leurs usines fermer pendant que le reste du monde acc\u00e9l\u00e8re.<\/p>\n\n\n\n<p class=\"wp-block-paragraph\">Et pendant ce temps, trop de responsables politiques r\u00e9p\u00e8tent des slogans\u2026<br>alors que les citoyens attendent des d\u00e9cisions.<\/p>\n\n\n\n<p class=\"wp-block-paragraph\">Au <mark style=\"background-color:rgba(0, 0, 0, 0);color:#ff6900\" class=\"has-inline-color\">Mouvement Droite Moderniste<\/mark>, nous refusons cette politique du d\u00e9ni.<\/p>\n\n\n\n<p class=\"wp-block-paragraph\">Parce que notre projet est clair :<\/p>\n\n\n\n<p class=\"wp-block-paragraph\"><strong>Une Europe forte.<br>Une industrie puissante.<br>Une souverainet\u00e9 \u00e9conomique retrouv\u00e9e.<\/strong><\/p>\n\n\n\n<p class=\"wp-block-paragraph\">C\u2019est cela, notre ligne :<br>le <strong>modernisme \u00e9conomique<\/strong> et le <strong>souverainisme \u00e9clair\u00e9<\/strong>.<\/p>\n\n\n\n<p class=\"wp-block-paragraph\">Et je veux le dire ici, devant vous, sans d\u00e9tour :<\/p>\n\n\n\n<p class=\"wp-block-paragraph\"><strong>Le souverainisme \u00e9clair\u00e9, c\u2019est d\u00e9fendre nos int\u00e9r\u00eats sans peur du d\u00e9bat.<\/strong><\/p>\n\n\n\n<p class=\"wp-block-paragraph\">Aujourd\u2019hui, l\u2019une des grandes questions que beaucoup \u00e9vitent est pourtant centrale :<br>l\u2019\u00e9nergie.<\/p>\n\n\n\n<p class=\"wp-block-paragraph\">Car il faut dire la v\u00e9rit\u00e9 aux Europ\u00e9ens :<\/p>\n\n\n\n<p class=\"wp-block-paragraph\"><strong>Une industrie sans \u00e9nergie comp\u00e9titive est une industrie condamn\u00e9e.<\/strong><\/p>\n\n\n\n<p class=\"wp-block-paragraph\">Et une Europe sans industrie\u2026<br>devient d\u00e9pendante des autres puissances.<\/p>\n\n\n\n<p class=\"wp-block-paragraph\">Nous ne voulons pas d\u2019une Europe d\u00e9pendante.<\/p>\n\n\n\n<p class=\"wp-block-paragraph\">Nous voulons une Europe qui n\u00e9gocie, qui agit, qui d\u00e9cide.<\/p>\n\n\n\n<p class=\"wp-block-paragraph\">Et oui, cela signifie avoir le courage d\u2019ouvrir des discussions que d\u2019autres veulent interdire.<\/p>\n\n\n\n<p class=\"wp-block-paragraph\">Je le dis clairement :<\/p>\n\n\n\n<p class=\"wp-block-paragraph\"><strong>Si l\u2019avenir industriel de l\u2019Europe l\u2019exige, alors l\u2019Europe devra \u00eatre capable de rouvrir des pourparlers \u00e9conomiques et \u00e9nerg\u00e9tiques avec la Russie lorsque les conditions le permettront.<\/strong><\/p>\n\n\n\n<p class=\"wp-block-paragraph\">Parce que la politique s\u00e9rieuse ne se r\u00e9sume pas \u00e0 des postures.<\/p>\n\n\n\n<p class=\"wp-block-paragraph\"><strong>La politique s\u00e9rieuse consiste \u00e0 prot\u00e9ger son peuple, ses emplois et sa puissance.<\/strong><\/p>\n\n\n\n<p class=\"wp-block-paragraph\">Et je vous le dis aujourd\u2019hui :<\/p>\n\n\n\n<p class=\"wp-block-paragraph\"><strong>Le vrai courage politique n\u2019est pas de suivre l\u2019air du temps.<br>Le vrai courage politique est de pr\u00e9parer le temps qui vient.<\/strong><\/p>\n\n\n\n<p class=\"wp-block-paragraph\">Le <mark style=\"background-color:rgba(0, 0, 0, 0);color:#ff6900\" class=\"has-inline-color\">Mouvement Droite Moderniste<\/mark> est n\u00e9 pour cela.<\/p>\n\n\n\n<p class=\"wp-block-paragraph\">Nous ne sommes pas le parti du confort politique.<br>Nous sommes le mouvement de la lucidit\u00e9.<\/p>\n\n\n\n<p class=\"wp-block-paragraph\">Nous disons ce que d\u2019autres diront dans cinq ans.<br>Nous proposons aujourd\u2019hui ce que l\u2019Europe devra faire demain.<\/p>\n\n\n\n<p class=\"wp-block-paragraph\">Parce que l\u2019histoire va vite.<br>Et les continents qui h\u00e9sitent sont ceux qui d\u00e9clinent.<\/p>\n\n\n\n<p class=\"wp-block-paragraph\">Alors je vous le dis :<\/p>\n\n\n\n<p class=\"wp-block-paragraph\"><strong>L\u2019Europe doit redevenir une puissance industrielle.<br>Et une puissance industrielle ne demande pas la permission d\u2019exister.<\/strong><\/p>\n\n\n\n<p class=\"wp-block-paragraph\">Elle agit.<\/p>\n\n\n\n<p class=\"wp-block-paragraph\">Elle investit.<br>Elle prot\u00e8ge ses int\u00e9r\u00eats.<br>Elle n\u00e9gocie quand c\u2019est n\u00e9cessaire.<br>Elle s\u2019impose quand c\u2019est possible.<\/p>\n\n\n\n<p class=\"wp-block-paragraph\">Voil\u00e0 notre vision.<\/p>\n\n\n\n<p class=\"wp-block-paragraph\">Voil\u00e0 notre combat.<\/p>\n\n\n\n<p class=\"wp-block-paragraph\">Et voil\u00e0 pourquoi notre slogan n\u2019est pas seulement une phrase.<\/p>\n\n\n\n<p class=\"wp-block-paragraph\">C\u2019est une direction pour l\u2019avenir :<\/p>\n\n\n\n<p class=\"wp-block-paragraph\"><strong>Racines fortes, regard neuf.<\/strong><\/p>\n\n\n\n<p class=\"wp-block-paragraph\">Des racines fortes dans notre civilisation, dans nos travailleurs, dans notre industrie.<br>Un regard neuf sur le monde, lucide, strat\u00e9gique et sans tabou.<\/p>\n\n\n\n<p class=\"wp-block-paragraph\">Mes amis,<\/p>\n\n\n\n<p class=\"wp-block-paragraph\">Je veux que ce congr\u00e8s envoie un message clair \u00e0 toute l\u2019Europe :<\/p>\n\n\n\n<p class=\"wp-block-paragraph\"><strong>Une nouvelle g\u00e9n\u00e9ration politique est pr\u00eate \u00e0 gouverner.<\/strong><\/p>\n\n\n\n<p class=\"wp-block-paragraph\">Une g\u00e9n\u00e9ration qui n\u2019a pas peur de penser diff\u00e9remment.<br>Une g\u00e9n\u00e9ration qui n\u2019a pas peur de d\u00e9fendre l\u2019industrie europ\u00e9enne.<br>Une g\u00e9n\u00e9ration qui n\u2019a pas peur d\u2019avoir le courage de ses opinions.<\/p>\n\n\n\n<p class=\"wp-block-paragraph\">Et croyez-moi :<\/p>\n\n\n\n<p class=\"wp-block-paragraph\"><strong>Quand une id\u00e9e juste rencontre le courage politique,<br>elle finit toujours par gagner.<\/strong><\/p>\n\n\n\n<p class=\"wp-block-paragraph\">Merci.<\/p>\n","protected":false},"excerpt":{"rendered":"<p>Mesdames, Messieurs,Chers militants du Mouvement Droite Moderniste, L\u2019histoire politique est simple :les nations qui avancent sont celles qui ont des dirigeants courageux.Les nations qui d\u00e9clinent sont celles qui ont des dirigeants prudents\u2026 au mauvais moment. Aujourd\u2019hui, l\u2019Europe est \u00e0 la crois\u00e9e des chemins. Et je veux le dire clairement : L\u2019Europe ne mourra pas d\u2019un [&hellip;]<\/p>\n","protected":false},"author":1,"featured_media":0,"comment_status":"open","ping_status":"open","sticky":false,"template":"","format":"standard","meta":{"_monsterinsights_skip_tracking":false,"_uf_show_specific_survey":0,"_uf_disable_surveys":false,"footnotes":""},"categories":[55,41],"tags":[],"class_list":["post-2790","post","type-post","status-publish","format-standard","hentry","category-souverainisme-europeen","category-union-europeenne"],"_links":{"self":[{"href":"https:\/\/droitemoderniste.be\/index.php\/wp-json\/wp\/v2\/posts\/2790","targetHints":{"allow":["GET"]}}],"collection":[{"href":"https:\/\/droitemoderniste.be\/index.php\/wp-json\/wp\/v2\/posts"}],"about":[{"href":"https:\/\/droitemoderniste.be\/index.php\/wp-json\/wp\/v2\/types\/post"}],"author":[{"embeddable":true,"href":"https:\/\/droitemoderniste.be\/index.php\/wp-json\/wp\/v2\/users\/1"}],"replies":[{"embeddable":true,"href":"https:\/\/droitemoderniste.be\/index.php\/wp-json\/wp\/v2\/comments?post=2790"}],"version-history":[{"count":1,"href":"https:\/\/droitemoderniste.be\/index.php\/wp-json\/wp\/v2\/posts\/2790\/revisions"}],"predecessor-version":[{"id":2792,"href":"https:\/\/droitemoderniste.be\/index.php\/wp-json\/wp\/v2\/posts\/2790\/revisions\/2792"}],"wp:attachment":[{"href":"https:\/\/droitemoderniste.be\/index.php\/wp-json\/wp\/v2\/media?parent=2790"}],"wp:term":[{"taxonomy":"category","embeddable":true,"href":"https:\/\/droitemoderniste.be\/index.php\/wp-json\/wp\/v2\/categories?post=2790"},{"taxonomy":"post_tag","embeddable":true,"href":"https:\/\/droitemoderniste.be\/index.php\/wp-json\/wp\/v2\/tags?post=2790"}],"curies":[{"name":"wp","href":"https:\/\/api.w.org\/{rel}","templated":true}]}}