{"id":2787,"date":"2026-04-08T11:47:36","date_gmt":"2026-04-08T09:47:36","guid":{"rendered":"https:\/\/droitemoderniste.be\/?p=2787"},"modified":"2026-04-08T11:47:36","modified_gmt":"2026-04-08T09:47:36","slug":"laltruisme-sans-limite-est-suicidaire","status":"publish","type":"post","link":"https:\/\/droitemoderniste.be\/index.php\/2026\/04\/08\/laltruisme-sans-limite-est-suicidaire\/","title":{"rendered":"L&rsquo;altruisme sans limite est suicidaire"},"content":{"rendered":"\n<figure class=\"wp-block-image size-full\"><img loading=\"lazy\" decoding=\"async\" width=\"704\" height=\"396\" src=\"https:\/\/droitemoderniste.be\/wp-content\/uploads\/2026\/04\/immigration-submersion.webp\" alt=\"\" class=\"wp-image-2788\" srcset=\"https:\/\/droitemoderniste.be\/wp-content\/uploads\/2026\/04\/immigration-submersion.webp 704w, https:\/\/droitemoderniste.be\/wp-content\/uploads\/2026\/04\/immigration-submersion-300x169.webp 300w\" sizes=\"auto, (max-width: 704px) 100vw, 704px\" \/><\/figure>\n\n\n\n<p class=\"wp-block-paragraph\">Il faut parfois avoir le courage de dire une phrase que beaucoup pensent tout bas mais que peu osent \u00e9crire : une soci\u00e9t\u00e9 qui refuse de se prot\u00e9ger finit toujours par se mettre en danger \u2014 et par mettre les autres en danger avec elle.<\/p>\n\n\n\n<p class=\"wp-block-paragraph\">Depuis plusieurs ann\u00e9es, une morale \u00e9trange s\u2019impose dans le d\u00e9bat public. Fixer des limites serait un aveu de faiblesse morale. D\u00e9fendre la s\u00e9curit\u00e9 collective serait presque suspect. Et rappeler qu\u2019un pays ne peut pas tout absorber serait consid\u00e9r\u00e9 comme un manque d\u2019humanit\u00e9.<\/p>\n\n\n\n<p class=\"wp-block-paragraph\">Mais le r\u00e9el ne dispara\u00eet pas parce qu\u2019on refuse de le regarder.<\/p>\n\n\n\n<p class=\"wp-block-paragraph\">Un pays n\u2019est pas un concept abstrait ni un symbole destin\u00e9 \u00e0 prouver notre vertu. C\u2019est une construction fragile : une confiance entre citoyens, des institutions qui fonctionnent, des services publics qui tiennent, une soci\u00e9t\u00e9 qui reste vivable. Lorsque cet \u00e9quilibre se fissure, tout se fragilise \u2014 y compris la solidarit\u00e9.<\/p>\n\n\n\n<p class=\"wp-block-paragraph\">C\u2019est l\u00e0 que le d\u00e9bat devient honn\u00eate ou qu\u2019il cesse de l\u2019\u00eatre.<\/p>\n\n\n\n<p class=\"wp-block-paragraph\">Car l\u2019altruisme sans limites, celui qui refuse toute fronti\u00e8re politique, toute capacit\u00e9 d\u2019accueil, toute hi\u00e9rarchie des responsabilit\u00e9s, n\u2019est pas seulement irr\u00e9aliste. Il peut devenir destructeur. Non par m\u00e9chancet\u00e9, mais par aveuglement.<\/p>\n\n\n\n<p class=\"wp-block-paragraph\">Lorsqu\u2019une soci\u00e9t\u00e9 donne le sentiment qu\u2019elle ne se prot\u00e8ge plus, quelque chose de profond se brise. Les citoyens se sentent d\u00e9laiss\u00e9s, ignor\u00e9s, parfois m\u00e9pris\u00e9s. Et ce sentiment nourrit une r\u00e9action pr\u00e9visible : la d\u00e9fiance, la col\u00e8re, le rejet brutal de tout discours sur l\u2019ouverture.<\/p>\n\n\n\n<p class=\"wp-block-paragraph\">C\u2019est ainsi que les exc\u00e8s moraux finissent par produire des exc\u00e8s politiques.<\/p>\n\n\n\n<p class=\"wp-block-paragraph\">\u00c0 force de culpabiliser les peuples, on fabrique les ruptures que l\u2019on pr\u00e9tend \u00e9viter.<\/p>\n\n\n\n<p class=\"wp-block-paragraph\">Il est temps de sortir de cette hypocrisie confortable. Un \u00c9tat n\u2019a pas vocation \u00e0 \u00eatre une conscience universelle. Il a une responsabilit\u00e9 pr\u00e9cise : garantir la s\u00e9curit\u00e9, la stabilit\u00e9 et l\u2019avenir de sa propre communaut\u00e9 politique. C\u2019est m\u00eame la condition pour pouvoir aider ailleurs.<\/p>\n\n\n\n<p class=\"wp-block-paragraph\">Car une soci\u00e9t\u00e9 forte peut accueillir.<br>Une soci\u00e9t\u00e9 fragilis\u00e9e finit par se refermer.<\/p>\n\n\n\n<p class=\"wp-block-paragraph\">Ce que certains appellent avec d\u00e9dain \u00ab \u00e9go\u00efsme \u00bb est souvent, en r\u00e9alit\u00e9, une forme de maturit\u00e9 politique. Savoir dire non quand c\u2019est n\u00e9cessaire. Savoir organiser l\u2019ouverture plut\u00f4t que la subir. Savoir prot\u00e9ger ce qui permet justement de rester un pays libre et solidaire.<\/p>\n\n\n\n<p class=\"wp-block-paragraph\">L\u2019histoire est claire sur ce point : les soci\u00e9t\u00e9s qui survivent ne sont pas celles qui renoncent \u00e0 se d\u00e9fendre, mais celles qui savent \u00e9quilibrer g\u00e9n\u00e9rosit\u00e9 et lucidit\u00e9.<\/p>\n\n\n\n<p class=\"wp-block-paragraph\">Le vrai d\u00e9bat n\u2019est donc pas entre humanit\u00e9 et s\u00e9curit\u00e9.<br>Le vrai d\u00e9bat est entre <strong>responsabilit\u00e9 et illusion<\/strong>.<\/p>\n\n\n\n<p class=\"wp-block-paragraph\">Et si l\u2019on veut \u00e9viter les fractures profondes qui menacent d\u00e9j\u00e0 nos d\u00e9mocraties, il faudra accepter de regarder cette r\u00e9alit\u00e9 sans d\u00e9tour.<\/p>\n\n\n\n<p class=\"wp-block-paragraph\">Oui, cela d\u00e9range.<br>Oui, cela bouscule certaines certitudes confortables.<\/p>\n\n\n\n<p class=\"wp-block-paragraph\">Mais la politique n\u2019est pas un concours de vertu affich\u00e9e. C\u2019est l\u2019art difficile de pr\u00e9server une soci\u00e9t\u00e9 dans le r\u00e9el.<\/p>\n\n\n\n<p class=\"wp-block-paragraph\">Et dans le r\u00e9el, une v\u00e9rit\u00e9 s\u2019impose de plus en plus clairement : <strong>l\u2019\u00e9go\u00efsme s\u00e9curitaire vaut mieux que l\u2019altruisme suicidaire.<\/strong><\/p>\n","protected":false},"excerpt":{"rendered":"<p>Il faut parfois avoir le courage de dire une phrase que beaucoup pensent tout bas mais que peu osent \u00e9crire : une soci\u00e9t\u00e9 qui refuse de se prot\u00e9ger finit toujours par se mettre en danger \u2014 et par mettre les autres en danger avec elle. Depuis plusieurs ann\u00e9es, une morale \u00e9trange s\u2019impose dans le d\u00e9bat [&hellip;]<\/p>\n","protected":false},"author":1,"featured_media":0,"comment_status":"open","ping_status":"open","sticky":false,"template":"","format":"standard","meta":{"_monsterinsights_skip_tracking":false,"_uf_show_specific_survey":0,"_uf_disable_surveys":false,"footnotes":""},"categories":[1,32,47],"tags":[],"class_list":["post-2787","post","type-post","status-publish","format-standard","hentry","category-immigration","category-securite-publique","category-souverainisme"],"_links":{"self":[{"href":"https:\/\/droitemoderniste.be\/index.php\/wp-json\/wp\/v2\/posts\/2787","targetHints":{"allow":["GET"]}}],"collection":[{"href":"https:\/\/droitemoderniste.be\/index.php\/wp-json\/wp\/v2\/posts"}],"about":[{"href":"https:\/\/droitemoderniste.be\/index.php\/wp-json\/wp\/v2\/types\/post"}],"author":[{"embeddable":true,"href":"https:\/\/droitemoderniste.be\/index.php\/wp-json\/wp\/v2\/users\/1"}],"replies":[{"embeddable":true,"href":"https:\/\/droitemoderniste.be\/index.php\/wp-json\/wp\/v2\/comments?post=2787"}],"version-history":[{"count":1,"href":"https:\/\/droitemoderniste.be\/index.php\/wp-json\/wp\/v2\/posts\/2787\/revisions"}],"predecessor-version":[{"id":2789,"href":"https:\/\/droitemoderniste.be\/index.php\/wp-json\/wp\/v2\/posts\/2787\/revisions\/2789"}],"wp:attachment":[{"href":"https:\/\/droitemoderniste.be\/index.php\/wp-json\/wp\/v2\/media?parent=2787"}],"wp:term":[{"taxonomy":"category","embeddable":true,"href":"https:\/\/droitemoderniste.be\/index.php\/wp-json\/wp\/v2\/categories?post=2787"},{"taxonomy":"post_tag","embeddable":true,"href":"https:\/\/droitemoderniste.be\/index.php\/wp-json\/wp\/v2\/tags?post=2787"}],"curies":[{"name":"wp","href":"https:\/\/api.w.org\/{rel}","templated":true}]}}