{"id":2783,"date":"2026-04-07T08:18:06","date_gmt":"2026-04-07T06:18:06","guid":{"rendered":"https:\/\/droitemoderniste.be\/?p=2783"},"modified":"2026-04-07T08:18:06","modified_gmt":"2026-04-07T06:18:06","slug":"iran-et-si-lue-assumait-enfin-une-strategie-de-lucidite","status":"publish","type":"post","link":"https:\/\/droitemoderniste.be\/index.php\/2026\/04\/07\/iran-et-si-lue-assumait-enfin-une-strategie-de-lucidite\/","title":{"rendered":"Iran: et si l&rsquo;UE assumait enfin une strat\u00e9gie de lucidit\u00e9"},"content":{"rendered":"\n<figure class=\"wp-block-image size-full\"><img loading=\"lazy\" decoding=\"async\" width=\"620\" height=\"310\" src=\"https:\/\/droitemoderniste.be\/wp-content\/uploads\/2026\/04\/58fae93dcd70e80512ffffae.jpg\" alt=\"\" class=\"wp-image-2784\" srcset=\"https:\/\/droitemoderniste.be\/wp-content\/uploads\/2026\/04\/58fae93dcd70e80512ffffae.jpg 620w, https:\/\/droitemoderniste.be\/wp-content\/uploads\/2026\/04\/58fae93dcd70e80512ffffae-300x150.jpg 300w\" sizes=\"auto, (max-width: 620px) 100vw, 620px\" \/><\/figure>\n\n\n\n<p class=\"wp-block-paragraph\"><strong>Iran : et si l\u2019Occident assumait enfin une strat\u00e9gie de lucidit\u00e9 ?<\/strong><\/p>\n\n\n\n<p class=\"wp-block-paragraph\">Par-del\u00e0 les r\u00e9actions indign\u00e9es et les mises en garde alarmistes, une question m\u00e9rite d\u2019\u00eatre pos\u00e9e avec sang-froid : les frappes men\u00e9es par les \u00c9tats-Unis et Isra\u00ebl contre les capacit\u00e9s nucl\u00e9aires et balistiques iraniennes constituent-elles une \u201cerreur strat\u00e9gique colossale\u201d ? Rien n\u2019est moins s\u00fbr. \u00c0 rebours du discours dominant dans une partie de l\u2019opinion europ\u00e9enne, il est possible \u2014 et m\u00eame n\u00e9cessaire \u2014 d\u2019en proposer une lecture diff\u00e9rente : celle d\u2019un choix difficile, risqu\u00e9, mais fondamentalement rationnel.<\/p>\n\n\n\n<p class=\"wp-block-paragraph\">Car le c\u0153ur du probl\u00e8me est simple. L\u2019Iran n\u2019est pas une puissance comme les autres. Depuis des ann\u00e9es, le r\u00e9gime des mollahs d\u00e9veloppe une strat\u00e9gie de seuil nucl\u00e9aire : accumuler les capacit\u00e9s techniques sans franchir officiellement la ligne rouge. Cette ambigu\u00eft\u00e9 lui permet de b\u00e9n\u00e9ficier des avantages de la dissuasion sans en assumer pleinement les cons\u00e9quences. Face \u00e0 cela, l\u2019inaction n\u2019est pas neutre : elle revient, de facto, \u00e0 accepter l\u2019\u00e9mergence d\u2019une puissance nucl\u00e9aire hostile au c\u0153ur du Moyen-Orient.<\/p>\n\n\n\n<p class=\"wp-block-paragraph\">Les frappes actuelles doivent donc \u00eatre comprises pour ce qu\u2019elles sont : une strat\u00e9gie de pr\u00e9vention. Elles ne visent pas n\u00e9cessairement \u00e0 d\u00e9truire d\u00e9finitivement le programme iranien \u2014 objectif probablement illusoire \u2014 mais \u00e0 le ralentir, \u00e0 en augmenter le co\u00fbt et \u00e0 rappeler qu\u2019une telle trajectoire n\u2019est pas sans cons\u00e9quences. En mati\u00e8re de prolif\u00e9ration nucl\u00e9aire, quelques ann\u00e9es de retard peuvent changer profond\u00e9ment la donne : elles offrent du temps, modifient les calculs strat\u00e9giques et ouvrent des fen\u00eatres diplomatiques.<\/p>\n\n\n\n<p class=\"wp-block-paragraph\">Il y a, dans cette d\u00e9marche, une autre dimension souvent n\u00e9glig\u00e9e : celle de la cr\u00e9dibilit\u00e9. Depuis trop longtemps, les puissances occidentales oscillent entre d\u00e9clarations de fermet\u00e9 et renoncements pratiques. Or, une dissuasion qui n\u2019est jamais mise en \u0153uvre finit par ne plus dissuader. En frappant, Washington et Tel-Aviv envoient un signal clair : la prolif\u00e9ration nucl\u00e9aire n\u2019est pas un jeu sans risque. Ce message d\u00e9passe largement le seul cas iranien.<\/p>\n\n\n\n<p class=\"wp-block-paragraph\">Ces op\u00e9rations ont \u00e9galement une port\u00e9e militaire plus large. En ciblant les infrastructures balistiques et certaines composantes du syst\u00e8me de d\u00e9fense iranien, elles contribuent \u00e0 r\u00e9duire la capacit\u00e9 de nuisance r\u00e9gionale de T\u00e9h\u00e9ran. Moins de missiles, moins de projection de puissance, c\u2019est potentiellement moins d\u2019instabilit\u00e9 pour l\u2019ensemble du Moyen-Orient \u2014 et, par ricochet, pour l\u2019Europe.<\/p>\n\n\n\n<p class=\"wp-block-paragraph\">Mais c\u2019est sans doute sur le plan politique que les effets pourraient \u00eatre les plus d\u00e9cisifs. Le r\u00e9gime iranien n\u2019est pas monolithique. Il est travers\u00e9 de tensions, fragilis\u00e9 par une situation \u00e9conomique d\u00e9grad\u00e9e et contest\u00e9 par une partie de sa population. Une pression ext\u00e9rieure accrue peut accentuer ces fissures. Il ne s\u2019agit pas de croire na\u00efvement \u00e0 un effondrement imminent, mais de reconna\u00eetre qu\u2019un affaiblissement progressif du r\u00e9gime est possible.<\/p>\n\n\n\n<p class=\"wp-block-paragraph\">Bien s\u00fbr, cette strat\u00e9gie comporte des risques. Elle peut provoquer une escalade, renforcer les factions les plus dures \u00e0 T\u00e9h\u00e9ran ou alimenter un sentiment nationaliste. Aucun responsable s\u00e9rieux ne peut l\u2019ignorer. Mais la v\u00e9ritable question est ailleurs : l\u2019alternative est-elle r\u00e9ellement moins dangereuse ? Un Iran dot\u00e9 de l\u2019arme nucl\u00e9aire, capable de sanctuariser ses actions r\u00e9gionales derri\u00e8re une dissuasion cr\u00e9dible, constituerait un d\u00e9fi strat\u00e9gique d\u2019une tout autre ampleur.<\/p>\n\n\n\n<p class=\"wp-block-paragraph\">Dans ce contexte, la position europ\u00e9enne appara\u00eet singuli\u00e8rement en retrait. L\u2019Union europ\u00e9enne se veut puissance normative, attach\u00e9e au multilat\u00e9ralisme et au droit international. Mais ces principes ne peuvent tenir lieu de strat\u00e9gie lorsqu\u2019ils ne sont pas adoss\u00e9s \u00e0 des rapports de force. Refuser par principe toute logique de puissance, c\u2019est se condamner \u00e0 l\u2019impuissance.<\/p>\n\n\n\n<p class=\"wp-block-paragraph\">Faut-il pour autant que l\u2019Europe s\u2019engage aux c\u00f4t\u00e9s des \u00c9tats-Unis et d\u2019Isra\u00ebl ? La question m\u00e9rite d\u2019\u00eatre pos\u00e9e sans tabou. Non pas dans une logique d\u2019alignement automatique, mais dans celle d\u2019une participation lucide. En s\u2019impliquant, l\u2019Union europ\u00e9enne pourrait peser sur les objectifs, \u00e9viter les d\u00e9rives et contribuer \u00e0 d\u00e9finir une issue politique. En restant \u00e0 l\u2019\u00e9cart, elle s\u2019expose \u00e0 subir les cons\u00e9quences sans jamais en influencer le cours.<\/p>\n\n\n\n<p class=\"wp-block-paragraph\">Le d\u00e9bat ne doit donc pas opposer bellicisme et pacifisme caricatural. Il doit porter sur une r\u00e9alit\u00e9 plus inconfortable : dans un monde redevenu conflictuel, l\u2019inaction peut \u00eatre plus dangereuse que l\u2019action. Face \u00e0 la prolif\u00e9ration nucl\u00e9aire et \u00e0 la mont\u00e9e des r\u00e9gimes autoritaires, la prudence absolue n\u2019est pas toujours synonyme de sagesse.<\/p>\n\n\n\n<p class=\"wp-block-paragraph\">L\u2019histoire jugera peut-\u00eatre s\u00e9v\u00e8rement ces choix. Mais elle juge souvent plus s\u00e9v\u00e8rement encore ceux qui, par peur du risque, ont laiss\u00e9 les menaces cro\u00eetre jusqu\u2019\u00e0 devenir incontr\u00f4lables.<\/p>\n\n\n\n<p class=\"wp-block-paragraph\">Il est temps, pour l\u2019Europe \u2014 et pour la Belgique \u2014 de regarder cette r\u00e9alit\u00e9 en face.<\/p>\n","protected":false},"excerpt":{"rendered":"<p>Iran : et si l\u2019Occident assumait enfin une strat\u00e9gie de lucidit\u00e9 ? Par-del\u00e0 les r\u00e9actions indign\u00e9es et les mises en garde alarmistes, une question m\u00e9rite d\u2019\u00eatre pos\u00e9e avec sang-froid : les frappes men\u00e9es par les \u00c9tats-Unis et Isra\u00ebl contre les capacit\u00e9s nucl\u00e9aires et balistiques iraniennes constituent-elles une \u201cerreur strat\u00e9gique colossale\u201d ? Rien n\u2019est moins s\u00fbr. [&hellip;]<\/p>\n","protected":false},"author":1,"featured_media":0,"comment_status":"open","ping_status":"open","sticky":false,"template":"","format":"standard","meta":{"_monsterinsights_skip_tracking":false,"_uf_show_specific_survey":0,"_uf_disable_surveys":false,"footnotes":""},"categories":[55,41],"tags":[],"class_list":["post-2783","post","type-post","status-publish","format-standard","hentry","category-souverainisme-europeen","category-union-europeenne"],"_links":{"self":[{"href":"https:\/\/droitemoderniste.be\/index.php\/wp-json\/wp\/v2\/posts\/2783","targetHints":{"allow":["GET"]}}],"collection":[{"href":"https:\/\/droitemoderniste.be\/index.php\/wp-json\/wp\/v2\/posts"}],"about":[{"href":"https:\/\/droitemoderniste.be\/index.php\/wp-json\/wp\/v2\/types\/post"}],"author":[{"embeddable":true,"href":"https:\/\/droitemoderniste.be\/index.php\/wp-json\/wp\/v2\/users\/1"}],"replies":[{"embeddable":true,"href":"https:\/\/droitemoderniste.be\/index.php\/wp-json\/wp\/v2\/comments?post=2783"}],"version-history":[{"count":1,"href":"https:\/\/droitemoderniste.be\/index.php\/wp-json\/wp\/v2\/posts\/2783\/revisions"}],"predecessor-version":[{"id":2785,"href":"https:\/\/droitemoderniste.be\/index.php\/wp-json\/wp\/v2\/posts\/2783\/revisions\/2785"}],"wp:attachment":[{"href":"https:\/\/droitemoderniste.be\/index.php\/wp-json\/wp\/v2\/media?parent=2783"}],"wp:term":[{"taxonomy":"category","embeddable":true,"href":"https:\/\/droitemoderniste.be\/index.php\/wp-json\/wp\/v2\/categories?post=2783"},{"taxonomy":"post_tag","embeddable":true,"href":"https:\/\/droitemoderniste.be\/index.php\/wp-json\/wp\/v2\/tags?post=2783"}],"curies":[{"name":"wp","href":"https:\/\/api.w.org\/{rel}","templated":true}]}}