{"id":2780,"date":"2026-04-06T09:10:05","date_gmt":"2026-04-06T07:10:05","guid":{"rendered":"https:\/\/droitemoderniste.be\/?p=2780"},"modified":"2026-04-06T09:10:05","modified_gmt":"2026-04-06T07:10:05","slug":"iran-lue-puissance-passive-restera-un-nain-geopolitique","status":"publish","type":"post","link":"https:\/\/droitemoderniste.be\/index.php\/2026\/04\/06\/iran-lue-puissance-passive-restera-un-nain-geopolitique\/","title":{"rendered":"Iran: l&rsquo;UE, puissance passive, restera un \u00ab\u00a0nain g\u00e9opolitique\u00a0\u00bb"},"content":{"rendered":"\n<figure class=\"wp-block-image size-full\"><img loading=\"lazy\" decoding=\"async\" width=\"275\" height=\"183\" src=\"https:\/\/droitemoderniste.be\/wp-content\/uploads\/2026\/04\/motivation.jpeg\" alt=\"\" class=\"wp-image-2781\"\/><\/figure>\n\n\n\n<p class=\"wp-block-paragraph\">Dans le conflit actuel opposant les \u00c9tats-Unis et Isra\u00ebl \u00e0 l&rsquo;Iran, le r\u00f4le de l&rsquo;Europe est pour l&rsquo;instant <strong>ambigu, divis\u00e9 et largement en retrait<\/strong>, bien que des signes de r\u00e9orientation strat\u00e9gique commencent \u00e0 \u00e9merger sous la pression des \u00e9v\u00e9nements.<\/p>\n\n\n\n<p class=\"wp-block-paragraph\">Voici une analyse d\u00e9taill\u00e9e de sa position et de ses limites actuelles :<\/p>\n\n\n\n<h6 class=\"wp-block-heading\">1. Une division diplomatique paralysante<\/h6>\n\n\n\n<p class=\"wp-block-paragraph\">\u00c0 27, l&rsquo;Union europ\u00e9enne peine \u00e0 afficher une ligne commune claire, ce qui la rend invisible sur la sc\u00e8ne op\u00e9rationnelle :<\/p>\n\n\n\n<ul class=\"wp-block-list\">\n<li><strong>Le camp de la prudence (voire de l&rsquo;opposition) :<\/strong> Des pays comme l&rsquo;<strong>Espagne<\/strong> condamnent ouvertement les frappes pr\u00e9ventives, craignant une escalade r\u00e9gionale incontr\u00f4lable et privil\u00e9giant toujours la voie diplomatique.<\/li>\n\n\n\n<li><strong>Le camp de l&rsquo;alignement atlantiste :<\/strong> L&rsquo;<strong>Allemagne<\/strong>, le <strong>Royaume-Uni<\/strong> (bien que hors UE) et, dans une moindre mesure, la <strong>France<\/strong>, commencent \u00e0 bouger pour soutenir leurs alli\u00e9s, reconnaissant la l\u00e9gitimit\u00e9 de la menace nucl\u00e9aire iranienne. Cependant, ce soutien reste pour l&rsquo;instant verbal et prudent, loin d&rsquo;un engagement militaire actif.<\/li>\n\n\n\n<li><strong>Cons\u00e9quence :<\/strong> Cette cacophonie emp\u00eache l&rsquo;UE de peser comme un bloc coh\u00e9rent, la r\u00e9duisant \u00e0 un r\u00f4le de spectateur bienveillant ou critique, mais non d&rsquo;acteur d\u00e9cisif.<\/li>\n<\/ul>\n\n\n\n<h6 class=\"wp-block-heading\">2. Une impuissance militaire structurelle<\/h6>\n\n\n\n<p class=\"wp-block-paragraph\">Contrairement aux \u00c9tats-Unis et \u00e0 Isra\u00ebl, l&rsquo;Europe ne dispose pas des moyens de projection de puissance n\u00e9cessaires pour intervenir directement dans ce conflit sp\u00e9cifique :<\/p>\n\n\n\n<ul class=\"wp-block-list\">\n<li><strong>Absence de \u00ab\u00a0Hard Power\u00a0\u00bb :<\/strong> L&rsquo;Europe n&rsquo;a pas de porte-avions nucl\u00e9aires d\u00e9ployables imm\u00e9diatement dans le Golfe, ni de bombardiers strat\u00e9giques capables de frapper les sites enfouis comme Fordo, ni de renseignement satellite en temps r\u00e9el comparable \u00e0 celui de la NSA ou du Mossad.<\/li>\n\n\n\n<li><strong>D\u00e9pendance logistique :<\/strong> Pour toute op\u00e9ration d&rsquo;envergure au Moyen-Orient, les arm\u00e9es europ\u00e9ennes d\u00e9pendent enti\u00e8rement du soutien logistique am\u00e9ricain (ravitaillement en vol, renseignement, protection anti-missile), ce qui limite leur autonomie d&rsquo;action.<\/li>\n<\/ul>\n\n\n\n<h6 class=\"wp-block-heading\">3. Les leviers d&rsquo;action r\u00e9els (mais sous-utilis\u00e9s)<\/h6>\n\n\n\n<p class=\"wp-block-paragraph\">Si l&rsquo;Europe est absente militairement, elle dispose pourtant d&rsquo;atouts majeurs qu&rsquo;elle n&rsquo;exploite pas \u00e0 leur plein potentiel :<\/p>\n\n\n\n<ul class=\"wp-block-list\">\n<li><strong>La puissance \u00e9conomique et les sanctions :<\/strong> L&rsquo;UE est le premier march\u00e9 unique au monde. Elle pourrait asphyxier financi\u00e8rement le r\u00e9gime des mollahs en durcissant radicalement ses sanctions (gel total des avoirs, embargo p\u00e9trolier strict, exclusion du syst\u00e8me SWIFT), mais elle h\u00e9site souvent par crainte pour ses propres approvisionnements ou par division interne.<\/li>\n\n\n\n<li><strong>Le poids diplomatique et normatif :<\/strong> L&rsquo;Europe reste la principale donatrice d&rsquo;aide humanitaire et le gardien du droit international. Elle pourrait utiliser ce levier pour isoler totalement l&rsquo;Iran sur la sc\u00e8ne internationale et pr\u00e9parer un plan de stabilisation pour l&rsquo;apr\u00e8s-r\u00e9gime, offrant une alternative cr\u00e9dible \u00e0 la dictature.<\/li>\n<\/ul>\n\n\n\n<h6 class=\"wp-block-heading\">Conclusion : Un r\u00f4le de \u00ab\u00a0puissance passive\u00a0\u00bb<\/h6>\n\n\n\n<p class=\"wp-block-paragraph\">Pour l&rsquo;instant, l&rsquo;Europe joue un r\u00f4le de <strong>puissance passive<\/strong> : elle subit les cons\u00e9quences g\u00e9opolitiques du conflit (risques terroristes, flux migratoires, choc \u00e9nerg\u00e9tique) sans avoir la volont\u00e9 politique d&rsquo;en influencer le cours.<\/p>\n\n\n\n<p class=\"wp-block-paragraph\">Son absence d&rsquo;intervention active aux c\u00f4t\u00e9s des \u00c9tats-Unis et d&rsquo;Isra\u00ebl s&rsquo;explique moins par un manque de moyens que par un <strong>d\u00e9faut de volont\u00e9 strat\u00e9gique<\/strong>. Tant que l&rsquo;UE ne transformera pas sa puissance \u00e9conomique en levier de coercition politique et militaire, elle restera un \u00ab\u00a0nain g\u00e9opolitique\u00a0\u00bb dans ce conflit, condamn\u00e9e \u00e0 payer la facture s\u00e9curitaire d&rsquo;une guerre qu&rsquo;elle n&rsquo;aura pas aid\u00e9 \u00e0 gagner.<\/p>\n","protected":false},"excerpt":{"rendered":"<p>Dans le conflit actuel opposant les \u00c9tats-Unis et Isra\u00ebl \u00e0 l&rsquo;Iran, le r\u00f4le de l&rsquo;Europe est pour l&rsquo;instant ambigu, divis\u00e9 et largement en retrait, bien que des signes de r\u00e9orientation strat\u00e9gique commencent \u00e0 \u00e9merger sous la pression des \u00e9v\u00e9nements. Voici une analyse d\u00e9taill\u00e9e de sa position et de ses limites actuelles : 1. Une division [&hellip;]<\/p>\n","protected":false},"author":1,"featured_media":0,"comment_status":"open","ping_status":"open","sticky":false,"template":"","format":"standard","meta":{"_monsterinsights_skip_tracking":false,"_uf_show_specific_survey":0,"_uf_disable_surveys":false,"footnotes":""},"categories":[55,41],"tags":[],"class_list":["post-2780","post","type-post","status-publish","format-standard","hentry","category-souverainisme-europeen","category-union-europeenne"],"_links":{"self":[{"href":"https:\/\/droitemoderniste.be\/index.php\/wp-json\/wp\/v2\/posts\/2780","targetHints":{"allow":["GET"]}}],"collection":[{"href":"https:\/\/droitemoderniste.be\/index.php\/wp-json\/wp\/v2\/posts"}],"about":[{"href":"https:\/\/droitemoderniste.be\/index.php\/wp-json\/wp\/v2\/types\/post"}],"author":[{"embeddable":true,"href":"https:\/\/droitemoderniste.be\/index.php\/wp-json\/wp\/v2\/users\/1"}],"replies":[{"embeddable":true,"href":"https:\/\/droitemoderniste.be\/index.php\/wp-json\/wp\/v2\/comments?post=2780"}],"version-history":[{"count":1,"href":"https:\/\/droitemoderniste.be\/index.php\/wp-json\/wp\/v2\/posts\/2780\/revisions"}],"predecessor-version":[{"id":2782,"href":"https:\/\/droitemoderniste.be\/index.php\/wp-json\/wp\/v2\/posts\/2780\/revisions\/2782"}],"wp:attachment":[{"href":"https:\/\/droitemoderniste.be\/index.php\/wp-json\/wp\/v2\/media?parent=2780"}],"wp:term":[{"taxonomy":"category","embeddable":true,"href":"https:\/\/droitemoderniste.be\/index.php\/wp-json\/wp\/v2\/categories?post=2780"},{"taxonomy":"post_tag","embeddable":true,"href":"https:\/\/droitemoderniste.be\/index.php\/wp-json\/wp\/v2\/tags?post=2780"}],"curies":[{"name":"wp","href":"https:\/\/api.w.org\/{rel}","templated":true}]}}