{"id":2777,"date":"2026-04-05T10:21:12","date_gmt":"2026-04-05T08:21:12","guid":{"rendered":"https:\/\/droitemoderniste.be\/?p=2777"},"modified":"2026-04-05T10:21:12","modified_gmt":"2026-04-05T08:21:12","slug":"laction-americano-israelienne-contre-liran-constitue-une-necessite-strategique","status":"publish","type":"post","link":"https:\/\/droitemoderniste.be\/index.php\/2026\/04\/05\/laction-americano-israelienne-contre-liran-constitue-une-necessite-strategique\/","title":{"rendered":"L&rsquo;action am\u00e9ricano-isra\u00e9lienne contre l&rsquo;Iran constitue une n\u00e9cessit\u00e9 strat\u00e9gique"},"content":{"rendered":"\n<figure class=\"wp-block-image size-full\"><img loading=\"lazy\" decoding=\"async\" width=\"265\" height=\"199\" src=\"https:\/\/droitemoderniste.be\/wp-content\/uploads\/2026\/04\/boeing-has-an-updated-f-18-in-the-works-heres-how-its-comparable-to-the-f-35.jpg\" alt=\"\" class=\"wp-image-2778\"\/><\/figure>\n\n\n\n<p class=\"wp-block-paragraph\">Qualifier cette offensive d&rsquo;\u00ab erreur strat\u00e9gique colossale \u00bb ignore la r\u00e9alit\u00e9 de la menace existentielle que repr\u00e9sentait un Iran nucl\u00e9aire :<\/p>\n\n\n\n<ul class=\"wp-block-list\">\n<li><strong>Neutralisation d&rsquo;une menace existentielle :<\/strong> L&rsquo;Iran \u00e9tait au seuil de la capacit\u00e9 nucl\u00e9aire militaire. Une fois franchi, le point de non-retour aurait rendu toute action future impossible sans un conflit nucl\u00e9aire majeur. La destruction des sites d&rsquo;enrichissement (Natanz, Fordo, Ispahan) et des arsenaux balistiques est la seule m\u00e9thode garantie pour repousser cette \u00e9ch\u00e9ance de mani\u00e8re durable, l\u00e0 o\u00f9 la diplomatie a \u00e9chou\u00e9 pendant 20 ans.<\/li>\n\n\n\n<li><strong>D\u00e9capitation de l&rsquo;\u00ab Axe de la R\u00e9sistance \u00bb :<\/strong> Le r\u00e9gime des mollahs ne menace pas seulement par l&rsquo;atome, mais par son r\u00e9seau de proxies (Hezbollah, Hamas, Houthis, milices chiites). En fragilisant l&rsquo;\u00c9tat iranien lui-m\u00eame, on prive ces groupes de leur financement, de leur renseignement et de leur couverture diplomatique. C&rsquo;est une approche \u00ab couper la t\u00eate du serpent \u00bb bien plus efficace que la gestion au cas par cas des conflits p\u00e9riph\u00e9riques.<\/li>\n\n\n\n<li><strong>Opportunit\u00e9 historique unique :<\/strong> Le r\u00e9gime est plus fragile que jamais, rejet\u00e9 par une large part de sa population (notamment une jeunesse s\u00e9cularis\u00e9e) et \u00e9conomiquement \u00e0 genoux. Une pression militaire externe maximale peut catalyser un effondrement interne ou une transition d\u00e9mocratique, \u00e9vitant ainsi des d\u00e9cennies suppl\u00e9mentaires de th\u00e9ocratie expansionniste.<\/li>\n<\/ul>\n\n\n\n<p class=\"wp-block-paragraph\">L&rsquo;abstention europ\u00e9enne n&rsquo;est pas de l\u2019 \u00ab&nbsp;autonomie strat\u00e9gique&nbsp;\u00bb, c&rsquo;est du suicide g\u00e9opolitique \u00e0 long terme. Voici pourquoi l&rsquo;UE doit activement soutenir cette offensive :<\/p>\n\n\n\n<ul class=\"wp-block-list\">\n<li><strong>S\u00e9curit\u00e9 directe du continent :<\/strong> Un Iran nucl\u00e9aire ou disposant de missiles balistiques intercontinentaux fiables menace directement les capitales europ\u00e9ennes. La prolif\u00e9ration nucl\u00e9aire au Moyen-Orient d\u00e9clencherait une course aux armements (Arabie saoudite, Turquie, \u00c9gypte) rendant la r\u00e9gion ing\u00e9rable et exacerbant les flux migratoires et terroristes vers l&rsquo;Europe.<\/li>\n\n\n\n<li><strong>Coh\u00e9rence atlantique et cr\u00e9dibilit\u00e9 :<\/strong> L&rsquo;OTAN repose sur la d\u00e9fense collective. Si les \u00c9tats-Unis engagent leur puissance pour \u00e9liminer une menace qui p\u00e8se aussi sur l&rsquo;Europe, la solidarit\u00e9 impose un soutien actif. Rester passif tandis que Washington et Tel-Aviv assument les risques et les co\u00fbts minerait irr\u00e9m\u00e9diablement l&rsquo;alliance et la cr\u00e9dibilit\u00e9 de l&rsquo;Europe comme partenaire fiable.<\/li>\n\n\n\n<li><strong>Soutien \u00e0 l&rsquo;\u00e9mancipation d&rsquo;un peuple :<\/strong> Contrairement \u00e0 des guerres d&rsquo;agression classiques, cette action vise un r\u00e9gime th\u00e9ocratique qui opprime son propre peuple depuis 45 ans. Soutenir cette offensive, c&rsquo;est prendre parti pour les femmes, les jeunes et les d\u00e9mocrates iraniens qui r\u00e9clament la chute des mollahs depuis des ann\u00e9es. C&rsquo;est un imp\u00e9ratif moral autant que strat\u00e9gique.<\/li>\n<\/ul>\n\n\n\n<p class=\"wp-block-paragraph\">L&rsquo;intervention europ\u00e9enne ne n\u00e9cessite pas forc\u00e9ment un engagement terrestre massif, mais doit \u00eatre substantielle :<\/p>\n\n\n\n<ol start=\"1\" class=\"wp-block-list\">\n<li><strong>Soutien logistique et renseignement :<\/strong> Fournir un appui en mati\u00e8re de renseignement (satellites, \u00e9coutes), de ravitaillement en vol et de d\u00e9fense antimissile pour prot\u00e9ger les bases et les flottes engag\u00e9es.<\/li>\n\n\n\n<li><strong>Pression \u00e9conomique maximale :<\/strong> Durcir imm\u00e9diatement et unanimement les sanctions contre le r\u00e9gime restant, geler tous les avoirs r\u00e9siduels et interdire tout commerce p\u00e9trolier r\u00e9siduel pour asphyxier financi\u00e8rement la dictature.<\/li>\n\n\n\n<li><strong>Plan de stabilisation post-r\u00e9gime :<\/strong> Pr\u00e9parer d\u00e8s maintenant un plan Marshall pour un futur Iran d\u00e9mocratique, conditionnant l&rsquo;aide \u00e0 la transition, pour \u00e9viter le chaos type libyen et garantir que la lib\u00e9ration ne d\u00e9bouche pas sur un vide s\u00e9curitaire.<\/li>\n<\/ol>\n\n\n\n<p class=\"wp-block-paragraph\">Loin d&rsquo;\u00eatre une erreur, la destruction des capacit\u00e9s nucl\u00e9aires et balistiques de l&rsquo;Iran est l&rsquo;acte de r\u00e9alisme politique indispensable pour s\u00e9curiser le XXIe si\u00e8cle. L&rsquo;Union europ\u00e9enne commettrait une faute historique en restant spectatrice : sa s\u00e9curit\u00e9, sa cr\u00e9dibilit\u00e9 atlantique et ses valeurs d\u00e9mocratiques exigent qu&rsquo;elle prenne sa part du fardeau pour aider \u00e0 abattre une dictature qui menace la paix mondiale et opprime un peuple entier.<\/p>\n","protected":false},"excerpt":{"rendered":"<p>Qualifier cette offensive d&rsquo;\u00ab erreur strat\u00e9gique colossale \u00bb ignore la r\u00e9alit\u00e9 de la menace existentielle que repr\u00e9sentait un Iran nucl\u00e9aire : L&rsquo;abstention europ\u00e9enne n&rsquo;est pas de l\u2019 \u00ab&nbsp;autonomie strat\u00e9gique&nbsp;\u00bb, c&rsquo;est du suicide g\u00e9opolitique \u00e0 long terme. Voici pourquoi l&rsquo;UE doit activement soutenir cette offensive : L&rsquo;intervention europ\u00e9enne ne n\u00e9cessite pas forc\u00e9ment un engagement terrestre massif, [&hellip;]<\/p>\n","protected":false},"author":1,"featured_media":0,"comment_status":"open","ping_status":"open","sticky":false,"template":"","format":"standard","meta":{"_monsterinsights_skip_tracking":false,"_uf_show_specific_survey":0,"_uf_disable_surveys":false,"footnotes":""},"categories":[7,6,55],"tags":[],"class_list":["post-2777","post","type-post","status-publish","format-standard","hentry","category-defense","category-otan","category-souverainisme-europeen"],"_links":{"self":[{"href":"https:\/\/droitemoderniste.be\/index.php\/wp-json\/wp\/v2\/posts\/2777","targetHints":{"allow":["GET"]}}],"collection":[{"href":"https:\/\/droitemoderniste.be\/index.php\/wp-json\/wp\/v2\/posts"}],"about":[{"href":"https:\/\/droitemoderniste.be\/index.php\/wp-json\/wp\/v2\/types\/post"}],"author":[{"embeddable":true,"href":"https:\/\/droitemoderniste.be\/index.php\/wp-json\/wp\/v2\/users\/1"}],"replies":[{"embeddable":true,"href":"https:\/\/droitemoderniste.be\/index.php\/wp-json\/wp\/v2\/comments?post=2777"}],"version-history":[{"count":1,"href":"https:\/\/droitemoderniste.be\/index.php\/wp-json\/wp\/v2\/posts\/2777\/revisions"}],"predecessor-version":[{"id":2779,"href":"https:\/\/droitemoderniste.be\/index.php\/wp-json\/wp\/v2\/posts\/2777\/revisions\/2779"}],"wp:attachment":[{"href":"https:\/\/droitemoderniste.be\/index.php\/wp-json\/wp\/v2\/media?parent=2777"}],"wp:term":[{"taxonomy":"category","embeddable":true,"href":"https:\/\/droitemoderniste.be\/index.php\/wp-json\/wp\/v2\/categories?post=2777"},{"taxonomy":"post_tag","embeddable":true,"href":"https:\/\/droitemoderniste.be\/index.php\/wp-json\/wp\/v2\/tags?post=2777"}],"curies":[{"name":"wp","href":"https:\/\/api.w.org\/{rel}","templated":true}]}}