{"id":2774,"date":"2026-04-04T10:27:44","date_gmt":"2026-04-04T08:27:44","guid":{"rendered":"https:\/\/droitemoderniste.be\/?p=2774"},"modified":"2026-04-04T10:27:44","modified_gmt":"2026-04-04T08:27:44","slug":"energie-stop-au-suicide-economique-renouons-avec-le-realisme-pas-avec-lideologie","status":"publish","type":"post","link":"https:\/\/droitemoderniste.be\/index.php\/2026\/04\/04\/energie-stop-au-suicide-economique-renouons-avec-le-realisme-pas-avec-lideologie\/","title":{"rendered":"\u00c9nergie: stop au suicide \u00e9conomique! Renouons avec le r\u00e9alisme, pas avec l&rsquo;id\u00e9ologie!"},"content":{"rendered":"\n<figure class=\"wp-block-image size-full\"><img loading=\"lazy\" decoding=\"async\" width=\"304\" height=\"166\" src=\"https:\/\/droitemoderniste.be\/wp-content\/uploads\/2026\/04\/petrole.jpg\" alt=\"\" class=\"wp-image-2775\" srcset=\"https:\/\/droitemoderniste.be\/wp-content\/uploads\/2026\/04\/petrole.jpg 304w, https:\/\/droitemoderniste.be\/wp-content\/uploads\/2026\/04\/petrole-300x164.jpg 300w\" sizes=\"auto, (max-width: 304px) 100vw, 304px\" \/><\/figure>\n\n\n\n<p class=\"wp-block-paragraph\">Belges, entrepreneurs, PME : la flamb\u00e9e des prix \u00e9nerg\u00e9tiques due au conflit isra\u00e9lo-iranien nous pr\u00e9cipite vers une vague de faillites sans pr\u00e9c\u00e9dent. Factures qui explosent, usines qui ferment, emplois qui s\u2019envolent : c\u2019est notre souverainet\u00e9 \u00e9conomique qui est en jeu !<\/p>\n\n\n\n<p class=\"wp-block-paragraph\">L\u2019UE a d\u00e9pens\u00e9 des milliards en GNL russe en 2025, malgr\u00e9 les beaux discours de d\u00e9connexion. Pourquoi ? Parce que c\u2019est du concret, du fiable, du moins cher que les alternatives am\u00e9ricaines ou qataries. Mais les technocrates de Bruxelles veulent nous interdire \u00e7a en 2027, au nom d\u2019une \u00ab transition verte \u00bb qui nous ruine aujourd\u2019hui !<\/p>\n\n\n\n<p class=\"wp-block-paragraph\"><strong>Le <mark style=\"background-color:rgba(0, 0, 0, 0);color:#ff6900\" class=\"has-inline-color\">Mouvement Droite Moderniste<\/mark> propose du concret :<\/strong><\/p>\n\n\n\n<ul class=\"wp-block-list\">\n<li><strong>Autorisation imm\u00e9diate d\u2019importations suppl\u00e9mentaires de gaz russe<\/strong>, sous contr\u00f4le strict de l\u2019UE et des \u00c9tats, pour stabiliser les prix et sauver nos industries.<\/li>\n\n\n\n<li><strong>Bouclier tarifaire national<\/strong> : taxes \u00e9nerg\u00e9tiques belges \u00e0 z\u00e9ro pour les PME et l\u2019industrie jusqu\u2019\u00e0 la fin de la crise.<\/li>\n\n\n\n<li><strong>Investissements massifs dans l\u2019\u00e9nergie souveraine<\/strong> : nucl\u00e9aire de nouvelle g\u00e9n\u00e9ration, gazoducs s\u00e9curis\u00e9s, hydrog\u00e8ne bleu \u2013 pas de charlatans \u00e9oliens subventionn\u00e9s !<\/li>\n<\/ul>\n\n\n\n<p class=\"wp-block-paragraph\">On n\u2019est pas na\u00effs : la Russie n\u2019est pas un ami, mais c\u2019est un fournisseur. L\u2019id\u00e9ologie gauchiste nous a co\u00fbt\u00e9 assez cher. La <strong>Droite Moderniste<\/strong> choisit l\u2019intelligence \u00e9conomique : \u00e9nergie abordable MAINTENANT pour prot\u00e9ger les jobs, puis diversification intelligente demain.<\/p>\n\n\n\n<p class=\"wp-block-paragraph\"><strong>Belgique d\u2019abord. R\u00e9alisme avant tout.<\/strong><\/p>\n\n\n\n<p class=\"wp-block-paragraph\">#DroiteModerniste #EnergieReel #SauvonsNosPME<\/p>\n\n\n\n<p class=\"wp-block-paragraph\"><\/p>\n","protected":false},"excerpt":{"rendered":"<p>Belges, entrepreneurs, PME : la flamb\u00e9e des prix \u00e9nerg\u00e9tiques due au conflit isra\u00e9lo-iranien nous pr\u00e9cipite vers une vague de faillites sans pr\u00e9c\u00e9dent. Factures qui explosent, usines qui ferment, emplois qui s\u2019envolent : c\u2019est notre souverainet\u00e9 \u00e9conomique qui est en jeu ! L\u2019UE a d\u00e9pens\u00e9 des milliards en GNL russe en 2025, malgr\u00e9 les beaux discours [&hellip;]<\/p>\n","protected":false},"author":1,"featured_media":0,"comment_status":"open","ping_status":"open","sticky":false,"template":"","format":"standard","meta":{"_monsterinsights_skip_tracking":false,"_uf_show_specific_survey":0,"_uf_disable_surveys":false,"footnotes":""},"categories":[31,47],"tags":[],"class_list":["post-2774","post","type-post","status-publish","format-standard","hentry","category-economie","category-souverainisme"],"_links":{"self":[{"href":"https:\/\/droitemoderniste.be\/index.php\/wp-json\/wp\/v2\/posts\/2774","targetHints":{"allow":["GET"]}}],"collection":[{"href":"https:\/\/droitemoderniste.be\/index.php\/wp-json\/wp\/v2\/posts"}],"about":[{"href":"https:\/\/droitemoderniste.be\/index.php\/wp-json\/wp\/v2\/types\/post"}],"author":[{"embeddable":true,"href":"https:\/\/droitemoderniste.be\/index.php\/wp-json\/wp\/v2\/users\/1"}],"replies":[{"embeddable":true,"href":"https:\/\/droitemoderniste.be\/index.php\/wp-json\/wp\/v2\/comments?post=2774"}],"version-history":[{"count":1,"href":"https:\/\/droitemoderniste.be\/index.php\/wp-json\/wp\/v2\/posts\/2774\/revisions"}],"predecessor-version":[{"id":2776,"href":"https:\/\/droitemoderniste.be\/index.php\/wp-json\/wp\/v2\/posts\/2774\/revisions\/2776"}],"wp:attachment":[{"href":"https:\/\/droitemoderniste.be\/index.php\/wp-json\/wp\/v2\/media?parent=2774"}],"wp:term":[{"taxonomy":"category","embeddable":true,"href":"https:\/\/droitemoderniste.be\/index.php\/wp-json\/wp\/v2\/categories?post=2774"},{"taxonomy":"post_tag","embeddable":true,"href":"https:\/\/droitemoderniste.be\/index.php\/wp-json\/wp\/v2\/tags?post=2774"}],"curies":[{"name":"wp","href":"https:\/\/api.w.org\/{rel}","templated":true}]}}