{"id":2771,"date":"2026-04-03T09:05:07","date_gmt":"2026-04-03T07:05:07","guid":{"rendered":"https:\/\/droitemoderniste.be\/?p=2771"},"modified":"2026-04-03T09:05:07","modified_gmt":"2026-04-03T07:05:07","slug":"la-survie-est-redevenue-un-choix-moral","status":"publish","type":"post","link":"https:\/\/droitemoderniste.be\/index.php\/2026\/04\/03\/la-survie-est-redevenue-un-choix-moral\/","title":{"rendered":"La survie est redevenue un choix moral"},"content":{"rendered":"\n<figure class=\"wp-block-image size-full\"><img loading=\"lazy\" decoding=\"async\" width=\"633\" height=\"306\" src=\"https:\/\/droitemoderniste.be\/wp-content\/uploads\/2026\/04\/migrants.webp\" alt=\"\" class=\"wp-image-2772\" srcset=\"https:\/\/droitemoderniste.be\/wp-content\/uploads\/2026\/04\/migrants.webp 633w, https:\/\/droitemoderniste.be\/wp-content\/uploads\/2026\/04\/migrants-300x145.webp 300w\" sizes=\"auto, (max-width: 633px) 100vw, 633px\" \/><\/figure>\n\n\n\n<p class=\"wp-block-paragraph\">Il y a longtemps qu\u2019on ne d\u00e9fend plus le bon sens \u2014 on l\u2019excuse. \u00c0 force de confondre la g\u00e9n\u00e9rosit\u00e9 et la faiblesse, l\u2019Europe s\u2019est transform\u00e9e en saint la\u00efc qui ouvre les bras pendant qu\u2019on lui vide les poches. On pr\u00eache la charit\u00e9 tout en fermant les yeux sur la faillite du r\u00e9el. On chante la tol\u00e9rance sur les ruines de la s\u00e9curit\u00e9. Et ceux qui osent dire \u00ab\u202fstop\u202f\u00bb sont aussit\u00f4t trait\u00e9s de monstres.<\/p>\n\n\n\n<p class=\"wp-block-paragraph\">Mais la v\u00e9rit\u00e9 n\u2019a rien de moralement correct : c\u00e9der sans discernement, c\u2019est creuser sa propre tombe avec le sourire. L\u2019altruisme qu\u2019on brandit comme une preuve de vertu n\u2019est plus qu\u2019un suicide d\u00e9guis\u00e9 en acte de foi. Ceux qui refusent de voir le danger sont devenus les complices de leur propre effacement. L\u2019\u00e9go\u00efsme s\u00e9curitaire, au contraire, c\u2019est la sant\u00e9 d\u2019un peuple qui se souvient qu\u2019avant de sauver le monde, il faut commencer par sauver sa maison.<\/p>\n\n\n\n<p class=\"wp-block-paragraph\">On nous r\u00e9p\u00e8te que fermer les fronti\u00e8res, contr\u00f4ler les flux, d\u00e9fendre nos valeurs, ce serait \u201cregarder en arri\u00e8re\u201d. Mais que vaut un futur b\u00e2ti sur la na\u00efvet\u00e9\u202f? On ne construit pas une civilisation sur la repentance et le d\u00e9ni. On la garde debout par la vigilance, la fermet\u00e9, la volont\u00e9 de durer. Les nations qui ont surv\u00e9cu ne sont pas celles qui ont tendu la joue, mais celles qui ont tenu la garde.<\/p>\n\n\n\n<p class=\"wp-block-paragraph\">Le monde n\u2019est pas un concours de vertu. C\u2019est une ar\u00e8ne. Et dans cette ar\u00e8ne, l\u2019altruisme suicidaire fait des victimes, pas des h\u00e9ros. Pendant qu\u2019on s\u2019excuse d\u2019exister, d\u2019autres avancent sans g\u00eane, imposent leurs r\u00e8gles, dictent leurs lois. L\u2019Europe bien-pensante s\u2019agenouille quand les autres serrent les rangs.<\/p>\n\n\n\n<p class=\"wp-block-paragraph\">Alors oui, il faut le dire haut et fort\u202f: aimer les siens n\u2019est pas une honte, c\u2019est un devoir. Pr\u00e9f\u00e9rer la survie \u00e0 la soumission n\u2019est pas un p\u00e9ch\u00e9, c\u2019est un r\u00e9flexe vital. L\u2019\u00e9go\u00efsme s\u00e9curitaire n\u2019est pas une fermeture, c\u2019est une respiration. C\u2019est le sursaut d\u2019un peuple qui refuse de dispara\u00eetre pour plaire \u00e0 sa propre culpabilit\u00e9.<\/p>\n\n\n\n<p class=\"wp-block-paragraph\">Qu\u2019on le veuille ou non, la survie est redevenue un choix moral. Et dans ce choix, il n\u2019y a plus de place pour les anges d\u00e9sarm\u00e9s.<\/p>\n","protected":false},"excerpt":{"rendered":"<p>Il y a longtemps qu\u2019on ne d\u00e9fend plus le bon sens \u2014 on l\u2019excuse. \u00c0 force de confondre la g\u00e9n\u00e9rosit\u00e9 et la faiblesse, l\u2019Europe s\u2019est transform\u00e9e en saint la\u00efc qui ouvre les bras pendant qu\u2019on lui vide les poches. On pr\u00eache la charit\u00e9 tout en fermant les yeux sur la faillite du r\u00e9el. On chante [&hellip;]<\/p>\n","protected":false},"author":1,"featured_media":0,"comment_status":"open","ping_status":"open","sticky":false,"template":"","format":"standard","meta":{"_monsterinsights_skip_tracking":false,"_uf_show_specific_survey":0,"_uf_disable_surveys":false,"footnotes":""},"categories":[1,47],"tags":[],"class_list":["post-2771","post","type-post","status-publish","format-standard","hentry","category-immigration","category-souverainisme"],"_links":{"self":[{"href":"https:\/\/droitemoderniste.be\/index.php\/wp-json\/wp\/v2\/posts\/2771","targetHints":{"allow":["GET"]}}],"collection":[{"href":"https:\/\/droitemoderniste.be\/index.php\/wp-json\/wp\/v2\/posts"}],"about":[{"href":"https:\/\/droitemoderniste.be\/index.php\/wp-json\/wp\/v2\/types\/post"}],"author":[{"embeddable":true,"href":"https:\/\/droitemoderniste.be\/index.php\/wp-json\/wp\/v2\/users\/1"}],"replies":[{"embeddable":true,"href":"https:\/\/droitemoderniste.be\/index.php\/wp-json\/wp\/v2\/comments?post=2771"}],"version-history":[{"count":1,"href":"https:\/\/droitemoderniste.be\/index.php\/wp-json\/wp\/v2\/posts\/2771\/revisions"}],"predecessor-version":[{"id":2773,"href":"https:\/\/droitemoderniste.be\/index.php\/wp-json\/wp\/v2\/posts\/2771\/revisions\/2773"}],"wp:attachment":[{"href":"https:\/\/droitemoderniste.be\/index.php\/wp-json\/wp\/v2\/media?parent=2771"}],"wp:term":[{"taxonomy":"category","embeddable":true,"href":"https:\/\/droitemoderniste.be\/index.php\/wp-json\/wp\/v2\/categories?post=2771"},{"taxonomy":"post_tag","embeddable":true,"href":"https:\/\/droitemoderniste.be\/index.php\/wp-json\/wp\/v2\/tags?post=2771"}],"curies":[{"name":"wp","href":"https:\/\/api.w.org\/{rel}","templated":true}]}}